{"id":48901,"date":"2025-04-14T09:46:35","date_gmt":"2025-04-14T12:46:35","guid":{"rendered":"https:\/\/grupotiempodigital.com.ar\/?p=48901"},"modified":"2025-04-14T16:24:55","modified_gmt":"2025-04-14T19:24:55","slug":"jefatura-de-policia-comunal-de-general-paz-informa","status":"publish","type":"post","link":"https:\/\/grupotiempodigital.com.ar\/?p=48901","title":{"rendered":"JEFATURA DE POLIC\u00cdA COMUNAL DE GENERAL PAZ INFORMA:"},"content":{"rendered":"\n<figure class=\"wp-block-image aligncenter size-large\"><img loading=\"lazy\" decoding=\"async\" width=\"1024\" height=\"768\" src=\"https:\/\/grupotiempodigital.com.ar\/wp-content\/uploads\/2021\/11\/Comisaria-2021-1024x768.jpeg\" alt=\"\" class=\"wp-image-35577\" srcset=\"https:\/\/grupotiempodigital.com.ar\/wp-content\/uploads\/2021\/11\/Comisaria-2021-1024x768.jpeg 1024w, https:\/\/grupotiempodigital.com.ar\/wp-content\/uploads\/2021\/11\/Comisaria-2021-300x225.jpeg 300w, https:\/\/grupotiempodigital.com.ar\/wp-content\/uploads\/2021\/11\/Comisaria-2021-768x576.jpeg 768w, https:\/\/grupotiempodigital.com.ar\/wp-content\/uploads\/2021\/11\/Comisaria-2021-1536x1152.jpeg 1536w, https:\/\/grupotiempodigital.com.ar\/wp-content\/uploads\/2021\/11\/Comisaria-2021-160x120.jpeg 160w, https:\/\/grupotiempodigital.com.ar\/wp-content\/uploads\/2021\/11\/Comisaria-2021.jpeg 1600w\" sizes=\"auto, (max-width: 1024px) 100vw, 1024px\" \/><\/figure>\n\n\n\n<p>Comunicado de Prensa;<\/p>\n\n\n\n<p>Se informa a los Medios de Comunicaci\u00f3n Locales, que con fecha 09\/04\/2025 se procedi\u00f3 a la aprehensi\u00f3n de tres sujetos masculinos, oriundos de la ciudad de La Plata, que circulaban por ruta pcial. 29, provenientes de la localidad vecina de Gral. Belgrano, en camioneta Wolsvagen Amarok, la cual al ser interceptada en Operativo de Prevenci\u00f3n, arroja que posee un pedido de secuestro activo por el delito de Robo, de fecha 22\/10\/24 ILICITO acaecido en la Ciudad de La Plata, motivo por el cual se procede a su secuestro y Comunicaci\u00f3n con la UFI NRO. 5 de La Plata, disponiendo a posteriori la libertad de los ocupantes y secuestro del rodado en que se movilizaban.<\/p>\n\n\n\n<figure class=\"wp-block-image aligncenter size-full\"><img loading=\"lazy\" decoding=\"async\" width=\"468\" height=\"305\" src=\"https:\/\/grupotiempodigital.com.ar\/wp-content\/uploads\/2025\/04\/1-4.jpg\" alt=\"\" class=\"wp-image-48902\" srcset=\"https:\/\/grupotiempodigital.com.ar\/wp-content\/uploads\/2025\/04\/1-4.jpg 468w, https:\/\/grupotiempodigital.com.ar\/wp-content\/uploads\/2025\/04\/1-4-300x196.jpg 300w\" sizes=\"auto, (max-width: 468px) 100vw, 468px\" \/><\/figure>\n\n\n\n<p>Fecha 12\/04\/2025 se toma conocimiento de que un sujeto masculino, mayor de edad, estaba intentando da\u00f1ar c\u00e1maras de Monitoreo Municipal, instaladas en v\u00eda p\u00fablica, demor\u00e1ndose al mismo, quien presentar\u00eda alteraciones en su salud mental, motivo por el cual fue trasladado al Nosoconio Local, para su evaluaci\u00f3n por galenos de la tem\u00e1tica, mismo sujeto tambi\u00e9n se determina a posteriori que hab\u00eda da\u00f1ado c\u00e1maras privadas pertenecientes a un vecino, que radico denuncia por dicho Da\u00f1o.<\/p>\n\n\n\n<figure class=\"wp-block-image aligncenter size-full\"><img loading=\"lazy\" decoding=\"async\" width=\"480\" height=\"305\" src=\"https:\/\/grupotiempodigital.com.ar\/wp-content\/uploads\/2025\/04\/2-4.jpg\" alt=\"\" class=\"wp-image-48903\" srcset=\"https:\/\/grupotiempodigital.com.ar\/wp-content\/uploads\/2025\/04\/2-4.jpg 480w, https:\/\/grupotiempodigital.com.ar\/wp-content\/uploads\/2025\/04\/2-4-300x191.jpg 300w\" sizes=\"auto, (max-width: 480px) 100vw, 480px\" \/><\/figure>\n\n\n\n<p>Fecha 12\/04\/2025 se recepciona llamado telef\u00f3nico dando cuenta que en un comercio de esta localidad, una mujer, hab\u00eda SUSTRAIDO un tel\u00e9fono celular perteneciente a la due\u00f1a del comercio, se logra la Interceptaci\u00f3n de dicha femenina en v\u00eda p\u00fablica y se recupera el tel\u00e9fono sustra\u00eddo, siendo imputada del delito de Hurto,\u00a0 tomando intervenci\u00f3n la Ayudant\u00eda Fiscal Local.<\/p>\n\n\n\n<figure class=\"wp-block-image aligncenter size-full\"><img loading=\"lazy\" decoding=\"async\" width=\"546\" height=\"402\" src=\"https:\/\/grupotiempodigital.com.ar\/wp-content\/uploads\/2025\/04\/3-2.jpg\" alt=\"\" class=\"wp-image-48904\" srcset=\"https:\/\/grupotiempodigital.com.ar\/wp-content\/uploads\/2025\/04\/3-2.jpg 546w, https:\/\/grupotiempodigital.com.ar\/wp-content\/uploads\/2025\/04\/3-2-300x221.jpg 300w\" sizes=\"auto, (max-width: 546px) 100vw, 546px\" \/><\/figure>\n\n\n\n<p>Fecha 12\/04\/2025 se da inicio a actuaciones caratuladas Av. De Paradero, en d\u00f3nde se daba cuenta que en la localidad de Villanueva, una pareja oriunda de San Miguel del Monte, en momentos que ambos trabajaban en una obra en construcci\u00f3n propiedad de los mismos, discuten y una de las partes decide ausentarse, caminando con rumbo desconocido. Al correr las horas y perder contacto su pareja, radica denuncia y personal policial interviniente, luego de varias horas de b\u00fasqueda y rastrillaje, se logra dar con dicha persona quien, se encontraba en buenas condiciones de salud, labrandose las diligencias judiciales de rigor, luego de lo cu\u00e1l fue contenida por familiares que la aguardaban,&nbsp; regresando a la ciudad de San Miguel del Monte.<\/p>\n\n\n\n<p><strong>Fdo. Lucas Adri\u00e1n Andersen Jefe Polic\u00eda Seguridad Comunal Gral Paz.<\/strong><\/p>\n","protected":false},"excerpt":{"rendered":"<p>Comunicado de Prensa; Se informa a los Medios de Comunicaci\u00f3n Locales, que con fecha 09\/04\/2025 se procedi\u00f3 a la aprehensi\u00f3n<\/p>\n","protected":false},"author":3,"featured_media":35577,"comment_status":"open","ping_status":"open","sticky":false,"template":"","format":"standard","meta":{"colormag_page_container_layout":"default_layout","colormag_page_sidebar_layout":"default_layout","footnotes":""},"categories":[1],"tags":[],"class_list":["post-48901","post","type-post","status-publish","format-standard","has-post-thumbnail","hentry","category-actualidad"],"_links":{"self":[{"href":"https:\/\/grupotiempodigital.com.ar\/index.php?rest_route=\/wp\/v2\/posts\/48901","targetHints":{"allow":["GET"]}}],"collection":[{"href":"https:\/\/grupotiempodigital.com.ar\/index.php?rest_route=\/wp\/v2\/posts"}],"about":[{"href":"https:\/\/grupotiempodigital.com.ar\/index.php?rest_route=\/wp\/v2\/types\/post"}],"author":[{"embeddable":true,"href":"https:\/\/grupotiempodigital.com.ar\/index.php?rest_route=\/wp\/v2\/users\/3"}],"replies":[{"embeddable":true,"href":"https:\/\/grupotiempodigital.com.ar\/index.php?rest_route=%2Fwp%2Fv2%2Fcomments&post=48901"}],"version-history":[{"count":1,"href":"https:\/\/grupotiempodigital.com.ar\/index.php?rest_route=\/wp\/v2\/posts\/48901\/revisions"}],"predecessor-version":[{"id":48905,"href":"https:\/\/grupotiempodigital.com.ar\/index.php?rest_route=\/wp\/v2\/posts\/48901\/revisions\/48905"}],"wp:featuredmedia":[{"embeddable":true,"href":"https:\/\/grupotiempodigital.com.ar\/index.php?rest_route=\/wp\/v2\/media\/35577"}],"wp:attachment":[{"href":"https:\/\/grupotiempodigital.com.ar\/index.php?rest_route=%2Fwp%2Fv2%2Fmedia&parent=48901"}],"wp:term":[{"taxonomy":"category","embeddable":true,"href":"https:\/\/grupotiempodigital.com.ar\/index.php?rest_route=%2Fwp%2Fv2%2Fcategories&post=48901"},{"taxonomy":"post_tag","embeddable":true,"href":"https:\/\/grupotiempodigital.com.ar\/index.php?rest_route=%2Fwp%2Fv2%2Ftags&post=48901"}],"curies":[{"name":"wp","href":"https:\/\/api.w.org\/{rel}","templated":true}]}}