{"id":48898,"date":"2025-04-14T09:03:15","date_gmt":"2025-04-14T12:03:15","guid":{"rendered":"https:\/\/grupotiempodigital.com.ar\/?p=48898"},"modified":"2025-04-14T16:24:38","modified_gmt":"2025-04-14T19:24:38","slug":"atletico-ranchos-recibio-al-club-belgrano","status":"publish","type":"post","link":"https:\/\/grupotiempodigital.com.ar\/?p=48898","title":{"rendered":"Atl\u00e9tico Ranchos recibi\u00f3 al Club Belgrano"},"content":{"rendered":"\n<figure class=\"wp-block-image aligncenter size-full\"><img loading=\"lazy\" decoding=\"async\" width=\"160\" height=\"160\" src=\"https:\/\/grupotiempodigital.com.ar\/wp-content\/uploads\/2024\/09\/LOGO-ATLETICO-1.jpg\" alt=\"\" class=\"wp-image-47053\" srcset=\"https:\/\/grupotiempodigital.com.ar\/wp-content\/uploads\/2024\/09\/LOGO-ATLETICO-1.jpg 160w, https:\/\/grupotiempodigital.com.ar\/wp-content\/uploads\/2024\/09\/LOGO-ATLETICO-1-150x150.jpg 150w\" sizes=\"auto, (max-width: 160px) 100vw, 160px\" \/><\/figure>\n\n\n\n<p><strong>FECHA 5 | RESULTADOS<\/strong><\/p>\n\n\n\n<p>El verdinegro recibi\u00f3 al Club Belgrano para disputar la quinta fecha del Apertura. En esta oportunidad, las divisiones juveniles jugaron el s\u00e1bado y as\u00ed resultaron los partidos:<\/p>\n\n\n\n<p>S\u00e9ptima divisi\u00f3n: 2-1<\/p>\n\n\n\n<p>\u26bd\ufe0f Thiago \u00c1vila y Gonzalo Busato<\/p>\n\n\n\n<p>Sexta divisi\u00f3n: 1-1<\/p>\n\n\n\n<p>\u26bd\ufe0f Jorge Sanessoure&nbsp;<\/p>\n\n\n\n<p>Quinta divisi\u00f3n: 0-2<\/p>\n\n\n\n<p>Cuarta divisi\u00f3n: 1-0<\/p>\n\n\n\n<p>\u26bd\ufe0f Lucio Cortes&nbsp;<\/p>\n\n\n\n<p>El domingo, las jugadoras del f\u00fatbol femenino empataron 2-2 jugando en casa. Florencia Allan convirti\u00f3 los dos goles del verdinegro. Tercera divisi\u00f3n cay\u00f3 por 1-3. Rom\u00e1n \u00c1vila anot\u00f3 el \u00fanico gol del equipo local. Por su parte, el conjunto mayor, el equipo del \u00f1ato, volvi\u00f3 a ganar. Este equipo est\u00e1 imparable y consigui\u00f3 los 3 puntos tras ganarle 1-0 al Club Belgrano. Renzo Genaro fue el autor del gol ranchero.<\/p>\n\n\n\n<p class=\"has-text-align-right\"><strong>(Prensa CAR)<\/strong><\/p>\n","protected":false},"excerpt":{"rendered":"<p>FECHA 5 | RESULTADOS El verdinegro recibi\u00f3 al Club Belgrano para disputar la quinta fecha del Apertura. En esta oportunidad,<\/p>\n","protected":false},"author":3,"featured_media":47053,"comment_status":"open","ping_status":"open","sticky":false,"template":"","format":"standard","meta":{"colormag_page_container_layout":"default_layout","colormag_page_sidebar_layout":"default_layout","footnotes":""},"categories":[1],"tags":[],"class_list":["post-48898","post","type-post","status-publish","format-standard","has-post-thumbnail","hentry","category-actualidad"],"_links":{"self":[{"href":"https:\/\/grupotiempodigital.com.ar\/index.php?rest_route=\/wp\/v2\/posts\/48898","targetHints":{"allow":["GET"]}}],"collection":[{"href":"https:\/\/grupotiempodigital.com.ar\/index.php?rest_route=\/wp\/v2\/posts"}],"about":[{"href":"https:\/\/grupotiempodigital.com.ar\/index.php?rest_route=\/wp\/v2\/types\/post"}],"author":[{"embeddable":true,"href":"https:\/\/grupotiempodigital.com.ar\/index.php?rest_route=\/wp\/v2\/users\/3"}],"replies":[{"embeddable":true,"href":"https:\/\/grupotiempodigital.com.ar\/index.php?rest_route=%2Fwp%2Fv2%2Fcomments&post=48898"}],"version-history":[{"count":2,"href":"https:\/\/grupotiempodigital.com.ar\/index.php?rest_route=\/wp\/v2\/posts\/48898\/revisions"}],"predecessor-version":[{"id":48900,"href":"https:\/\/grupotiempodigital.com.ar\/index.php?rest_route=\/wp\/v2\/posts\/48898\/revisions\/48900"}],"wp:featuredmedia":[{"embeddable":true,"href":"https:\/\/grupotiempodigital.com.ar\/index.php?rest_route=\/wp\/v2\/media\/47053"}],"wp:attachment":[{"href":"https:\/\/grupotiempodigital.com.ar\/index.php?rest_route=%2Fwp%2Fv2%2Fmedia&parent=48898"}],"wp:term":[{"taxonomy":"category","embeddable":true,"href":"https:\/\/grupotiempodigital.com.ar\/index.php?rest_route=%2Fwp%2Fv2%2Fcategories&post=48898"},{"taxonomy":"post_tag","embeddable":true,"href":"https:\/\/grupotiempodigital.com.ar\/index.php?rest_route=%2Fwp%2Fv2%2Ftags&post=48898"}],"curies":[{"name":"wp","href":"https:\/\/api.w.org\/{rel}","templated":true}]}}