{"id":48889,"date":"2025-04-11T19:19:03","date_gmt":"2025-04-11T22:19:03","guid":{"rendered":"https:\/\/grupotiempodigital.com.ar\/?p=48889"},"modified":"2025-04-11T19:19:03","modified_gmt":"2025-04-11T22:19:03","slug":"general-paz-absa-invertira-mas-de-473-millones-de-pesos-en-obras-cloacales","status":"publish","type":"post","link":"https:\/\/grupotiempodigital.com.ar\/?p=48889","title":{"rendered":"General Paz: ABSA invertir\u00e1 m\u00e1s de 473 millones de pesos en obras cloacales"},"content":{"rendered":"\n<p class=\"has-medium-font-size\">El presidente de ABSA, Hugo Obed, y el intendente de General Paz, Juan Manuel \u00c1lvarez, participaron de la apertura de sobres de la Licitaci\u00f3n Privada 18\/2025 para el \u201cTendido de Ca\u00f1er\u00eda Cloacal y Reacondicionamiento de Estaci\u00f3n de Bombeo \u2013 Localidad de Ranchos\u201d, cuyo presupuesto oficial asciende a $ 473.613.000,00 + I.V.A.<\/p>\n\n\n\n<p class=\"has-medium-font-size\">Respecto al tendido de la red cloacal, la obra consiste en la ejecuci\u00f3n de Ca\u00f1er\u00eda de Red Colectora Cloacal, incluidas las bocas de registro, empalmes, tendido de redes subsidiarias y conexiones domiciliarias.<\/p>\n\n\n\n<p class=\"has-medium-font-size\">En el caso del Reacondicionamiento de la Estaci\u00f3n de Bombeo, las tareas contemplan el sistema de reja \u2013 canasto y compuerta. Tambi\u00e9n se instalar\u00e1 un sistema de izaje de bombas con aparejo el\u00e9ctrico sujeto a un p\u00f3rtico construido con perfiles de acero.<\/p>\n\n\n\n<p class=\"has-medium-font-size\">El acto se desarroll\u00f3 en las oficinas de ABSA en La Plata y cont\u00f3 con el acompa\u00f1amiento del Director Empresarial, Esteban Spivak, y del Gerente de Administraci\u00f3n y Finanzas, Federico Stiz.<\/p>\n\n\n\n<p class=\"has-medium-font-size\">La propuesta, proyectada con fondos de ABSA, busca incorporar nuevas personas usuarias a la red cloacal de la localidad, brindando seguridad sanitaria y mejoras en la calidad de vida. Adem\u00e1s de mejorar la prestaci\u00f3n de instalaciones existentes, beneficiando a toda la comunidad.<\/p>\n\n\n\n<p class=\"has-medium-font-size\"><\/p>\n","protected":false},"excerpt":{"rendered":"<p>El presidente de ABSA, Hugo Obed, y el intendente de General Paz, Juan Manuel \u00c1lvarez, participaron de la apertura de<\/p>\n","protected":false},"author":3,"featured_media":48890,"comment_status":"open","ping_status":"open","sticky":false,"template":"","format":"standard","meta":{"colormag_page_container_layout":"default_layout","colormag_page_sidebar_layout":"default_layout","footnotes":""},"categories":[1],"tags":[],"class_list":["post-48889","post","type-post","status-publish","format-standard","has-post-thumbnail","hentry","category-actualidad"],"_links":{"self":[{"href":"https:\/\/grupotiempodigital.com.ar\/index.php?rest_route=\/wp\/v2\/posts\/48889","targetHints":{"allow":["GET"]}}],"collection":[{"href":"https:\/\/grupotiempodigital.com.ar\/index.php?rest_route=\/wp\/v2\/posts"}],"about":[{"href":"https:\/\/grupotiempodigital.com.ar\/index.php?rest_route=\/wp\/v2\/types\/post"}],"author":[{"embeddable":true,"href":"https:\/\/grupotiempodigital.com.ar\/index.php?rest_route=\/wp\/v2\/users\/3"}],"replies":[{"embeddable":true,"href":"https:\/\/grupotiempodigital.com.ar\/index.php?rest_route=%2Fwp%2Fv2%2Fcomments&post=48889"}],"version-history":[{"count":1,"href":"https:\/\/grupotiempodigital.com.ar\/index.php?rest_route=\/wp\/v2\/posts\/48889\/revisions"}],"predecessor-version":[{"id":48891,"href":"https:\/\/grupotiempodigital.com.ar\/index.php?rest_route=\/wp\/v2\/posts\/48889\/revisions\/48891"}],"wp:featuredmedia":[{"embeddable":true,"href":"https:\/\/grupotiempodigital.com.ar\/index.php?rest_route=\/wp\/v2\/media\/48890"}],"wp:attachment":[{"href":"https:\/\/grupotiempodigital.com.ar\/index.php?rest_route=%2Fwp%2Fv2%2Fmedia&parent=48889"}],"wp:term":[{"taxonomy":"category","embeddable":true,"href":"https:\/\/grupotiempodigital.com.ar\/index.php?rest_route=%2Fwp%2Fv2%2Fcategories&post=48889"},{"taxonomy":"post_tag","embeddable":true,"href":"https:\/\/grupotiempodigital.com.ar\/index.php?rest_route=%2Fwp%2Fv2%2Ftags&post=48889"}],"curies":[{"name":"wp","href":"https:\/\/api.w.org\/{rel}","templated":true}]}}