{"id":48884,"date":"2025-04-11T12:04:38","date_gmt":"2025-04-11T15:04:38","guid":{"rendered":"https:\/\/grupotiempodigital.com.ar\/?p=48884"},"modified":"2025-04-11T12:04:39","modified_gmt":"2025-04-11T15:04:39","slug":"el-ministerio-de-transporte-lleva-a-la-justicia-a-las-paginas-de-vtv-truchas","status":"publish","type":"post","link":"https:\/\/grupotiempodigital.com.ar\/?p=48884","title":{"rendered":"El Ministerio de Transporte lleva a la Justicia a las p\u00e1ginas de VTV truchas"},"content":{"rendered":"\n<p class=\"has-medium-font-size\"><em><strong>El ministerio que lidera Mart\u00edn Marinucci, denunci\u00f3 a portales que ofrec\u00edan la c\u00e9dula de Verificaci\u00f3n T\u00e9cnica Vehicular ap\u00f3crifa. \u201cLa seguridad no se negocia. Los coches que no cumplen con las medidas oficiales representan un riesgo grave\u201d, sentenci\u00f3 el funcionario.<\/strong><\/em><\/p>\n\n\n\n<p>En los \u00faltimos d\u00edas, luego de varias semanas de investigaci\u00f3n, el Ministerio de Transporte de la provincia de Buenos Aires, a cargo de Mart\u00edn Marinucci, denunci\u00f3 a un total de 62 p\u00e1ginas de Verificaci\u00f3n T\u00e9cnica Vehicular (VTV). La medida fue tomada luego de que la Direcci\u00f3n Provincial de VTV constatar\u00e1 el ofrecimiento del servicio de manera ilegal.<\/p>\n\n\n\n<p>En ese marco, se denunci\u00f3 penalmente ante la Justicia y se reforzaron las medidas semanas a semana. Por caso, en el primer monitoreo se dio con 16 p\u00e1ginas truchas en \u201cmarket place\u201d de la red social Facebook. Mientras que, en los d\u00edas posteriores se dio con 46 perfiles de la misma \u00edndole.&nbsp;<\/p>\n\n\n\n<p>\u201cLa seguridad no se negocia\u201d, sentenci\u00f3 Marinucci en ese sentido y agreg\u00f3: \u201cDesde nuestro lugar debemos garantizar la transparencia y la seguridad, por eso denunciamos las p\u00e1ginas y propagadores de obleas de VTV falsificadas\u201d.<\/p>\n\n\n\n<p>\u201cTampoco podemos permitir veh\u00edculos que circulen con una c\u00e9dula de verificaci\u00f3n falsa, es un riesgo grave para cada conductor, para cada vecina y vecino\u201d, complet\u00f3 el Ministro.<\/p>\n\n\n\n<p>As\u00ed, remarc\u00f3 la importancia de realizar la verificaci\u00f3n en las plantas oficiales de VTV que \u201ccuentan con equipamiento y tecnolog\u00eda de avanzada para controlar los coches y motos\u201d.<\/p>\n\n\n\n<p>Asimismo, el Ministro explic\u00f3 que \u201cno solo se trata de una estafa, las personas que falsifican documentos oficiales se exponen al accionar judicial. Por ahorrarse un tr\u00e1mite no solo ponen en riesgo su vida, sino que cumplen con un delito penal\u201d.&nbsp;<\/p>\n\n\n\n<p>La denuncia del Ministerio se enmarca en la lucha por consolidar la transparencia en los procesos administrativos. De esa manera, no solo solicita a la Justicia investigar a los titulares de cada p\u00e1gina sino a posibles encubridores del delito.&nbsp;<\/p>\n\n\n\n<p>En ese sentido, el Ministerio de Transporte contin\u00faa trabajando en la transparencia y en los \u00faltimos d\u00edas se puso en funcionamiento el nuevo sistema de gesti\u00f3n online para los Juzgados de Faltas del Gobierno bonaerense y optimiz\u00f3 el proceso de consulta y pago digital de infracciones de tr\u00e1nsito. Dicha medida permite ordenar y agilizar los tr\u00e1mites para beneficio de las y los usuarios.<\/p>\n","protected":false},"excerpt":{"rendered":"<p>El ministerio que lidera Mart\u00edn Marinucci, denunci\u00f3 a portales que ofrec\u00edan la c\u00e9dula de Verificaci\u00f3n T\u00e9cnica Vehicular ap\u00f3crifa. \u201cLa seguridad<\/p>\n","protected":false},"author":3,"featured_media":44581,"comment_status":"open","ping_status":"open","sticky":false,"template":"","format":"standard","meta":{"colormag_page_container_layout":"default_layout","colormag_page_sidebar_layout":"default_layout","footnotes":""},"categories":[1],"tags":[],"class_list":["post-48884","post","type-post","status-publish","format-standard","has-post-thumbnail","hentry","category-actualidad"],"_links":{"self":[{"href":"https:\/\/grupotiempodigital.com.ar\/index.php?rest_route=\/wp\/v2\/posts\/48884","targetHints":{"allow":["GET"]}}],"collection":[{"href":"https:\/\/grupotiempodigital.com.ar\/index.php?rest_route=\/wp\/v2\/posts"}],"about":[{"href":"https:\/\/grupotiempodigital.com.ar\/index.php?rest_route=\/wp\/v2\/types\/post"}],"author":[{"embeddable":true,"href":"https:\/\/grupotiempodigital.com.ar\/index.php?rest_route=\/wp\/v2\/users\/3"}],"replies":[{"embeddable":true,"href":"https:\/\/grupotiempodigital.com.ar\/index.php?rest_route=%2Fwp%2Fv2%2Fcomments&post=48884"}],"version-history":[{"count":1,"href":"https:\/\/grupotiempodigital.com.ar\/index.php?rest_route=\/wp\/v2\/posts\/48884\/revisions"}],"predecessor-version":[{"id":48885,"href":"https:\/\/grupotiempodigital.com.ar\/index.php?rest_route=\/wp\/v2\/posts\/48884\/revisions\/48885"}],"wp:featuredmedia":[{"embeddable":true,"href":"https:\/\/grupotiempodigital.com.ar\/index.php?rest_route=\/wp\/v2\/media\/44581"}],"wp:attachment":[{"href":"https:\/\/grupotiempodigital.com.ar\/index.php?rest_route=%2Fwp%2Fv2%2Fmedia&parent=48884"}],"wp:term":[{"taxonomy":"category","embeddable":true,"href":"https:\/\/grupotiempodigital.com.ar\/index.php?rest_route=%2Fwp%2Fv2%2Fcategories&post=48884"},{"taxonomy":"post_tag","embeddable":true,"href":"https:\/\/grupotiempodigital.com.ar\/index.php?rest_route=%2Fwp%2Fv2%2Ftags&post=48884"}],"curies":[{"name":"wp","href":"https:\/\/api.w.org\/{rel}","templated":true}]}}