{"id":48879,"date":"2025-04-11T08:44:13","date_gmt":"2025-04-11T11:44:13","guid":{"rendered":"https:\/\/grupotiempodigital.com.ar\/?p=48879"},"modified":"2025-04-11T08:44:14","modified_gmt":"2025-04-11T11:44:14","slug":"efemerides-del-11-de-abril","status":"publish","type":"post","link":"https:\/\/grupotiempodigital.com.ar\/?p=48879","title":{"rendered":"Efem\u00e9rides del 11 de abril"},"content":{"rendered":"\n<p><strong><a href=\"https:\/\/www.tycsports.com\/interes-general\/efemerides\/dia-mundial-del-parkinson-por-que-se-celebra-este-11-de-abril-id425834.html\" target=\"_blank\" rel=\"noreferrer noopener\">MAL DE PARKINSON<\/a>. Desde 1997 se celebra el D\u00eda Mundial del Mal de Parkinson, instituido por la Organizaci\u00f3n Mundial de la Salud en conmemoraci\u00f3n de la fecha de 1755 en la que naci\u00f3 el m\u00e9dico brit\u00e1nico James Parkinson, autor de varios trabajos sobre la enfermedad del sistema nervioso que describi\u00f3 como \u201cpar\u00e1lisis agitante\u201d y que lleva su nombre.<\/strong><strong><\/strong><\/p>\n\n\n\n<p><strong>\u00b7&nbsp; 1828 &#8211; BAH\u00cdA BLANCA. El coronel Ram\u00f3n Bernab\u00e9 Estomba funda la Fortaleza Protectora Argentina, la actual ciudad bonaerense de Bah\u00eda Blanca, un fuerte destinado a proteger el ganado de los ataques de los indios y los de la flota de Brasil, que hab\u00eda desembarcado en la zona en 1827.<\/strong><\/p>\n\n\n\n<p><strong>\u00b7&nbsp; 1870 &#8211; JUSTO J. DE URQUIZA. A la edad de 68 a\u00f1os muere asesinado en su residencia del Palacio San Jos\u00e9 (Entre R\u00edos) el pol\u00edtico y militar Justo Jos\u00e9 de Urquiza, presidente de la Confederaci\u00f3n Argentina entre 1854 y 1860 y varias veces gobernador entrerriano.<\/strong><\/p>\n\n\n\n<p><strong>\u00b7&nbsp; 1919 &#8211; FUNDACI\u00d3N OITS. Se funda en la ciudad suiza de Ginebra la Organizaci\u00f3n Mundial del Trabajo, entidad de las Naciones Unidas dedicada a la legislaci\u00f3n y las relaciones laborales.<\/strong><\/p>\n\n\n\n<p><strong>\u00b7&nbsp; 1965 &#8211; VICTORIO CASA. El delantero de San Lorenzo de Almagro Victorio Casa es baleado por un centinela de la Escuela Superior de Mec\u00e1nica de la Armada (ESMA) luego de haber estacionado su autom\u00f3vil frente a la sede de la instituci\u00f3n en el barrio porte\u00f1o de Nu\u00f1ez, donde estaba prohibido. El futbolista recibi\u00f3 heridas que le costaron la amputaci\u00f3n del brazo derecho.<\/strong><\/p>\n\n\n\n<p><strong>\u00b7&nbsp; 1987 &#8211; JOSS STONE. Nace en el municipio de Kent (Dover, Reino Unido) la cantante y compositora brit\u00e1nica de soul R&amp;B y blues Joss Stone (Joscelyn Eve Stoker), famosa por su expresiva y emotiva voz y una de las m\u00e1s exitosas de su generaci\u00f3n. Lleva vendidos m\u00e1s de 15 millones de discos.<\/strong><\/p>\n\n\n\n<p><strong>\u00b7&nbsp; 2001 &#8211; MAYOR GOLEADA. En las eliminatorias de Ocean\u00eda para el Mundial de Corea-Jap\u00f3n 2002, la selecci\u00f3n de Australia derrota a la de Samoa Americana por 31 a 0, m\u00e1xima goleada de la historia del f\u00fatbol.<\/strong><\/p>\n\n\n\n<p><strong>\u00b7&nbsp; 2014 &#8211; ALFREDO ALC\u00d3N. A la edad de 84 a\u00f1os muere en Buenos Aires el actor y director teatral Alfredo Alc\u00f3n ( Alfredo F\u00e9lix Alc\u00f3n Riesco), considerado el m\u00e1ximo exponente del teatro cl\u00e1sico en la Argentina. Gan\u00f3 seis premios Mart\u00edn Fierro, entre otros galardones, y film\u00f3 alrededor de 50 pel\u00edculas.<\/strong><\/p>\n","protected":false},"excerpt":{"rendered":"<p>MAL DE PARKINSON. Desde 1997 se celebra el D\u00eda Mundial del Mal de Parkinson, instituido por la Organizaci\u00f3n Mundial de<\/p>\n","protected":false},"author":3,"featured_media":47067,"comment_status":"open","ping_status":"open","sticky":false,"template":"","format":"standard","meta":{"colormag_page_container_layout":"default_layout","colormag_page_sidebar_layout":"default_layout","footnotes":""},"categories":[1],"tags":[],"class_list":["post-48879","post","type-post","status-publish","format-standard","has-post-thumbnail","hentry","category-actualidad"],"_links":{"self":[{"href":"https:\/\/grupotiempodigital.com.ar\/index.php?rest_route=\/wp\/v2\/posts\/48879","targetHints":{"allow":["GET"]}}],"collection":[{"href":"https:\/\/grupotiempodigital.com.ar\/index.php?rest_route=\/wp\/v2\/posts"}],"about":[{"href":"https:\/\/grupotiempodigital.com.ar\/index.php?rest_route=\/wp\/v2\/types\/post"}],"author":[{"embeddable":true,"href":"https:\/\/grupotiempodigital.com.ar\/index.php?rest_route=\/wp\/v2\/users\/3"}],"replies":[{"embeddable":true,"href":"https:\/\/grupotiempodigital.com.ar\/index.php?rest_route=%2Fwp%2Fv2%2Fcomments&post=48879"}],"version-history":[{"count":1,"href":"https:\/\/grupotiempodigital.com.ar\/index.php?rest_route=\/wp\/v2\/posts\/48879\/revisions"}],"predecessor-version":[{"id":48880,"href":"https:\/\/grupotiempodigital.com.ar\/index.php?rest_route=\/wp\/v2\/posts\/48879\/revisions\/48880"}],"wp:featuredmedia":[{"embeddable":true,"href":"https:\/\/grupotiempodigital.com.ar\/index.php?rest_route=\/wp\/v2\/media\/47067"}],"wp:attachment":[{"href":"https:\/\/grupotiempodigital.com.ar\/index.php?rest_route=%2Fwp%2Fv2%2Fmedia&parent=48879"}],"wp:term":[{"taxonomy":"category","embeddable":true,"href":"https:\/\/grupotiempodigital.com.ar\/index.php?rest_route=%2Fwp%2Fv2%2Fcategories&post=48879"},{"taxonomy":"post_tag","embeddable":true,"href":"https:\/\/grupotiempodigital.com.ar\/index.php?rest_route=%2Fwp%2Fv2%2Ftags&post=48879"}],"curies":[{"name":"wp","href":"https:\/\/api.w.org\/{rel}","templated":true}]}}