{"id":47912,"date":"2024-12-18T08:41:12","date_gmt":"2024-12-18T11:41:12","guid":{"rendered":"https:\/\/grupotiempodigital.com.ar\/?p=47912"},"modified":"2024-12-18T10:37:33","modified_gmt":"2024-12-18T13:37:33","slug":"informacion-social-ranchos-chascomus-pila-188","status":"publish","type":"post","link":"https:\/\/grupotiempodigital.com.ar\/?p=47912","title":{"rendered":"INFORMACI\u00d3N SOCIAL RANCHOS \u2013 CHASCOM\u00daS \u2013 PILA"},"content":{"rendered":"\n<p><strong><u>CUMPLEA\u00d1OS RANCHOS<\/u><\/strong><\/p>\n\n\n\n<p><strong><u>MI\u00c9RCOLES 18 DE DICIEMBRE:<\/u><\/strong><strong> MART\u00cdN MONES RUIZ. LUC\u00cdA QUEREJETA MAGRASSI, MAR\u00cdA EUGENIA SANTALUC\u00cdA, LORENZO MERA.<\/strong><\/p>\n\n\n\n<p><strong><u>FARMACIAS DE TURNO MI\u00c9RCOLES 18 DE DICIEMBRE<\/u><\/strong><br \/><strong>RANCHOS: BRAMBILLA (Garay y Betbez\u00e9)<\/strong><br \/><strong>CHASCOM\u00daS: CANGIALOSI Garay 56) y FRAMASUR (Alfons\u00edn y B. Blanca)<\/strong><br \/><strong>PILA: MORISET (17 N\u00ba 227)<\/strong><\/p>\n\n\n\n<p><strong><u>NECROL\u00d3GICAS CHASCOM\u00daS<\/u><\/strong><br \/><strong>El d\u00eda martes, en horas de&nbsp;la ma\u00f1ana, dej\u00f3 de existir en nuestra ciudad MARCOS ANTONIO CACERES. El extinto desaparece a los 52 a\u00f1os de edad. Sus restos ser\u00e1n trasladados hoy por la ma\u00f1ana para su posterior cremaci\u00f3n. (Sepelios Portela).&nbsp;<\/strong><\/p>\n\n\n\n<p><strong>En horas de ayer a la tarde dej\u00f3 de existir en nuestra ciudad&nbsp; ALBERTO NEWTON. El extinto&nbsp; desaparece a los 73 a\u00f1os de edad. Los restos de ALBERTO NEWTON ser\u00e1n trasladados al cementerio municipal para su inhumaci\u00f3n, hoy en horario a confirmar.- (Casa Sallaberry<a><\/a>)<\/strong><\/p>\n\n\n\n<p><strong><u>NECROL\u00d3GICAS RANCHOS<\/u><\/strong><br \/><strong>Falleci\u00f3 ayer en Ranchos a los 68 a\u00f1os de edad el se\u00f1or N\u00c9STOR HERALDO BARRERA, sus retos ser\u00e1n velados hoy de 09:00 a 11:00 en servicio Salatino, luego trasladados para su cremaci\u00f3n. (Salatino-Bilbao)<\/strong><\/p>\n\n\n\n<p><strong>Falleci\u00f3 hoy en Ranchos a los 58 a\u00f1os de edad la se\u00f1ora CLAUDIA ELISABET ARISTA. Sus restos seran velados en servicio Salatino de 17.00 a 19:00 horas luego traslados para su cremacion. (Salatino-Bilbao)<\/strong><\/p>\n","protected":false},"excerpt":{"rendered":"<p>CUMPLEA\u00d1OS RANCHOS MI\u00c9RCOLES 18 DE DICIEMBRE: MART\u00cdN MONES RUIZ. LUC\u00cdA QUEREJETA MAGRASSI, MAR\u00cdA EUGENIA SANTALUC\u00cdA, LORENZO MERA. FARMACIAS DE TURNO<\/p>\n","protected":false},"author":4,"featured_media":47075,"comment_status":"open","ping_status":"open","sticky":false,"template":"","format":"standard","meta":{"colormag_page_container_layout":"default_layout","colormag_page_sidebar_layout":"default_layout","footnotes":""},"categories":[1],"tags":[],"class_list":["post-47912","post","type-post","status-publish","format-standard","has-post-thumbnail","hentry","category-actualidad"],"_links":{"self":[{"href":"https:\/\/grupotiempodigital.com.ar\/index.php?rest_route=\/wp\/v2\/posts\/47912","targetHints":{"allow":["GET"]}}],"collection":[{"href":"https:\/\/grupotiempodigital.com.ar\/index.php?rest_route=\/wp\/v2\/posts"}],"about":[{"href":"https:\/\/grupotiempodigital.com.ar\/index.php?rest_route=\/wp\/v2\/types\/post"}],"author":[{"embeddable":true,"href":"https:\/\/grupotiempodigital.com.ar\/index.php?rest_route=\/wp\/v2\/users\/4"}],"replies":[{"embeddable":true,"href":"https:\/\/grupotiempodigital.com.ar\/index.php?rest_route=%2Fwp%2Fv2%2Fcomments&post=47912"}],"version-history":[{"count":3,"href":"https:\/\/grupotiempodigital.com.ar\/index.php?rest_route=\/wp\/v2\/posts\/47912\/revisions"}],"predecessor-version":[{"id":47918,"href":"https:\/\/grupotiempodigital.com.ar\/index.php?rest_route=\/wp\/v2\/posts\/47912\/revisions\/47918"}],"wp:featuredmedia":[{"embeddable":true,"href":"https:\/\/grupotiempodigital.com.ar\/index.php?rest_route=\/wp\/v2\/media\/47075"}],"wp:attachment":[{"href":"https:\/\/grupotiempodigital.com.ar\/index.php?rest_route=%2Fwp%2Fv2%2Fmedia&parent=47912"}],"wp:term":[{"taxonomy":"category","embeddable":true,"href":"https:\/\/grupotiempodigital.com.ar\/index.php?rest_route=%2Fwp%2Fv2%2Fcategories&post=47912"},{"taxonomy":"post_tag","embeddable":true,"href":"https:\/\/grupotiempodigital.com.ar\/index.php?rest_route=%2Fwp%2Fv2%2Ftags&post=47912"}],"curies":[{"name":"wp","href":"https:\/\/api.w.org\/{rel}","templated":true}]}}