{"id":44471,"date":"2023-12-01T11:17:19","date_gmt":"2023-12-01T14:17:19","guid":{"rendered":"https:\/\/grupotiempodigital.com.ar\/?p=44471"},"modified":"2023-12-01T11:17:19","modified_gmt":"2023-12-01T14:17:19","slug":"muestra-fotografica-colectiva","status":"publish","type":"post","link":"https:\/\/grupotiempodigital.com.ar\/?p=44471","title":{"rendered":"Muestra Fotogr\u00e1fica Colectiva"},"content":{"rendered":"\n<figure class=\"wp-block-image size-large\"><img loading=\"lazy\" decoding=\"async\" width=\"790\" height=\"1024\" src=\"https:\/\/grupotiempodigital.com.ar\/wp-content\/uploads\/2023\/12\/MUESTRA-FOTOGRAFICA-790x1024.jpg\" alt=\"\" class=\"wp-image-44472\" srcset=\"https:\/\/grupotiempodigital.com.ar\/wp-content\/uploads\/2023\/12\/MUESTRA-FOTOGRAFICA-790x1024.jpg 790w, https:\/\/grupotiempodigital.com.ar\/wp-content\/uploads\/2023\/12\/MUESTRA-FOTOGRAFICA-231x300.jpg 231w, https:\/\/grupotiempodigital.com.ar\/wp-content\/uploads\/2023\/12\/MUESTRA-FOTOGRAFICA-768x996.jpg 768w, https:\/\/grupotiempodigital.com.ar\/wp-content\/uploads\/2023\/12\/MUESTRA-FOTOGRAFICA.jpg 800w\" sizes=\"auto, (max-width: 790px) 100vw, 790px\" \/><\/figure>\n\n\n\n<p>Este s\u00e1bado 2 de diciembre a las 18,30 horas en la restaurada Estaci\u00f3n del Ferrocarril inauguraci\u00f3n de la Muestra Fotogr\u00e1fica Colectiva de los Alumnos del Taller Municipal de Fotograf\u00eda a cargo de la Profesora Estefan\u00eda Molina.<\/p>\n","protected":false},"excerpt":{"rendered":"<p>Este s\u00e1bado 2 de diciembre a las 18,30 horas en la restaurada Estaci\u00f3n del Ferrocarril inauguraci\u00f3n de la Muestra Fotogr\u00e1fica<\/p>\n","protected":false},"author":3,"featured_media":0,"comment_status":"open","ping_status":"open","sticky":false,"template":"","format":"standard","meta":{"colormag_page_container_layout":"default_layout","colormag_page_sidebar_layout":"default_layout","footnotes":""},"categories":[1],"tags":[],"class_list":["post-44471","post","type-post","status-publish","format-standard","hentry","category-actualidad"],"_links":{"self":[{"href":"https:\/\/grupotiempodigital.com.ar\/index.php?rest_route=\/wp\/v2\/posts\/44471","targetHints":{"allow":["GET"]}}],"collection":[{"href":"https:\/\/grupotiempodigital.com.ar\/index.php?rest_route=\/wp\/v2\/posts"}],"about":[{"href":"https:\/\/grupotiempodigital.com.ar\/index.php?rest_route=\/wp\/v2\/types\/post"}],"author":[{"embeddable":true,"href":"https:\/\/grupotiempodigital.com.ar\/index.php?rest_route=\/wp\/v2\/users\/3"}],"replies":[{"embeddable":true,"href":"https:\/\/grupotiempodigital.com.ar\/index.php?rest_route=%2Fwp%2Fv2%2Fcomments&post=44471"}],"version-history":[{"count":1,"href":"https:\/\/grupotiempodigital.com.ar\/index.php?rest_route=\/wp\/v2\/posts\/44471\/revisions"}],"predecessor-version":[{"id":44473,"href":"https:\/\/grupotiempodigital.com.ar\/index.php?rest_route=\/wp\/v2\/posts\/44471\/revisions\/44473"}],"wp:attachment":[{"href":"https:\/\/grupotiempodigital.com.ar\/index.php?rest_route=%2Fwp%2Fv2%2Fmedia&parent=44471"}],"wp:term":[{"taxonomy":"category","embeddable":true,"href":"https:\/\/grupotiempodigital.com.ar\/index.php?rest_route=%2Fwp%2Fv2%2Fcategories&post=44471"},{"taxonomy":"post_tag","embeddable":true,"href":"https:\/\/grupotiempodigital.com.ar\/index.php?rest_route=%2Fwp%2Fv2%2Ftags&post=44471"}],"curies":[{"name":"wp","href":"https:\/\/api.w.org\/{rel}","templated":true}]}}