{"id":44463,"date":"2023-11-30T11:02:13","date_gmt":"2023-11-30T14:02:13","guid":{"rendered":"https:\/\/grupotiempodigital.com.ar\/?p=44463"},"modified":"2023-11-30T11:02:13","modified_gmt":"2023-11-30T14:02:13","slug":"se-posterga-el-rally-de-ayacucho","status":"publish","type":"post","link":"https:\/\/grupotiempodigital.com.ar\/?p=44463","title":{"rendered":"Se posterga el Rally de Ayacucho"},"content":{"rendered":"\n<figure class=\"wp-block-image size-large is-resized\"><img loading=\"lazy\" decoding=\"async\" src=\"https:\/\/grupotiempodigital.com.ar\/wp-content\/uploads\/2023\/11\/Logo-Rally-1-1024x1024.png\" alt=\"\" class=\"wp-image-44464\" width=\"840\" height=\"840\"\/><\/figure>\n\n\n\n<p>Comunicamos que de com\u00fan acuerdo entre las partes organizadoras del Gran Premio Coronaci\u00f3n de Ayacucho, se ha decidido postergar la fecha final del calendario 2023, programada en un principio para este fin de semana, ahora trasladada a los d\u00edas 15, 16 y 17 de diciembre.<\/p>\n\n\n\n<p>Dicha resoluci\u00f3n se tom\u00f3 debido al estado de los caminos, producto de la lluvia ca\u00edda entre la ma\u00f1ana y tarde del \u00faltimo mi\u00e9rcoles, sumando a los pron\u00f3sticos que indican m\u00e1s de 30 mil\u00edmetros para este viernes, manteni\u00e9ndose las precipitaciones durante gran parte de la jornada, lo que imposibilitar\u00e1 los reconocimientos y restantes actividades que se desarrollan ese d\u00eda.<\/p>\n\n\n\n<p class=\"has-text-align-right\">(Prensa Rally Mar y Sierras)<\/p>\n","protected":false},"excerpt":{"rendered":"<p>Comunicamos que de com\u00fan acuerdo entre las partes organizadoras del Gran Premio Coronaci\u00f3n de Ayacucho, se ha decidido postergar la<\/p>\n","protected":false},"author":3,"featured_media":0,"comment_status":"open","ping_status":"open","sticky":false,"template":"","format":"standard","meta":{"colormag_page_container_layout":"default_layout","colormag_page_sidebar_layout":"default_layout","footnotes":""},"categories":[1],"tags":[],"class_list":["post-44463","post","type-post","status-publish","format-standard","hentry","category-actualidad"],"_links":{"self":[{"href":"https:\/\/grupotiempodigital.com.ar\/index.php?rest_route=\/wp\/v2\/posts\/44463","targetHints":{"allow":["GET"]}}],"collection":[{"href":"https:\/\/grupotiempodigital.com.ar\/index.php?rest_route=\/wp\/v2\/posts"}],"about":[{"href":"https:\/\/grupotiempodigital.com.ar\/index.php?rest_route=\/wp\/v2\/types\/post"}],"author":[{"embeddable":true,"href":"https:\/\/grupotiempodigital.com.ar\/index.php?rest_route=\/wp\/v2\/users\/3"}],"replies":[{"embeddable":true,"href":"https:\/\/grupotiempodigital.com.ar\/index.php?rest_route=%2Fwp%2Fv2%2Fcomments&post=44463"}],"version-history":[{"count":1,"href":"https:\/\/grupotiempodigital.com.ar\/index.php?rest_route=\/wp\/v2\/posts\/44463\/revisions"}],"predecessor-version":[{"id":44465,"href":"https:\/\/grupotiempodigital.com.ar\/index.php?rest_route=\/wp\/v2\/posts\/44463\/revisions\/44465"}],"wp:attachment":[{"href":"https:\/\/grupotiempodigital.com.ar\/index.php?rest_route=%2Fwp%2Fv2%2Fmedia&parent=44463"}],"wp:term":[{"taxonomy":"category","embeddable":true,"href":"https:\/\/grupotiempodigital.com.ar\/index.php?rest_route=%2Fwp%2Fv2%2Fcategories&post=44463"},{"taxonomy":"post_tag","embeddable":true,"href":"https:\/\/grupotiempodigital.com.ar\/index.php?rest_route=%2Fwp%2Fv2%2Ftags&post=44463"}],"curies":[{"name":"wp","href":"https:\/\/api.w.org\/{rel}","templated":true}]}}