{"id":44457,"date":"2023-11-29T08:37:51","date_gmt":"2023-11-29T11:37:51","guid":{"rendered":"https:\/\/grupotiempodigital.com.ar\/?p=44457"},"modified":"2023-11-29T08:37:51","modified_gmt":"2023-11-29T11:37:51","slug":"calendario-de-eventos-turisticos-del-jueves-30-de-noviembre-al-jueves-7-de-diciembre-de-2023-en-la-provincia-de-buenos-aires","status":"publish","type":"post","link":"https:\/\/grupotiempodigital.com.ar\/?p=44457","title":{"rendered":"CALENDARIO DE EVENTOS TUR\u00cdSTICOS DEL JUEVES 30 DE NOVIEMBRE AL JUEVES 7 DE DICIEMBRE DE 2023 EN LA PROVINCIA DE BUENOS AIRES"},"content":{"rendered":"\n<figure class=\"wp-block-image aligncenter size-full is-resized\"><img loading=\"lazy\" decoding=\"async\" src=\"https:\/\/grupotiempodigital.com.ar\/wp-content\/uploads\/2023\/11\/LOGO-TURISMO-PCIA-1.jpg\" alt=\"\" class=\"wp-image-44458\" width=\"455\" height=\"455\" srcset=\"https:\/\/grupotiempodigital.com.ar\/wp-content\/uploads\/2023\/11\/LOGO-TURISMO-PCIA-1.jpg 225w, https:\/\/grupotiempodigital.com.ar\/wp-content\/uploads\/2023\/11\/LOGO-TURISMO-PCIA-1-150x150.jpg 150w\" sizes=\"auto, (max-width: 455px) 100vw, 455px\" \/><\/figure>\n\n\n\n<p>La \u00faltima semana de noviembre, las celebraciones gastron\u00f3micas encabezar\u00e1n la agenda tur\u00edstica de los municipios bonaerenses. Tandil realizar\u00e1 la 5\u00ba Fiesta del Queso Tandilero; Berisso, la 3\u00b0 Fiesta de las Cervezas Artesanales; Saavedra, la de la Omelette Gigante en Pig\u00fc\u00e9;&nbsp; y Carmen de Areco, la 29\u00ba Fiesta Nacional del Pastel en el Pueblo Tur\u00edstico Gouin. Por otra parte, la Fiesta de la Flor en Florencio Varela reunir\u00e1 a productores y viveristas.<\/p>\n\n\n\n<p><strong>FIESTAS POPULARES<\/strong><br \/><strong>TANDIL<\/strong><\/p>\n\n\n\n<p><strong>5\u00ba Fiesta del Queso Tandilero<\/strong><\/p>\n\n\n\n<p><em>Fecha, hora y lugar:<\/em>&nbsp;Viernes 1, de 12:00 a 00:00; s\u00e1bado 2 y domingo 3, de 10:00 a 00:00, diagonal del Parque Independencia.<\/p>\n\n\n\n<p><em>Descripci\u00f3n:<\/em>&nbsp;Por los diez a\u00f1os del Cl\u00faster Quesero habr\u00e1 stands de productores regionales y km0, tabla gigante con la forma ic\u00f3nica de la Piedra Movediza, sorteo de una carretilla de quesos, food trucks, patio cervecero ACAT, juegos, cocina en vivo, escenario perfume de carnaval y bandas en vivo. Entrada gratuita. Organizan la Asociaci\u00f3n Civil Cl\u00faster Quesero con el auspicio del Municipio de Tandil y del Gobierno de la provincia de Buenos Aires. Programaci\u00f3n en:<a href=\"http:\/\/www.instagram.com\/clusterqueserotandil\" target=\"_blank\" rel=\"noreferrer noopener\">www.instagram.com\/clusterqueserotandil<\/a>&nbsp;&nbsp;<\/p>\n\n\n\n<p><em>M\u00e1s informaci\u00f3n:<\/em>&nbsp;<a href=\"http:\/\/www.clusterqueserotandil.net\/\" target=\"_blank\" rel=\"noreferrer noopener\">www.clusterqueserotandil.net<\/a>&nbsp;&nbsp;<\/p>\n\n\n\n<p><strong>BERISSO<\/strong><\/p>\n\n\n\n<p><strong>3\u00ba Fiesta de las Cervezas Artesanales 2023<\/strong><\/p>\n\n\n\n<p><em>Fecha, hora y lugar<\/em>: Viernes 1 y s\u00e1bado 2, a partir de las 17:00; domingo 3, desde las 10:00, Parque C\u00edvico de Berisso, avenida Montevideo y Calle 14.<\/p>\n\n\n\n<p><em>Descripci\u00f3n:<\/em>&nbsp;Cerveza artesanal de producci\u00f3n local, patio gastron\u00f3mico, bandas en vivo. Entrada gratuita. En caso de lluvia se pasa para la semana siguiente (8, 9 y 10 de diciembre). Organiza Asociaci\u00f3n de Cerveceros de Berisso con el acompa\u00f1amiento del Municipio de Berisso. Programaci\u00f3n detallada en:&nbsp;<a href=\"http:\/\/www.instagram.com\/p\/C0H-N5Xuoso\/?hl=es&amp;img_index=1\" target=\"_blank\" rel=\"noreferrer noopener\">www.instagram.com\/p\/C0H-N5Xuoso\/?hl=es&amp;img_index=1<\/a><\/p>\n\n\n\n<p><em>M\u00e1s informaci\u00f3n<\/em>:&nbsp;<a href=\"http:\/\/www.facebook.com\/cervecerosberisso\" target=\"_blank\" rel=\"noreferrer noopener\">www.facebook.com\/cervecerosberisso<\/a>&nbsp;<\/p>\n\n\n\n<p><strong>CHIVILCOY<\/strong><\/p>\n\n\n\n<p><strong>30\u00ba Fiesta D\u00eda Nacional del Gaucho<\/strong><\/p>\n\n\n\n<p><em>Fecha, hora y lugar<\/em>: Del viernes 1 al domingo 3, en diferentes horarios, predio del Fog\u00f3n de Chivilcoy, ruta 30 avenida de La Tradici\u00f3n.<\/p>\n\n\n\n<p><em>Descripci\u00f3n:<\/em>&nbsp;Demostraci\u00f3n de Pato Picadero, Encuentro de Danzas no competitivo, shows de mujeres de a caballo, desfile por las calles de la ciudad. Menores de 10 a\u00f1os gratis. Organiza la Asociaci\u00f3n Criolla Argentina con el acompa\u00f1amiento de la Municipalidad de Chivilcoy. Programaci\u00f3n detallada en:&nbsp;<a href=\"http:\/\/www.facebook.com\/asociacioncriolla\" target=\"_blank\" rel=\"noreferrer noopener\">www.facebook.com\/asociacioncriolla<\/a>&nbsp;<\/p>\n\n\n\n<p><em>M\u00e1s informaci\u00f3n<\/em>:&nbsp;<a href=\"http:\/\/www.instagram.com\/asociacion_criolla_argentina\" target=\"_blank\" rel=\"noreferrer noopener\">www.instagram.com\/asociacion_criolla_argentina<\/a>&nbsp;&#8211;&nbsp;<a href=\"http:\/\/www.facebook.com\/asociacioncriolla\" target=\"_blank\" rel=\"noreferrer noopener\">www.facebook.com\/asociacioncriolla<\/a>&nbsp;<\/p>\n\n\n\n<p><strong>SAAVEDRA (Pig\u00fc\u00e9)<\/strong><\/p>\n\n\n\n<p><strong>24\u00ba Fiesta de la Omelette Gigante y 139\u00b0 Aniversario de Pig\u00fc\u00e9<\/strong><\/p>\n\n\n\n<p><em>Fecha, hora y lugar<\/em>: S\u00e1bado 2, desde las 17:00, y domingo 3, desde las 10:00, parque municipal Fortunato Chiappara<\/p>\n\n\n\n<p><em>Descripci\u00f3n<\/em>: Pig\u00fc\u00e9 cumple 139 a\u00f1os y la omelette gigante ser\u00e1 la estrella del evento. Espect\u00e1culos musicales con artistas locales y nacionales, inauguraci\u00f3n de la temporada estival y desfile de la Cofrad\u00eda Mundial de los Caballeros de la Omelette Gigante. Entrada gratuita. Organiza la Municipalidad de Saavedra y la Cofrad\u00eda Mundial de los Caballeros de la Omelette Gigante de Pig\u00fc\u00e9- Argentina. Programaci\u00f3n detallada en:&nbsp;<a href=\"http:\/\/www.facebook.com\/MuniSaavedraPigue\" target=\"_blank\" rel=\"noreferrer noopener\">www.facebook.com\/MuniSaavedraPigue<\/a>&nbsp;<\/p>\n\n\n\n<p><em>M\u00e1s informaci\u00f3n<\/em>:&nbsp;<a href=\"http:\/\/www.facebook.com\/turismopigue\" target=\"_blank\" rel=\"noreferrer noopener\">www.facebook.com\/turismopigue<\/a>&nbsp;&#8211;&nbsp;<a href=\"http:\/\/www.instagram.com\/saavedraturismo\" target=\"_blank\" rel=\"noreferrer noopener\">www.instagram.com\/saavedraturismo<\/a>&nbsp;<\/p>\n\n\n\n<p><strong>CARMEN DE ARECO (Pueblo Tur\u00edstico Gouin)<\/strong><\/p>\n\n\n\n<p><strong>&nbsp;29\u00ba Fiesta Nacional del Pastel<\/strong><\/p>\n\n\n\n<p><em>Fecha, hora y lugar:<\/em>&nbsp;S\u00e1bado 2 y domingo 3, a partir del mediod\u00eda, Pueblo Tur\u00edstico Gouin.<\/p>\n\n\n\n<p><em>Descripci\u00f3n:<\/em>&nbsp;Elecci\u00f3n de Embajadoras y Embajadores, shows en vivo, gastronom\u00eda, feria de artesan\u00edas, productos locales, concurso y premiaci\u00f3n de pasteleras y pasteleros, degustaci\u00f3n y venta del tradicional pastelito casero. Entrada gratuita. Organiza la Municipalidad de Carmen de Areco con el apoyo del Gobierno de la provincia de Buenos Aires.<\/p>\n\n\n\n<p><em>M\u00e1s informaci\u00f3n:<\/em>&nbsp;<a href=\"http:\/\/www.instagram.com\/municipalidad_carmendeareco\" target=\"_blank\" rel=\"noreferrer noopener\">www.instagram.com\/municipalidad_carmendeareco<\/a>&nbsp;&#8211;&nbsp;<a href=\"http:\/\/www.facebook.com\/municipalidadcarmendeareco\" target=\"_blank\" rel=\"noreferrer noopener\">www.facebook.com\/municipalidadcarmendeareco<\/a>&nbsp;<\/p>\n\n\n\n<p><strong>PUAN (Darregueira)<\/strong><\/p>\n\n\n\n<p><strong>11\u00ba Fiesta de Darregueira<\/strong><\/p>\n\n\n\n<p><em>Fecha, hora y lugar:<\/em>&nbsp;Domingo 3, desde las 12:00, predio del Barrio del Humo.&nbsp;<\/p>\n\n\n\n<p><em>Descripci\u00f3n:<\/em>&nbsp;Espect\u00e1culos en vivo, artesan\u00edas y emprendimientos, patio de comida y espacios de juegos. Entrada $1.000 para mayores de 13 a\u00f1os. Auspicia la Municipalidad de Puan.&nbsp;<\/p>\n\n\n\n<p><em>M\u00e1s informaci\u00f3n:<\/em>&nbsp;<a href=\"http:\/\/www.instagram.com\/cervecerosdeberisso\/\" target=\"_blank\" rel=\"noreferrer noopener\">www.instagram.com\/cervecerosdeberisso\/<\/a>&nbsp;&#8211;&nbsp;<a href=\"http:\/\/www.facebook.com\/fiestadedarregueira\" target=\"_blank\" rel=\"noreferrer noopener\">www.facebook.com\/fiestadedarregueira<\/a>&nbsp;<\/p>\n\n\n\n<p><strong>BARADERO (Alsina)<\/strong><\/p>\n\n\n\n<p><strong>137\u00ba Aniversario de Alsina<\/strong><\/p>\n\n\n\n<p><em>Fecha, hora y lugar:<\/em>&nbsp;Domingo 3, a las 11:00, predio de la Estaci\u00f3n Alsina.<\/p>\n\n\n\n<p><em>Descripci\u00f3n:<\/em>&nbsp;Artistas de la zona y del pueblo, desfile de centros tradicionalistas, artesan\u00edas y emprendimientos, carros gastron\u00f3micos, sorteos de productos y&nbsp; tradicional corte de la torta de aniversario. Entrada gratuita. Organiza la Municipalidad de Baradero e instituciones locales.<\/p>\n\n\n\n<p><em>M\u00e1s informaci\u00f3n:<\/em>&nbsp;<a href=\"http:\/\/www.instagram.com\/municipiodebaradero\" target=\"_blank\" rel=\"noreferrer noopener\">www.instagram.com\/municipiodebaradero<\/a>&nbsp;&#8211;&nbsp;<a href=\"http:\/\/www.facebook.com\/MunicipalidaddeBaradero\" target=\"_blank\" rel=\"noreferrer noopener\">www.facebook.com\/MunicipalidaddeBaradero<\/a>&nbsp;&#8211;<a href=\"http:\/\/www.facebook.com\/groups\/649273841868803\/user\/100092581464608\" target=\"_blank\" rel=\"noreferrer noopener\">www.facebook.com\/groups\/649273841868803\/user\/100092581464608<\/a>&nbsp;<\/p>\n\n\n\n<p><strong>ALBERTI<\/strong><\/p>\n\n\n\n<p><strong>Fiesta del Mate en Alberti<\/strong><\/p>\n\n\n\n<p><em>Fecha, hora y lugar:<\/em>&nbsp;Domingo 3, a las 11:00, Plaza 25 de Mayo.<\/p>\n\n\n\n<p><em>Descripci\u00f3n:<\/em>&nbsp;Acto protocolar, paseo de artesan\u00edas y gastronom\u00eda, m\u00fasica en vivo, y ballets. Entrada gratuita. Organiza la Municipalidad de Alberti<\/p>\n\n\n\n<p><em>M\u00e1s informaci\u00f3n:<\/em>&nbsp;<a href=\"http:\/\/www.facebook.com\/albertiturismo\" target=\"_blank\" rel=\"noreferrer noopener\">www.facebook.com\/albertiturismo<\/a>&nbsp;<\/p>\n\n\n\n<p><strong>EVENTOS CULTURALES<\/strong><\/p>\n\n\n\n<p><strong>MONTE<\/strong><\/p>\n\n\n\n<p><strong>Encuentro de Tango Monte 2023<\/strong><\/p>\n\n\n\n<p><em>Fecha, hora, lugar de realizaci\u00f3n<\/em><strong>:<\/strong>&nbsp;S\u00e1bado 2, a las 19:30, explanada municipal plaza Adolfo Alsina.&nbsp;<\/p>\n\n\n\n<p><em>Descripci\u00f3n:<\/em>&nbsp;Clases abiertas de tango y folklore a cargo de los talleres municipales; contrapunto con La Juan D&#8217;Arienzo y los Reyes del Tango; bailarines tango pista con Aldana Figueroa y Ariel Manzanares; tango escenario con Carolina Leonardelli y Gabriel Salvi, Eleonora Valle, Tres Cuerdas Tango; muestra en vivo con Cristian Blanco, fileteador porte\u00f1o; y DJ Cristian Aguilar. Entrada gratuita. Organiza el Municipio de Monte. Programaci\u00f3n detallada en:<a href=\"https:\/\/monte.gob.ar\/encuentrotangomonte2023\/\" target=\"_blank\" rel=\"noreferrer noopener\">https:\/\/monte.gob.ar\/encuentrotangomonte2023\/<\/a>&nbsp;<\/p>\n\n\n\n<p><em>M\u00e1s informaci\u00f3n:<\/em>&nbsp;&nbsp;<a href=\"http:\/\/www.instagram.com\/municipalidadmonte\" target=\"_blank\" rel=\"noreferrer noopener\">www.instagram.com\/municipalidadmonte<\/a>&nbsp;&#8211;&nbsp;<a href=\"http:\/\/www.facebook.com\/municipalidadmonte\" target=\"_blank\" rel=\"noreferrer noopener\">www.facebook.com\/municipalidadmonte<\/a><\/p>\n\n\n\n<p><strong>FERIAS Y EXPOSICIONES<\/strong><\/p>\n\n\n\n<p><strong>FLORENCIO VARELA<\/strong><\/p>\n\n\n\n<p><strong>Fiesta de la Flor en Florencio Varela<\/strong><\/p>\n\n\n\n<p><em>Fecha, hora y lugar<\/em>: S\u00e1bado 2 y domingo 3, de 10:00 a 21:00, Predio de Asociaci\u00f3n Japonesa, Eva Per\u00f3n n\u00ba 7215, Santa Rosa.<\/p>\n\n\n\n<p><em>Descripci\u00f3n:<\/em>&nbsp;Pr\u00e1cticas agroecol\u00f3gicas en la producci\u00f3n flor\u00edcola, charla sobre becas de estudio en la Embajada de Jap\u00f3n en Argentina, especialistas y productores flor\u00edcolas, emprendedores, presentaciones en vivo y variada oferta gastron\u00f3mica. Se suspende por lluvia. Entrada gratuita. Organiza la Municipalidad de Florencio Varela.<\/p>\n\n\n\n<p><em>M\u00e1s informaci\u00f3n<\/em>:&nbsp;<a href=\"http:\/\/www.varela.gov.ar\/agenda\" target=\"_blank\" rel=\"noreferrer noopener\">www.varela.gov.ar\/agenda<\/a>&nbsp;<\/p>\n\n\n\n<p><strong>VISITAS GUIADAS<\/strong><\/p>\n\n\n\n<p><strong>GENERAL VIAMONTE<\/strong><\/p>\n\n\n\n<p><strong>Visitamos San Emilio y M\u00e1ximo Fern\u00e1ndez<\/strong><\/p>\n\n\n\n<p><em>Fecha, hora y lugar:<\/em>&nbsp;S\u00e1bado 2, a las 15:00, desde la oficina de Turismo.<\/p>\n\n\n\n<p><em>Descripci\u00f3n:<\/em>&nbsp;Recorrido por San Emilio y M\u00e1ximo Fern\u00e1ndez, dos pueblos fundados hace 130 a\u00f1os. Se visitar\u00e1 la capilla de Montel\u00e9n, la Estaci\u00f3n M\u00e1ximo Fern\u00e1ndez, el Museo Hist\u00f3rico Rural de San Emilio, la panader\u00eda hist\u00f3rica de La Familia, atardecer y picada en el Club Social San Emilio. Actividad arancelada con transporte ida y vuelta. Inscripciones en la Oficina de Turismo v\u00eda WhatsApp (2358) 410825 o por mensaje privado al Instagram oficial. Organiza la Direcci\u00f3n de Turismo del Municipio de General Viamonte.<\/p>\n\n\n\n<p><em>M\u00e1s informaci\u00f3n:<\/em>&nbsp;<a href=\"http:\/\/www.instagram.com\/turismoviamonte\" target=\"_blank\" rel=\"noreferrer noopener\">www.instagram.com\/turismoviamonte<\/a><\/p>\n\n\n\n<p><strong>BAH\u00cdA BLANCA<\/strong><\/p>\n\n\n\n<p><strong>Bus Tur\u00edstico<\/strong><\/p>\n\n\n\n<p><em>Fecha, hora y lugar:<\/em>&nbsp;Domingo 3, a las 15:00, punto de encuentro a confirmar.<\/p>\n\n\n\n<p><em>Descripci\u00f3n:<\/em>&nbsp;Recorrido para recordar las glorias tangueras bahienses que ubicaron a Bah\u00eda Blanca dentro de las ciudades con mayores ra\u00edces en este g\u00e9nero popular argentino. El trayecto incluye la participaci\u00f3n en el festival Puerto Tango que se realizar\u00e1 en Ingeniero White: baile, canto, taller de fileteado, m\u00fasica, charlas, clases, homenajes, food trucks y entretenimiento para todas las edades. Inscripci\u00f3n previa v\u00eda whatsapp al (291) 4390122. Organiza la Direcci\u00f3n de Turismo de la Municipalidad de Bah\u00eda Blanca.<\/p>\n\n\n\n<p><em>M\u00e1s informaci\u00f3n:<\/em>&nbsp;<a href=\"http:\/\/www.bahia.gob.ar\/agenda\" target=\"_blank\" rel=\"noreferrer noopener\">www.bahia.gob.ar\/agenda<\/a>&nbsp;<\/p>\n\n\n\n<p>La agenda tur\u00edstica y cultural de los 135 municipios se encuentra disponible en la APP ReCreo. Link de descarga:<a href=\"http:\/\/recreo.gba.gob.ar\/descargar\" target=\"_blank\" rel=\"noreferrer noopener\">recreo.gba.gob.ar\/descargar<\/a><\/p>\n","protected":false},"excerpt":{"rendered":"<p>La \u00faltima semana de noviembre, las celebraciones gastron\u00f3micas encabezar\u00e1n la agenda tur\u00edstica de los municipios bonaerenses. Tandil realizar\u00e1 la 5\u00ba<\/p>\n","protected":false},"author":3,"featured_media":0,"comment_status":"open","ping_status":"open","sticky":false,"template":"","format":"standard","meta":{"colormag_page_container_layout":"default_layout","colormag_page_sidebar_layout":"default_layout","footnotes":""},"categories":[1],"tags":[],"class_list":["post-44457","post","type-post","status-publish","format-standard","hentry","category-actualidad"],"_links":{"self":[{"href":"https:\/\/grupotiempodigital.com.ar\/index.php?rest_route=\/wp\/v2\/posts\/44457","targetHints":{"allow":["GET"]}}],"collection":[{"href":"https:\/\/grupotiempodigital.com.ar\/index.php?rest_route=\/wp\/v2\/posts"}],"about":[{"href":"https:\/\/grupotiempodigital.com.ar\/index.php?rest_route=\/wp\/v2\/types\/post"}],"author":[{"embeddable":true,"href":"https:\/\/grupotiempodigital.com.ar\/index.php?rest_route=\/wp\/v2\/users\/3"}],"replies":[{"embeddable":true,"href":"https:\/\/grupotiempodigital.com.ar\/index.php?rest_route=%2Fwp%2Fv2%2Fcomments&post=44457"}],"version-history":[{"count":1,"href":"https:\/\/grupotiempodigital.com.ar\/index.php?rest_route=\/wp\/v2\/posts\/44457\/revisions"}],"predecessor-version":[{"id":44459,"href":"https:\/\/grupotiempodigital.com.ar\/index.php?rest_route=\/wp\/v2\/posts\/44457\/revisions\/44459"}],"wp:attachment":[{"href":"https:\/\/grupotiempodigital.com.ar\/index.php?rest_route=%2Fwp%2Fv2%2Fmedia&parent=44457"}],"wp:term":[{"taxonomy":"category","embeddable":true,"href":"https:\/\/grupotiempodigital.com.ar\/index.php?rest_route=%2Fwp%2Fv2%2Fcategories&post=44457"},{"taxonomy":"post_tag","embeddable":true,"href":"https:\/\/grupotiempodigital.com.ar\/index.php?rest_route=%2Fwp%2Fv2%2Ftags&post=44457"}],"curies":[{"name":"wp","href":"https:\/\/api.w.org\/{rel}","templated":true}]}}