{"id":44453,"date":"2023-11-28T11:53:01","date_gmt":"2023-11-28T14:53:01","guid":{"rendered":"https:\/\/grupotiempodigital.com.ar\/?p=44453"},"modified":"2023-11-28T11:53:01","modified_gmt":"2023-11-28T14:53:01","slug":"este-domingo-alta-cultura","status":"publish","type":"post","link":"https:\/\/grupotiempodigital.com.ar\/?p=44453","title":{"rendered":"Este domingo \u00abAlta Cultura\u00bb"},"content":{"rendered":"\n<figure class=\"wp-block-image size-full is-resized\"><img loading=\"lazy\" decoding=\"async\" src=\"https:\/\/grupotiempodigital.com.ar\/wp-content\/uploads\/2023\/11\/ALTA-CULTURA.jpg\" alt=\"\" class=\"wp-image-44454\" width=\"843\" height=\"766\" srcset=\"https:\/\/grupotiempodigital.com.ar\/wp-content\/uploads\/2023\/11\/ALTA-CULTURA.jpg 720w, https:\/\/grupotiempodigital.com.ar\/wp-content\/uploads\/2023\/11\/ALTA-CULTURA-300x273.jpg 300w\" sizes=\"auto, (max-width: 843px) 100vw, 843px\" \/><\/figure>\n\n\n\n<p>Este domingo 3 de diciembre, desde las 19 horas, en el And\u00e9n de la restaurada Estaci\u00f3n del Ferrocarril se cumplir\u00e1 el mega evento Alta Cultura donde dise\u00f1adoras, modistas, costureras, artesanos, cantores, m\u00fasicos y talleristas le pondr\u00e1n el broche de oro al a\u00f1o. Con entrada libre y gratuita, una hermosa propuesta cultural para compartir en familia. Participar\u00e1n:<\/p>\n\n\n\n<p>*Jazm\u00edn &amp; L\u00e1zaro<\/p>\n\n\n\n<p>*Mis 7 Soles, Marin\u00e9 Mendizabal<\/p>\n\n\n\n<p>*Dise\u00f1os La Ne\u00b4, Silvina Cabrera<\/p>\n\n\n\n<p>*Estilo y algo m\u00e1s, Noem\u00ed Basulado<\/p>\n\n\n\n<p>*Bipolar indumentaria, Nahir Tripichio<\/p>\n\n\n\n<p>*M\u00f3nica Mendizabal<\/p>\n\n\n\n<p>*Centro de Formaci\u00f3n Laboral n\u00ba 401, instructora Antonella Tarquini<\/p>\n\n\n\n<p>*Taller Municipal de Crochet y Macram\u00e9, Prof. Laura Cabello<\/p>\n\n\n\n<p>*Evequoz Sastrer\u00eda, Mere Evequoz<\/p>\n\n\n\n<p>*Jaz lamarque Atelier<\/p>\n\n\n\n<p>-Taller Municipal de Comedia Municipal \/ Maximiliano Coria<\/p>\n\n\n\n<p>&#8211; Trio Roca &#8211; Firmani &#8211; Duca<\/p>\n\n\n\n<p>-Grupo Otros Tiempos Rock<\/p>\n","protected":false},"excerpt":{"rendered":"<p>Este domingo 3 de diciembre, desde las 19 horas, en el And\u00e9n de la restaurada Estaci\u00f3n del Ferrocarril se cumplir\u00e1<\/p>\n","protected":false},"author":3,"featured_media":0,"comment_status":"open","ping_status":"open","sticky":false,"template":"","format":"standard","meta":{"colormag_page_container_layout":"default_layout","colormag_page_sidebar_layout":"default_layout","footnotes":""},"categories":[1],"tags":[],"class_list":["post-44453","post","type-post","status-publish","format-standard","hentry","category-actualidad"],"_links":{"self":[{"href":"https:\/\/grupotiempodigital.com.ar\/index.php?rest_route=\/wp\/v2\/posts\/44453","targetHints":{"allow":["GET"]}}],"collection":[{"href":"https:\/\/grupotiempodigital.com.ar\/index.php?rest_route=\/wp\/v2\/posts"}],"about":[{"href":"https:\/\/grupotiempodigital.com.ar\/index.php?rest_route=\/wp\/v2\/types\/post"}],"author":[{"embeddable":true,"href":"https:\/\/grupotiempodigital.com.ar\/index.php?rest_route=\/wp\/v2\/users\/3"}],"replies":[{"embeddable":true,"href":"https:\/\/grupotiempodigital.com.ar\/index.php?rest_route=%2Fwp%2Fv2%2Fcomments&post=44453"}],"version-history":[{"count":1,"href":"https:\/\/grupotiempodigital.com.ar\/index.php?rest_route=\/wp\/v2\/posts\/44453\/revisions"}],"predecessor-version":[{"id":44455,"href":"https:\/\/grupotiempodigital.com.ar\/index.php?rest_route=\/wp\/v2\/posts\/44453\/revisions\/44455"}],"wp:attachment":[{"href":"https:\/\/grupotiempodigital.com.ar\/index.php?rest_route=%2Fwp%2Fv2%2Fmedia&parent=44453"}],"wp:term":[{"taxonomy":"category","embeddable":true,"href":"https:\/\/grupotiempodigital.com.ar\/index.php?rest_route=%2Fwp%2Fv2%2Fcategories&post=44453"},{"taxonomy":"post_tag","embeddable":true,"href":"https:\/\/grupotiempodigital.com.ar\/index.php?rest_route=%2Fwp%2Fv2%2Ftags&post=44453"}],"curies":[{"name":"wp","href":"https:\/\/api.w.org\/{rel}","templated":true}]}}