{"id":44441,"date":"2023-11-28T11:41:41","date_gmt":"2023-11-28T14:41:41","guid":{"rendered":"https:\/\/grupotiempodigital.com.ar\/?p=44441"},"modified":"2023-11-28T11:41:41","modified_gmt":"2023-11-28T14:41:41","slug":"40-anos-de-democracia-rock-en-la-biblioteca","status":"publish","type":"post","link":"https:\/\/grupotiempodigital.com.ar\/?p=44441","title":{"rendered":"40 a\u00f1os de Democracia &amp; Rock en la Biblioteca"},"content":{"rendered":"\n<figure class=\"wp-block-image size-large\"><img loading=\"lazy\" decoding=\"async\" width=\"1024\" height=\"768\" src=\"https:\/\/grupotiempodigital.com.ar\/wp-content\/uploads\/2023\/11\/BIBLIOTECA-2-1-1024x768.jpg\" alt=\"\" class=\"wp-image-44444\" srcset=\"https:\/\/grupotiempodigital.com.ar\/wp-content\/uploads\/2023\/11\/BIBLIOTECA-2-1-1024x768.jpg 1024w, https:\/\/grupotiempodigital.com.ar\/wp-content\/uploads\/2023\/11\/BIBLIOTECA-2-1-300x225.jpg 300w, https:\/\/grupotiempodigital.com.ar\/wp-content\/uploads\/2023\/11\/BIBLIOTECA-2-1-768x576.jpg 768w, https:\/\/grupotiempodigital.com.ar\/wp-content\/uploads\/2023\/11\/BIBLIOTECA-2-1.jpg 1080w\" sizes=\"auto, (max-width: 1024px) 100vw, 1024px\" \/><\/figure>\n\n\n\n<p>El pasado s\u00e1bado en la Biblioteca Popular Municipal se realiz\u00f3 el evento \u00ab40 a\u00f1os de Democracia &amp; Rock\u00bb.&nbsp; La banda SPIRIT de Patios Abierto hizo su debut con temas preparados para dicha ocasi\u00f3n estando integrada por Adriel Mart\u00edn Gutierrez, Sandro Liet, Robertina Magn\u00edfico, Ignacio Dante Morales y Ma-ximiliano Sierra.<\/p>\n\n\n\n<p>Luego Oscar \u00abCafrune\u00bb Magari\u00f1os brind\u00f3 una charla donde comparti\u00f3 los momentos de su comienzo en Ranchos como Disc-Jockey del boliche bailable Boh\u00edos.<\/p>\n\n\n\n<figure class=\"wp-block-image size-large\"><img loading=\"lazy\" decoding=\"async\" width=\"1024\" height=\"768\" src=\"https:\/\/grupotiempodigital.com.ar\/wp-content\/uploads\/2023\/11\/BIBLIOTECA-1-1-1024x768.jpg\" alt=\"\" class=\"wp-image-44445\" srcset=\"https:\/\/grupotiempodigital.com.ar\/wp-content\/uploads\/2023\/11\/BIBLIOTECA-1-1-1024x768.jpg 1024w, https:\/\/grupotiempodigital.com.ar\/wp-content\/uploads\/2023\/11\/BIBLIOTECA-1-1-300x225.jpg 300w, https:\/\/grupotiempodigital.com.ar\/wp-content\/uploads\/2023\/11\/BIBLIOTECA-1-1-768x576.jpg 768w, https:\/\/grupotiempodigital.com.ar\/wp-content\/uploads\/2023\/11\/BIBLIOTECA-1-1.jpg 1080w\" sizes=\"auto, (max-width: 1024px) 100vw, 1024px\" \/><\/figure>\n","protected":false},"excerpt":{"rendered":"<p>El pasado s\u00e1bado en la Biblioteca Popular Municipal se realiz\u00f3 el evento \u00ab40 a\u00f1os de Democracia &amp; Rock\u00bb.&nbsp; La banda<\/p>\n","protected":false},"author":3,"featured_media":0,"comment_status":"open","ping_status":"open","sticky":false,"template":"","format":"standard","meta":{"colormag_page_container_layout":"default_layout","colormag_page_sidebar_layout":"default_layout","footnotes":""},"categories":[1],"tags":[],"class_list":["post-44441","post","type-post","status-publish","format-standard","hentry","category-actualidad"],"_links":{"self":[{"href":"https:\/\/grupotiempodigital.com.ar\/index.php?rest_route=\/wp\/v2\/posts\/44441","targetHints":{"allow":["GET"]}}],"collection":[{"href":"https:\/\/grupotiempodigital.com.ar\/index.php?rest_route=\/wp\/v2\/posts"}],"about":[{"href":"https:\/\/grupotiempodigital.com.ar\/index.php?rest_route=\/wp\/v2\/types\/post"}],"author":[{"embeddable":true,"href":"https:\/\/grupotiempodigital.com.ar\/index.php?rest_route=\/wp\/v2\/users\/3"}],"replies":[{"embeddable":true,"href":"https:\/\/grupotiempodigital.com.ar\/index.php?rest_route=%2Fwp%2Fv2%2Fcomments&post=44441"}],"version-history":[{"count":1,"href":"https:\/\/grupotiempodigital.com.ar\/index.php?rest_route=\/wp\/v2\/posts\/44441\/revisions"}],"predecessor-version":[{"id":44446,"href":"https:\/\/grupotiempodigital.com.ar\/index.php?rest_route=\/wp\/v2\/posts\/44441\/revisions\/44446"}],"wp:attachment":[{"href":"https:\/\/grupotiempodigital.com.ar\/index.php?rest_route=%2Fwp%2Fv2%2Fmedia&parent=44441"}],"wp:term":[{"taxonomy":"category","embeddable":true,"href":"https:\/\/grupotiempodigital.com.ar\/index.php?rest_route=%2Fwp%2Fv2%2Fcategories&post=44441"},{"taxonomy":"post_tag","embeddable":true,"href":"https:\/\/grupotiempodigital.com.ar\/index.php?rest_route=%2Fwp%2Fv2%2Ftags&post=44441"}],"curies":[{"name":"wp","href":"https:\/\/api.w.org\/{rel}","templated":true}]}}