{"id":44433,"date":"2023-11-27T10:25:01","date_gmt":"2023-11-27T13:25:01","guid":{"rendered":"https:\/\/grupotiempodigital.com.ar\/?p=44433"},"modified":"2023-11-27T10:25:01","modified_gmt":"2023-11-27T13:25:01","slug":"hoy-lunes-27-las-oficinas-de-anses-permaneceran-cerradas","status":"publish","type":"post","link":"https:\/\/grupotiempodigital.com.ar\/?p=44433","title":{"rendered":"HOY LUNES 27 LAS OFICINAS DE ANSES PERMANECER\u00c1N CERRADAS"},"content":{"rendered":"\n<figure class=\"wp-block-image size-full is-resized\"><img loading=\"lazy\" decoding=\"async\" src=\"https:\/\/grupotiempodigital.com.ar\/wp-content\/uploads\/2023\/11\/LOGO-ANSES-6.jpg\" alt=\"\" class=\"wp-image-44434\" width=\"839\" height=\"405\" srcset=\"https:\/\/grupotiempodigital.com.ar\/wp-content\/uploads\/2023\/11\/LOGO-ANSES-6.jpg 427w, https:\/\/grupotiempodigital.com.ar\/wp-content\/uploads\/2023\/11\/LOGO-ANSES-6-300x145.jpg 300w\" sizes=\"auto, (max-width: 839px) 100vw, 839px\" \/><\/figure>\n\n\n\n<p>ANSES informa que hoy&nbsp;<strong>lunes 27 de noviembre<\/strong>&nbsp;sus oficinas permanecer\u00e1n cerradas al p\u00fablico por conmemorarse el&nbsp;<em>D\u00eda de las y los trabajadores previsionales argentinos.&nbsp;<\/em>En tanto, el martes 28 abrir\u00e1n con total normalidad.<\/p>\n\n\n\n<p>Asimismo, el organismo previsional recuerda que se pueden gestionar consultas y realizar tr\u00e1mites durante las 24 horas, los 365 d\u00edas del a\u00f1o, desde su sitio web&nbsp;<a href=\"http:\/\/www.anses.gob.ar\/\" target=\"_blank\" rel=\"noreferrer noopener\">www.anses.gob.ar<\/a>.<\/p>\n\n\n\n<p>El&nbsp;28 de octubre de 2009&nbsp;se sancion\u00f3 la Ley N\u00b0 26.533, que declara al 27 de noviembre como el&nbsp;<em>D\u00eda del Trabajador Previsional Argentino<\/em>, en conmemoraci\u00f3n a la creaci\u00f3n de la Secretar\u00eda de Trabajo y Previsi\u00f3n de la Naci\u00f3n en 1943.<\/p>\n\n\n\n<p class=\"has-text-align-right\"><strong>Se agradece difusi\u00f3n<\/strong><\/p>\n\n\n\n<p class=\"has-text-align-right\"><strong>ANSES<\/strong><\/p>\n","protected":false},"excerpt":{"rendered":"<p>ANSES informa que hoy&nbsp;lunes 27 de noviembre&nbsp;sus oficinas permanecer\u00e1n cerradas al p\u00fablico por conmemorarse el&nbsp;D\u00eda de las y los trabajadores<\/p>\n","protected":false},"author":3,"featured_media":0,"comment_status":"open","ping_status":"open","sticky":false,"template":"","format":"standard","meta":{"colormag_page_container_layout":"default_layout","colormag_page_sidebar_layout":"default_layout","footnotes":""},"categories":[1],"tags":[],"class_list":["post-44433","post","type-post","status-publish","format-standard","hentry","category-actualidad"],"_links":{"self":[{"href":"https:\/\/grupotiempodigital.com.ar\/index.php?rest_route=\/wp\/v2\/posts\/44433","targetHints":{"allow":["GET"]}}],"collection":[{"href":"https:\/\/grupotiempodigital.com.ar\/index.php?rest_route=\/wp\/v2\/posts"}],"about":[{"href":"https:\/\/grupotiempodigital.com.ar\/index.php?rest_route=\/wp\/v2\/types\/post"}],"author":[{"embeddable":true,"href":"https:\/\/grupotiempodigital.com.ar\/index.php?rest_route=\/wp\/v2\/users\/3"}],"replies":[{"embeddable":true,"href":"https:\/\/grupotiempodigital.com.ar\/index.php?rest_route=%2Fwp%2Fv2%2Fcomments&post=44433"}],"version-history":[{"count":1,"href":"https:\/\/grupotiempodigital.com.ar\/index.php?rest_route=\/wp\/v2\/posts\/44433\/revisions"}],"predecessor-version":[{"id":44435,"href":"https:\/\/grupotiempodigital.com.ar\/index.php?rest_route=\/wp\/v2\/posts\/44433\/revisions\/44435"}],"wp:attachment":[{"href":"https:\/\/grupotiempodigital.com.ar\/index.php?rest_route=%2Fwp%2Fv2%2Fmedia&parent=44433"}],"wp:term":[{"taxonomy":"category","embeddable":true,"href":"https:\/\/grupotiempodigital.com.ar\/index.php?rest_route=%2Fwp%2Fv2%2Fcategories&post=44433"},{"taxonomy":"post_tag","embeddable":true,"href":"https:\/\/grupotiempodigital.com.ar\/index.php?rest_route=%2Fwp%2Fv2%2Ftags&post=44433"}],"curies":[{"name":"wp","href":"https:\/\/api.w.org\/{rel}","templated":true}]}}