{"id":44431,"date":"2023-11-27T10:21:57","date_gmt":"2023-11-27T13:21:57","guid":{"rendered":"https:\/\/grupotiempodigital.com.ar\/?p=44431"},"modified":"2023-11-27T10:21:57","modified_gmt":"2023-11-27T13:21:57","slug":"editorial-cual-esperanza","status":"publish","type":"post","link":"https:\/\/grupotiempodigital.com.ar\/?p=44431","title":{"rendered":"Editorial: \u00bfCu\u00e1l esperanza?"},"content":{"rendered":"\n<figure class=\"wp-block-image size-large is-resized\"><img loading=\"lazy\" decoding=\"async\" src=\"https:\/\/grupotiempodigital.com.ar\/wp-content\/uploads\/2019\/07\/EDITORIAL.png\" alt=\"\" width=\"838\" height=\"484\"\/><\/figure>\n\n\n\n<p>\u201cNada es peor que vivir con esperanza\u00bb afirma el soci\u00f3logo y sic\u00f3logo Gabriel Rol\u00f3n y explica su teor\u00eda con claridad meridiana. \u00ab\u00bfQu\u00e9 es la esperanza, sino aquello que mucho ansiamos y hasta necesitamos y no tenemos?\u00bb se pregunta, y agrega: \u00abNo lo tenemos, por eso la esperanza de llegar a tenerlo. Sin ninguna seguridad, porque sino ser\u00eda certeza y no esperanza. Con muy pocas posibilidades de que se concrete, porque la esperanza, cual una ilusi\u00f3n, es la creencia de la llegada de algo casi milagroso\u00bb. Y remata: \u00abPor eso la esperanza es algo que muy pocas veces se hace realidad y por ende tantas decepciones genera\u00bb.<\/p>\n\n\n\n<p>M\u00e1s all\u00e1 de las divergencias que este concepto puede generar, no sobran tampoco los argumentos para quitarle razonabilidad al licenciado. \u00bfY a qu\u00e9 viene esto? podr\u00e1 preguntarse el lector.<\/p>\n\n\n\n<p>Es sabido, que el domingo pasado culmin\u00f3 un extenso proceso electoral de varios meses en la argentina que ha elegido, por un sorprendente margen de diferencia al nuevo presidente que asumir\u00e1 el 10 de diciembre con mandato de cuatro a\u00f1os. Un proceso lleno de sor-presas, de episodios in\u00e9ditos, hasta de curiosidades dignas de Guinness como que el nuevo mandatario naci\u00f3 candidato al impulso y resguardo del propio oficialismo, que lo aliment\u00f3 en procura de plantearle a quien consideraba su potencial adversario y probable vencedor, un competidor que le menguara sus chances al restarle votantes, haciendo as\u00ed posible la continuidad del espacio en el gobierno, que en estos cuatro a\u00f1os fracas\u00f3 en pr\u00e1cticamente todas las metas que se hab\u00eda propuesto.<\/p>\n\n\n\n<p>El gobierno, a sabiendas o ignorancia, crey\u00f3 que \u00abcampa\u00f1a mataba gesti\u00f3n\u00bb y que con la mera contrataci\u00f3n de una docena de car\u00edsimos armadores de campa\u00f1as,&nbsp; consider\u00e1ndose \u00abla oposici\u00f3n\u00bb de si mismo y con un desaforado \u00abplan platita\u00bb a cualquier costo, pod\u00eda alimentar \u00abLA ESPERANZA\u00bb de concretar una quimera. Designar un a\u00f1o y medio antes de los comicios a su \u00abmejor candidato\u00bb como superministro con casi el poder absoluto del gobierno, otorg\u00e1ndole \u00abtoda la botonera\u00bb del poder y respaldarlo para que fuera \u00aba venc\u00e9..\u00bb como repet\u00eda el gran Carlo. Y como un verdadero Quijote, el que fuera funcionario en el inicio del ciclo Kirchnerista, luego fuera nada menos que jefe de gabinete y tras ser violentamente eyectado del gobierno por el mism\u00edsimo N\u00e9stor, se plant\u00f3 en la vereda de enfrente y como \u00abgran candidato\u00bb que es supo \u00abencantar\u00bb a la oposici\u00f3n y ganarle las elecciones de medio t\u00e9rmino en 2013 a la mism\u00edsima Dra Cristina. Tras pasar por el equipo de la oposici\u00f3n casi como el capit\u00e1n del mismo, \u00abse dej\u00f3 tentar\u00bb nuevamente por el mismo oficialismo y volvi\u00f3 al espacio y finalmente al poder en 2019 y termin\u00f3 en esta \u00abesperanza\u00bb que ante la historia terminar\u00e1 siendo algo incre\u00edble.<\/p>\n\n\n\n<p>Desde el lugar menos&nbsp; indicado para ser candidato, superministro de una econom\u00eda detonada, con los peores indicadores de los \u00faltimos 32 a\u00f1os, con pobreza, indigencia, salarios, deudas, inseguridad y cuanto cuadro comparativo se analice, con un endeudamiento del estado que roza los 400 mil millones de d\u00f3lares (esto se informa muy poco llamativamente en los medios, aunque nadie se atreva a ponerlo en duda), Sergio Tom\u00e1s Massa demostr\u00f3 hasta donde llega el candidato y una excelente campa\u00f1a, a\u00fan d\u00e1ndose de bruces con la realidad cotidiana. La&nbsp; historia fr\u00eda dir\u00e1 que finalmente, en la ronda del balotaje, cay\u00f3 derrotado por casi 12 puntos. Pero tal vez esa historia no refleje lo inexplicable a la luz de la raz\u00f3n que haya llegado primero a ubicarse en ese balotaje y en el mismo trepar hasta el 44 % de los votos.<\/p>\n\n\n\n<p>Muchos podr\u00e1n afirmar, no sin raz\u00f3n, que la esperanza una vez mas no se concret\u00f3. Otros, tal vez, menos apasionadamente pero con otro an\u00e1lisis, sostengan que el candidato&nbsp; logr\u00f3 un milagro.<\/p>\n\n\n\n<p>Claro que no puede obviarse a quien result\u00f3 su vencedor. Es parte de la&nbsp; l\u00f3gica aqu\u00ed desplegada, que si el mismo fue \u00abungido\u00bb por su propio vencido, no puede pensarse que eligieron para ello un \u00abMessi\u00bb de la pol\u00edtica. M\u00e1s bien, fue un marcador central con algo de pinta y nada m\u00e1s. Un verdadero outsider de la pol\u00edtica, Javier Milei, hoy presidente electo, desde el primer d\u00eda transit\u00f3 a contramano de los m\u00e1s elementales manuales de la seducci\u00f3n. No dej\u00f3 a nadie sin ofender, lastimar y despreciar. Convencido que estaba, que enfrente ten\u00eda una interna en el espacio competidor (J. x el Cambio) que ganar\u00eda el alcalde de la ciudad de Buenos Aires, se dedic\u00f3 a destrozarlo desde el primer d\u00eda, mientras le tiraba flores a sus rivales internos, Bulrrich\/ Macri. Hasta que faltando poco para el desenlace, se enter\u00f3 lo que \u00abcasi\u00bb todos sab\u00edamos y era que esa interna la ganaba Bullrich. Y entonces, como buen mandado del oficialismo, cruz\u00f3 todas las fronteras y lleg\u00f3 a la m\u00e1s grave acusaci\u00f3n que encontr\u00f3 para la ex ministra de Seguridad. No se salvaron ni el ex presidente Alfons\u00edn, ni todos&nbsp; los radicales, ni siquiera el Papa. El \u00fanico no tan maltratado era precisamente el candidato del gobierno Sergio Massa.<\/p>\n\n\n\n<p>Todo parec\u00eda muy evidente y claro. Pero, una sociedad ofuscada, enojada, descre\u00edda no estaba para ver ni lo que le mostraba la vidriera. Y al sonar de una motosierra fue haciendo crecer la figura del le\u00f3n, que incre\u00edblemente ni se interes\u00f3 en competir en las elecciones de las provincias a las que ni les prest\u00f3 atenci\u00f3n. Sorpresivamente, gan\u00f3 en las primarias PASO y todo se transform\u00f3. Se convirti\u00f3 en el primer jugador en ubicarse en la ronda del balotaje. El resto, lo imagin\u00f3 otro notable \u00abajedrecista\u00bb de la pol\u00edtica: Mauricio Macri. Con la sangre en el ojo por la jugada de Cristina en el 2019&nbsp; que le gan\u00f3 con el muleto de Alberto, r\u00e1pidamente imagin\u00f3 ese plato que se come fr\u00edo, como el cangrejo: la venganza. Y concretado el resultado del mano a mano entre el creador y el muleto, corri\u00f3 r\u00e1pidamente a abrazar a ese muleto y explicarle que no estaban ante una esperanza sino ante la certeza del triunfo.<\/p>\n\n\n\n<p>Y as\u00ed, esta novela que nunca nadie ni como guionista imagin\u00f3, se concret\u00f3 en la pol\u00edtica argentina. Aqu\u00e9l candidato arrimado para ayudarlo a ganar, termin\u00f3 venciendo a su inventor, \u00abpor el mayor margen que registra la historia de los balotajes en todo el continente\u00bb.<\/p>\n\n\n\n<p>Hoy el presidente pronto a asumir se llama Javier Milei. En medio de una crisis extrema que hace ilusoria cualquier pretensi\u00f3n de una mejor\u00eda en la calidad de vida de los argentinos al menos en el corto y mediano plazo.<\/p>\n\n\n\n<p>M\u00e1s all\u00e1 de los an\u00e1lisis y las eventuales contingencias favorables que puedan devenir de aqu\u00ed en m\u00e1s, al gobierno entrante solo le cabe el cr\u00e9dito de la esperanza.<\/p>\n\n\n\n<p>Y aqu\u00ed la inc\u00f3gnita: \u00bfLa esperanza de la que habla el popular Diego Torres en su canci\u00f3n?. \u00bfO esa esperanza descripta al principio que explica Gabriel Rol\u00f3n y que termina siendo solo una ilusi\u00f3n que casi nunca se concreta?<\/p>\n\n\n\n<p><\/p>\n\n\n\n<p>(Editorial publicada en la edici\u00f3n de TIEMPO de Ranchos del 24 de noviembre de 2023)<\/p>\n","protected":false},"excerpt":{"rendered":"<p>\u201cNada es peor que vivir con esperanza\u00bb afirma el soci\u00f3logo y sic\u00f3logo Gabriel Rol\u00f3n y explica su teor\u00eda con claridad<\/p>\n","protected":false},"author":3,"featured_media":0,"comment_status":"open","ping_status":"open","sticky":false,"template":"","format":"standard","meta":{"colormag_page_container_layout":"default_layout","colormag_page_sidebar_layout":"default_layout","footnotes":""},"categories":[1],"tags":[],"class_list":["post-44431","post","type-post","status-publish","format-standard","hentry","category-actualidad"],"_links":{"self":[{"href":"https:\/\/grupotiempodigital.com.ar\/index.php?rest_route=\/wp\/v2\/posts\/44431","targetHints":{"allow":["GET"]}}],"collection":[{"href":"https:\/\/grupotiempodigital.com.ar\/index.php?rest_route=\/wp\/v2\/posts"}],"about":[{"href":"https:\/\/grupotiempodigital.com.ar\/index.php?rest_route=\/wp\/v2\/types\/post"}],"author":[{"embeddable":true,"href":"https:\/\/grupotiempodigital.com.ar\/index.php?rest_route=\/wp\/v2\/users\/3"}],"replies":[{"embeddable":true,"href":"https:\/\/grupotiempodigital.com.ar\/index.php?rest_route=%2Fwp%2Fv2%2Fcomments&post=44431"}],"version-history":[{"count":1,"href":"https:\/\/grupotiempodigital.com.ar\/index.php?rest_route=\/wp\/v2\/posts\/44431\/revisions"}],"predecessor-version":[{"id":44432,"href":"https:\/\/grupotiempodigital.com.ar\/index.php?rest_route=\/wp\/v2\/posts\/44431\/revisions\/44432"}],"wp:attachment":[{"href":"https:\/\/grupotiempodigital.com.ar\/index.php?rest_route=%2Fwp%2Fv2%2Fmedia&parent=44431"}],"wp:term":[{"taxonomy":"category","embeddable":true,"href":"https:\/\/grupotiempodigital.com.ar\/index.php?rest_route=%2Fwp%2Fv2%2Fcategories&post=44431"},{"taxonomy":"post_tag","embeddable":true,"href":"https:\/\/grupotiempodigital.com.ar\/index.php?rest_route=%2Fwp%2Fv2%2Ftags&post=44431"}],"curies":[{"name":"wp","href":"https:\/\/api.w.org\/{rel}","templated":true}]}}