{"id":44428,"date":"2023-11-24T09:48:11","date_gmt":"2023-11-24T12:48:11","guid":{"rendered":"https:\/\/grupotiempodigital.com.ar\/?p=44428"},"modified":"2023-11-24T09:48:11","modified_gmt":"2023-11-24T12:48:11","slug":"40-anos-de-democracia-rock","status":"publish","type":"post","link":"https:\/\/grupotiempodigital.com.ar\/?p=44428","title":{"rendered":"40 A\u00d1OS DE DEMOCRACIA &amp; ROCK"},"content":{"rendered":"\n<figure class=\"wp-block-image size-full is-resized\"><img loading=\"lazy\" decoding=\"async\" src=\"https:\/\/grupotiempodigital.com.ar\/wp-content\/uploads\/2023\/11\/rock.jpeg\" alt=\"\" class=\"wp-image-44429\" width=\"839\" height=\"734\" srcset=\"https:\/\/grupotiempodigital.com.ar\/wp-content\/uploads\/2023\/11\/rock.jpeg 696w, https:\/\/grupotiempodigital.com.ar\/wp-content\/uploads\/2023\/11\/rock-300x263.jpeg 300w\" sizes=\"auto, (max-width: 839px) 100vw, 839px\" \/><\/figure>\n\n\n\n<p>Este s\u00e1bado en la Biblioteca Popular Municipal se realizar\u00e1 el evento denominado \u201c40 A\u00f1os de Democracia &amp; Rock\u201d con la participaci\u00f3n de Oscar Magari\u00f1os brindando la charla: T\u00e9cnico en Grabaci\u00f3n, Productor Discogr\u00e1fico y ex Disc-Jokey.<\/p>\n\n\n\n<p>Tambi\u00e9n har\u00e1 su debut-presentaci\u00f3n la Banda SPIRIT de Patios Abiertos integrada por Adriel Mart\u00edn Gutierrez, Sandro Liet, Robertina Magn\u00edfico, Ignacio Dante Morales y Maximiliano Sierra.<\/p>\n\n\n\n<p>La cita es este s\u00e1bado 25 de noviembre a las 19 horas en La Biblioteca con entrada libre y gratuita.<\/p>\n","protected":false},"excerpt":{"rendered":"<p>Este s\u00e1bado en la Biblioteca Popular Municipal se realizar\u00e1 el evento denominado \u201c40 A\u00f1os de Democracia &amp; Rock\u201d con la<\/p>\n","protected":false},"author":3,"featured_media":0,"comment_status":"open","ping_status":"open","sticky":false,"template":"","format":"standard","meta":{"colormag_page_container_layout":"default_layout","colormag_page_sidebar_layout":"default_layout","footnotes":""},"categories":[1],"tags":[],"class_list":["post-44428","post","type-post","status-publish","format-standard","hentry","category-actualidad"],"_links":{"self":[{"href":"https:\/\/grupotiempodigital.com.ar\/index.php?rest_route=\/wp\/v2\/posts\/44428","targetHints":{"allow":["GET"]}}],"collection":[{"href":"https:\/\/grupotiempodigital.com.ar\/index.php?rest_route=\/wp\/v2\/posts"}],"about":[{"href":"https:\/\/grupotiempodigital.com.ar\/index.php?rest_route=\/wp\/v2\/types\/post"}],"author":[{"embeddable":true,"href":"https:\/\/grupotiempodigital.com.ar\/index.php?rest_route=\/wp\/v2\/users\/3"}],"replies":[{"embeddable":true,"href":"https:\/\/grupotiempodigital.com.ar\/index.php?rest_route=%2Fwp%2Fv2%2Fcomments&post=44428"}],"version-history":[{"count":1,"href":"https:\/\/grupotiempodigital.com.ar\/index.php?rest_route=\/wp\/v2\/posts\/44428\/revisions"}],"predecessor-version":[{"id":44430,"href":"https:\/\/grupotiempodigital.com.ar\/index.php?rest_route=\/wp\/v2\/posts\/44428\/revisions\/44430"}],"wp:attachment":[{"href":"https:\/\/grupotiempodigital.com.ar\/index.php?rest_route=%2Fwp%2Fv2%2Fmedia&parent=44428"}],"wp:term":[{"taxonomy":"category","embeddable":true,"href":"https:\/\/grupotiempodigital.com.ar\/index.php?rest_route=%2Fwp%2Fv2%2Fcategories&post=44428"},{"taxonomy":"post_tag","embeddable":true,"href":"https:\/\/grupotiempodigital.com.ar\/index.php?rest_route=%2Fwp%2Fv2%2Ftags&post=44428"}],"curies":[{"name":"wp","href":"https:\/\/api.w.org\/{rel}","templated":true}]}}