{"id":44423,"date":"2023-11-23T11:35:36","date_gmt":"2023-11-23T14:35:36","guid":{"rendered":"https:\/\/grupotiempodigital.com.ar\/?p=44423"},"modified":"2023-11-23T11:35:36","modified_gmt":"2023-11-23T14:35:36","slug":"el-hcd-general-paz-realizo-ayer-reconocimientos-en-sesion-especial","status":"publish","type":"post","link":"https:\/\/grupotiempodigital.com.ar\/?p=44423","title":{"rendered":"El HCD General Paz realiz\u00f3 ayer Reconocimientos en Sesi\u00f3n Especial"},"content":{"rendered":"\n<p>El acto se realiz\u00f3 en el primer piso del Centro C\u00edvico y cont\u00f3 con la presencia del Intendente Municipal Juan Manuel Alvarez.<\/p>\n\n\n\n<figure class=\"wp-block-image size-large\"><img loading=\"lazy\" decoding=\"async\" width=\"1024\" height=\"768\" src=\"https:\/\/grupotiempodigital.com.ar\/wp-content\/uploads\/2023\/11\/1-2-1024x768.jpg\" alt=\"\" class=\"wp-image-44424\" srcset=\"https:\/\/grupotiempodigital.com.ar\/wp-content\/uploads\/2023\/11\/1-2-1024x768.jpg 1024w, https:\/\/grupotiempodigital.com.ar\/wp-content\/uploads\/2023\/11\/1-2-300x225.jpg 300w, https:\/\/grupotiempodigital.com.ar\/wp-content\/uploads\/2023\/11\/1-2-768x576.jpg 768w, https:\/\/grupotiempodigital.com.ar\/wp-content\/uploads\/2023\/11\/1-2.jpg 1080w\" sizes=\"auto, (max-width: 1024px) 100vw, 1024px\" \/><\/figure>\n\n\n\n<p>Los reconocidos fueron:<\/p>\n\n\n\n<p><strong>RESOLUCI\u00d3N 3\/2023<\/strong><\/p>\n\n\n\n<p>Reconocer a los vecinos Rancheros, Liliana Tagliabue y Miguel Villano, por consagrarse Campeones Nacionales en equipo, en la Ciudad de Necochea por el Campeonato Nacional de la Federaci\u00f3n de Pesca y Lanzamiento de Buenos Aires.<\/p>\n\n\n\n<p>(<strong>Hace entrega de los presentes la concejal Ana Clara Alvarez y el concejal David L\u00f3pez<\/strong>)<\/p>\n\n\n\n<p><strong>RESOLUCI\u00d3N 4 y 5\/2023<\/strong><\/p>\n\n\n\n<p>Reconocer al ranchero Sergio Fredes por su destacada actuaci\u00f3n en la Temporada 2022\/2023 en disciplina Ciclismo la cual obtuvo el mayor galard\u00f3n: CAMPE\u00d3N EN LA CLASIFICACI\u00d3N GENERAL 86 EDICI\u00d3N De La DOBLE BRAGADO; CAMPE\u00d3N ARGENTINO DE CONTRARRELOJ INDIVIDUAL En El 111\u00b0 CAMPEONATO ARGENTINO DE RUTA \u00c9LITE; CAMPE\u00d3N ARGENTINO PRUEBA PELOT\u00d3N En MENDOZA Siendo El 1er ARGENTINO en obtenerlo.<\/p>\n\n\n\n<p>(<strong>Hace entrega de los presentes el concejal Daniel Aramburu&nbsp; y la concejal Graciela Novelino<\/strong>)<\/p>\n\n\n\n<p><strong>RESOLUCI\u00d3N 9\/2023<\/strong><\/p>\n\n\n\n<p>Reconocer a los deportistas Rancheros Alejandro Porcel y Cristian Speranza, por consagrarse campeones de la categor\u00eda S\u00e9ptima, en el torneo Provincial de P\u00e1del, disputado en la ciudad de Mar del Plata.<\/p>\n\n\n\n<p>(<strong>Hace entrega de los presentes el concejal Juan Manuel Porcel De Peralta y el concejal Juan Ignacio Tobio<\/strong>)<\/p>\n\n\n\n<p><strong>RESOLUCI\u00d3N 12\/2023<\/strong><\/p>\n\n\n\n<p>Reconocer al Profesor de Educaci\u00f3n Secundaria en Historia, Mat\u00edas Leonel Paz por su trabajo de reconstrucci\u00f3n hist\u00f3rica, plasmado en el libro de su autor\u00eda, titulado \u201cVecinalismo, conservadurismo y Ferrantismo. Dos d\u00e9cadas del gobierno vecinal en General Paz\u201d, publicado en noviembre de 2022.<\/p>\n\n\n\n<p>(<strong>Hace entrega de los presentes la concejal Mar\u00eda Lorena Pretti y el concejal Roberto Imberti<\/strong>)<\/p>\n\n\n\n<p><strong>RESOLUCI\u00d3N 18\/2023<\/strong><\/p>\n\n\n\n<p>Reconocer a los jugadores de Campo de Pato EL SIASGO; MARCHETTI Facundo; BERTOGLIO Benjam\u00edn; CEJAS Carlos y BERMUDEZ Justo, por representar con su esp\u00edritu deportivo no s\u00f3lo a la localidad de Villanueva, sino tambi\u00e9n a todo el distrito de General Paz obteniendo as\u00ed la Copa de Oro \u201cMunicipalidad de General Belgrano\u201d<\/p>\n\n\n\n<p><strong>(Hace entrega de los presentes la concejal Natalia Jaimerena y el concejal Juan Ignacio Tobio)<\/strong><\/p>\n\n\n\n<p><strong>RESOLUCI\u00d3N 24\/2023<\/strong><\/p>\n\n\n\n<p>Reconocer a los deportistas rancheros Brian Alexis Santero y Leonel Wooley, por consagrarse campeones en la categor\u00eda 4ta, en el segundo torneo Provincial de P\u00e1del en la ciudad de La Plata.<\/p>\n\n\n\n<p>Cabe destacar que el campeonato logrado por Brian Santero y Leonel Wooley compitieron m\u00e1s de 550 jugadores de toda la Provincia.<\/p>\n\n\n\n<p>(<strong>Hace entrega de los presentes el concejal Daniel Arambur\u00fa y el concejal Pedro Gerbelli<\/strong>)<\/p>\n\n\n\n<p><strong>RESOLUCI\u00d3N 28\/2023<\/strong><\/p>\n\n\n\n<p>Reconocer al polic\u00eda ranchero Oscar Daniel Robles, por haberle salvado la vida a un ni\u00f1o de 3 a\u00f1os de edad en la ciudad de Ezeiza.<\/p>\n\n\n\n<p>Cabe destacar, que Oscar Daniel Robles el dia 26 de Junio se encontraba prestando servicios en la ciudad de Ezeiza y cerca de la madrugada lleg\u00f3 una familia con un ni\u00f1o de 3 a\u00f1os de edad el cual hab\u00eda sufrido un paro cardiaco, el cual el polic\u00eda ranchero le practic\u00f3 con mucho profesionalismo RCP logrando as\u00ed salvarle la vida al ni\u00f1o.<\/p>\n\n\n\n<p><strong>(Hace entrega de los presentes la concejal Ana Clara Alvarez y la concejal Mar\u00eda Lorena Pretti)<\/strong><\/p>\n\n\n\n<p><strong>RESOLUCI\u00d3N 30\/2023<\/strong><\/p>\n\n\n\n<p>Reconocer a la \u201cAcademia Taekwondo Ursino Competici\u00f3n\u201d por la trayectoria obtenida en pos de formar ni\u00f1os\/ni\u00f1as y adolescentes en esta disciplina a trav\u00e9s del maestro Alejandro Ursino y a los competidores: Valentin Ursino, Morena Beletiere, Milagros Varas, Esteban Pessi, Salma Pessi, Bastian Rojas, Lautaro Igor, Alexis Cignoli, Mateo Contreras y Luciano Cipolla por los logros alcanzados en el Campeonato Argentino llevado a cabo en la ciudad de Quilmes.<\/p>\n\n\n\n<p>Cabe destacar que la academia que lleva m\u00e1s de 32 a\u00f1os desde su fundaci\u00f3n, el pasado 11 de noviembre estuvieron presentes en el Campeonato Nacional llevado a cabo en Pinamar, donde tuvieron una muy buena actuaci\u00f3n obteniendo 12 medallas de Oro y 3 de Bronce, donde las ranchera Antonia Magari\u00f1os sali\u00f3 campeona en forma y combate al igual que Tiziana Lomba que obtuvo el subcampeonato y tercera en formas en el campeonato provincial en la ciudad de La Plata.<\/p>\n\n\n\n<p><strong>(Hace entrega de los presentes el concejal Daniel Aramburu y la concejal Mar\u00eda Cecilia Cabral)<\/strong><\/p>\n\n\n\n<p><strong>RESOLUCI\u00d3N 33\/2023<\/strong><\/p>\n\n\n\n<p>Reconocer a los estudiantes Valentina Farina y Luna Pacheco del Distrito de General Paz, por su participaci\u00f3n en la instancia distrital del Parlamento Juvenil del Mercosur y su selecci\u00f3n para representar al distrito a nivel provincial.<\/p>\n\n\n\n<p>El Parlamento Juvenil del Mercosur es un programa implementado en las Escuelas Secundarias donde promueve un espacio de di\u00e1logo institucionalizado entre estudiantes del nivel secundario con el prop\u00f3sito de fomentar el debate como forma de construcci\u00f3n del conocimiento y la participaci\u00f3n como herramienta de transformaci\u00f3n social.<\/p>\n\n\n\n<p><strong>(Hace entrega de los presentes el concejal Juan Manuel Porcel De Peralta y la concejal Graciela Novelino)<\/strong><\/p>\n\n\n\n<p><strong>RESOLUCI\u00d3N 36\/2023<\/strong><\/p>\n\n\n\n<p>Reconocer a la joven deportista Florencia Sequeira por la obtenci\u00f3n del 1\u00b0puesto en el 56\u00b0 campeonato Nacional de Atletismo, realizado en el Centro Nacional de alto rendimiento los d\u00edas 22 y 23 de julio en la ciudad de Mar del Plata.<\/p>\n\n\n\n<p>Cabe destacar que Florencia compiti\u00f3 en una categor\u00eda mayor a la suya en la disciplina Lanzamiento de Bala y registr\u00f3 una marca de 11 mts 59cm que le posibilit\u00f3 consagrarse como campeona Nacional, superando con esta marca, sus marcas anteriores, demostrando as\u00ed, su tenacidad, superaci\u00f3n en la pr\u00e1ctica de un deporte que nace del esfuerzo y de la capacidad f\u00edsica y mental.<\/p>\n\n\n\n<p><strong>(Hace entrega de los presentes el concejal Juan Ignacio Tobio y la concejal Natalia Jaimerena)<\/strong><\/p>\n\n\n\n<p><strong>RESOLUCI\u00d3N 38\/2023<\/strong><\/p>\n\n\n\n<p>Reconocer al Ranchero Juan Miguel Villano por su destacada participaci\u00f3n en las competencias de la Federaci\u00f3n de Pesca y Lanzamiento de la Provincia de Buenos Aires realizado en la ciudad de Balcarce en el mes de Agosto, obteniendo el 2\u00b0 puesto entre 140 participantes.<\/p>\n\n\n\n<p><strong>(Hace entrega de los presentes el concejal Roberto Imberti y el concejal David L\u00f3pez)<\/strong><\/p>\n\n\n\n<p><strong>RESOLUCI\u00d3N 39\/2023<\/strong><\/p>\n\n\n\n<p>Reconocer a las Rancheras Mar\u00eda Lucia Uribarri, Sabrina Lamarque, Mailen Migone Orphant, Johana Migone y Anal\u00eda G\u00f3mez, tras consagrarse bi campeonas del Torneo Apertura Femenino con el club Uni\u00f3n Deportiva de Chascom\u00fas en el mes de Agosto en la Liga Chascomunense de F\u00fatbol.<\/p>\n\n\n\n<p><strong>(Hace entrega de los presentes la concejal Ana Clara Alvarez&nbsp; y la concejal Mar\u00eda Cecilia Cabral)<\/strong><\/p>\n\n\n\n<p><strong>RESOLUCI\u00d3N 40\/2023<\/strong><\/p>\n\n\n\n<p>Reconocer a la cuarta divisi\u00f3n del Club Atl\u00e9tico Ranchos por haber obtenido el Bicampeonato de la Liga Chascomunense de F\u00fatbol (Clausura 2022 \u2013 Apertura 2023).<\/p>\n\n\n\n<p>Cabe destacar, que el conjunto Bicampe\u00f3n dirigido por Christian Barreto, estuvo conformado por los jugadores: Bautista Soberon, Brian Caparelli, Brian Camargo, Jer\u00f3nimo Martinetti, Ezequiel Fernandez, Isaias Santero, Jerem\u00edas Correa, Luis Gim\u00e9nez, Facundo Laportilla, Mat\u00edas Montes, Lucas Sansot, Nahuel Villar, Thiago Lafuente, Francisco Paz, Franco Ruiz, Leandro D\u00edaz, Valentino Porcel, Gregorio Benito, Tiago Hirigoyen, Ariel Ib\u00e1\u00f1ez, Ignacio Tamarit y Samuel Escobar.<\/p>\n\n\n\n<p><strong>(Hacen entrega de los presentes la presidenta del HCD Alicia Genin, el intendente municipal Juan Manuel Alvarez, la concejal Ana Clara Alvarez y la concejal Graciela Novelino)<\/strong><\/p>\n\n\n\n<p><strong>RESOLUCI\u00d3N 42\/2023<\/strong><\/p>\n\n\n\n<p>Reconocer a la instituci\u00f3n \u201cClub Los Merinos\u201d, de la localidad de Loma Verde a trav\u00e9s de su comisi\u00f3n directiva, encabezada desde el a\u00f1o 2006 por la vecina Zulema Cosentino, por su larga trayectoria e inserci\u00f3n en la comunidad.<\/p>\n\n\n\n<p>El Club Los Merinos de Loma Verde, fue fundado el 1 de mayo de 1932 y hasta el d\u00eda de hoy sigue brindando apoyo a las instituciones intermedias y municipales y por el fomento de actividades sociales y culturales en sus instalaciones.<\/p>\n\n\n\n<p><strong>(Hace Entrega de los presentes el concejal Roberto Imberti y la concejal Mar\u00eda Lorena Pretti)<\/strong><\/p>\n\n\n\n<p><strong>RESOLUCI\u00d3N 46\/2023<\/strong><\/p>\n\n\n\n<p>Reconocer a la deportista Abigail Pacheco por haber obtenido el 1er puesto en el Campeonato Nacional de Pat\u00edn Art\u00edstico, en la Ciudad de R\u00edo Segundo, C\u00f3rdoba.<\/p>\n\n\n\n<p>Cabe destacar que el pat\u00edn art\u00edstico sobre ruedas es una disciplina deportiva de deslizamiento en la que se compite sobre patines, combinando elementos t\u00e9cnicos con facetas art\u00edsticas. Abigail tiene 10 a\u00f1os y hace dos a\u00f1os comenz\u00f3 a practicar la disciplina pat\u00edn en la ciudad de Brandsen, en el Club Social junto a los t\u00e9cnicos Melanie y Cristian Zudaire.<\/p>\n\n\n\n<p><strong>(Hace entrega de los presentes el concejal Juan Manuel Porcel De Peralta y la concejal Mar\u00eda Cecilia Cabral)<\/strong><\/p>\n\n\n\n<p><strong>RESOLUCI\u00d3N 47\/2023<\/strong><\/p>\n\n\n\n<p>Reconocer a las y los deportistas Conrado Arce, Conrado Basualdo Alvarez, Conrado Catullo, Dante Paz Visciglia, R\u00f3mulo Peyr\u00e9, Juana Villar, Olivia Chartea, Martina Ortiz, Justina Pollio, Ludmila Lamarque, y a su Profesora Sabrina Lamarque, por haber obtenido Medalla de Oro en los Juegos Bonaerenses 2023, en la disciplina F\u00fatbol Mixto.<\/p>\n\n\n\n<p>Reconocer a la deportista Florencia Sequeira, y a su Profesor Mat\u00edas Gago, por haber obtenido Medalla de Oro en los Juegos Bonaerenses 2023, en la disciplina Lanzamiento de Bala.<\/p>\n\n\n\n<p>Reconocer a las deportistas Emma Santaluc\u00eda y Francesca Brenna, y a su Profesor Nicol\u00e1s Rey, por haber obtenido Medalla de Plata en los Juegos Bonaerenses 2023, en la disciplina Beach V\u00f3ley.<\/p>\n\n\n\n<p>Reconocer al deportista Tom\u00e1s Castillo, y a su Profesor Pichu Godoy, por haber obtenido Medalla de Bronce en los Juegos Bonaerenses 2023, en la disciplina Tenis Single.<\/p>\n\n\n\n<p>Reconocer a la dupla Carmen Garc\u00eda y Alberto Pr\u00f3speri, por haber obtenido Medalla de Bronce en los Juegos Bonaerenses 2023, en la disciplina Tejo Mixto.<\/p>\n\n\n\n<p><strong>(Hacen entrega de los presentes la presidenta del HCD Alicia Genin, el intendente municipal Juan Manuel Alvarez, el concejal Daniel Aramburu, David L\u00f3pez)<\/strong><\/p>\n\n\n\n<p><strong>RESOLUCI\u00d3N 51\/2023<\/strong><\/p>\n\n\n\n<p>Reconocer al profesor Alejandro Taus por lograr el primer puesto en el Campeonato de Ajedrez Cuenca del Salado 2023.<\/p>\n\n\n\n<p>Cabe destacar que Alejandro Taus comenz\u00f3 en la pr\u00e1ctica del Ajedrez a los 7 a\u00f1os con la orientaci\u00f3n del profesor Eduardo Durdos, realizando las clases inicialmente en la Biblioteca Municipal y tambi\u00e9n en el Centro de Educaci\u00f3n F\u00edsica de Ranchos.<\/p>\n\n\n\n<p><strong>(Hace entrega de los presentes el concejal Roberto Imberti y la concejal Graciela Novelino)<\/strong><\/p>\n\n\n\n<p><strong>RESOLUCI\u00d3N 53\/2023<\/strong><\/p>\n\n\n\n<p>Reconocer la labor de los integrantes del Taller de Carpinter\u00eda Municipal&nbsp;&nbsp;&nbsp;&nbsp;&nbsp;&nbsp;&nbsp;&nbsp;&nbsp;&nbsp;&nbsp;&nbsp;&nbsp;&nbsp;&nbsp;&nbsp;&nbsp;&nbsp;&nbsp;&nbsp;&nbsp;&nbsp;&nbsp;&nbsp;&nbsp;&nbsp;&nbsp;&nbsp;&nbsp;&nbsp;&nbsp;&nbsp;&nbsp;&nbsp;&nbsp;&nbsp;&nbsp;&nbsp;&nbsp;&nbsp;&nbsp;&nbsp;&nbsp;&nbsp;&nbsp;&nbsp;&nbsp;&nbsp;&nbsp;&nbsp;&nbsp;&nbsp;&nbsp;&nbsp;&nbsp;&nbsp;&nbsp;&nbsp;&nbsp;&nbsp;&nbsp;&nbsp;&nbsp;&nbsp;&nbsp;&nbsp;&nbsp;&nbsp;&nbsp;&nbsp;&nbsp;&nbsp;&nbsp;&nbsp;&nbsp;&nbsp;&nbsp;&nbsp;&nbsp;&nbsp;&nbsp;&nbsp;&nbsp;&nbsp;&nbsp;&nbsp; instructor Sr. Oscar Eduardo C\u00e1rdenas, y a las&nbsp; alumnas y los alumnos del curso: Jos\u00e9 Ra\u00fal Correa, Leandro Ariel Castro, Lucrecia Belloni, Graciela Gonz\u00e1lez, Marisa D\u00edaz, Rodrigo Fredes, Juli\u00e1n Nazario, Yolanda Salas, Patricia \u00c1vila, Gabriel Santero, Mar\u00eda Barrios, Dora Mendizabal, Rosa Medina, Mat\u00edas Seillant, Susana Lebrero, Agust\u00edn Lezcano, Nazareno \u00c1vila, Liliana Ben\u00edtez, Patricia Rojas, Cristina Lamarque y Alexis Saavedra&nbsp; por su inserci\u00f3n productiva en la comunidad de General Paz.<\/p>\n\n\n\n<p>Cabe destacar que los integrantes del taller han realizado importantes aportes a las instituciones del Distrito: juegos de mesa , sillas y bibliotecas, equipo para el Museo Ferroviario, cestos de basura y una de las m\u00e1s recientes producciones es el dise\u00f1o, elaboraci\u00f3n, armado y pintura de las nuevas Bancas y mesa de autoridades para la sala de sesiones del Honorable Concejo Deliberante de General Paz. Equipamiento y mobiliario que tiene especial significado al cumplirse este a\u00f1o, el 40\u00b0 Aniversario de la recuperaci\u00f3n de la Democracia Argentina.<\/p>\n\n\n\n<p>(Hacen entrega de los presentes la presidenta del HCD Alicia Genin, el intendente municipal Juan Manuel Alvarez, el concejal Daniel Aramburu y la concejal Maria Lorena Pretti)<\/p>\n\n\n\n<p><strong>RESOLUCI\u00d3N 54\/2023<\/strong><\/p>\n\n\n\n<p>Reconocer al Campo de Pato \u201cEl Siasgo\u201d por la obtenci\u00f3n de la Copa \u201cEl Cofre General Pico\u201d y tambi\u00e9n Reconocer al jugador Justo Jos\u00e9 Berm\u00fadez, por sus menciones en el Torneo y por representar con su esp\u00edritu deportivo no solo a la Localidad de Villanueva, sino tambi\u00e9n a todo el distrito de General Paz.<\/p>\n\n\n\n<p><strong>(Hace entrega de los presentes el concejal Pedro Gerbelli y la concejal Natalia Jaimerena)<\/strong><\/p>\n\n\n\n<p><strong>RESOLUCI\u00d3N 55\/2023<\/strong><\/p>\n\n\n\n<p>Reconocer a los jugadores de la categor\u00eda 2012 de la EMFI de Ranchos: Ezeiza Joaqu\u00edn, Ugalde Manuel, Ravir\u00fa Jon\u00e1s, Arce Conrado, Orphant Valent\u00edn, Rodr\u00edguez Benicio, Parodi Francisco, \u00c1vila Tiziano, Basualdo Alvarez Conrado, Castro Dilan, Peyr\u00e9 R\u00f3mulo, Lamarque Mat\u00edas y a sus directores t\u00e9cnicos Carlos Lamarque y Carlos Blanco, por consagrarse campeones en el Torneo Amistad \u2013 Copa Luis Rivero 2023 de la Liga de F\u00fatbol Infantil de la Cuenca del Salado.<\/p>\n\n\n\n<p><strong>(Hace entrega de los presentes la concejal Ana Clara Alvarez\u00a0 y la concejal Mar\u00eda Cecilia Cabral)<\/strong><\/p>\n\n\n\n<figure class=\"wp-block-image size-large\"><img loading=\"lazy\" decoding=\"async\" width=\"1024\" height=\"768\" src=\"https:\/\/grupotiempodigital.com.ar\/wp-content\/uploads\/2023\/11\/2-2-1024x768.jpg\" alt=\"\" class=\"wp-image-44425\" srcset=\"https:\/\/grupotiempodigital.com.ar\/wp-content\/uploads\/2023\/11\/2-2-1024x768.jpg 1024w, https:\/\/grupotiempodigital.com.ar\/wp-content\/uploads\/2023\/11\/2-2-300x225.jpg 300w, https:\/\/grupotiempodigital.com.ar\/wp-content\/uploads\/2023\/11\/2-2-768x576.jpg 768w, https:\/\/grupotiempodigital.com.ar\/wp-content\/uploads\/2023\/11\/2-2.jpg 1080w\" sizes=\"auto, (max-width: 1024px) 100vw, 1024px\" \/><\/figure>\n\n\n\n<figure class=\"wp-block-image size-large\"><img loading=\"lazy\" decoding=\"async\" width=\"1024\" height=\"768\" src=\"https:\/\/grupotiempodigital.com.ar\/wp-content\/uploads\/2023\/11\/3-2-1024x768.jpg\" alt=\"\" class=\"wp-image-44426\" srcset=\"https:\/\/grupotiempodigital.com.ar\/wp-content\/uploads\/2023\/11\/3-2-1024x768.jpg 1024w, https:\/\/grupotiempodigital.com.ar\/wp-content\/uploads\/2023\/11\/3-2-300x225.jpg 300w, https:\/\/grupotiempodigital.com.ar\/wp-content\/uploads\/2023\/11\/3-2-768x576.jpg 768w, https:\/\/grupotiempodigital.com.ar\/wp-content\/uploads\/2023\/11\/3-2.jpg 1080w\" sizes=\"auto, (max-width: 1024px) 100vw, 1024px\" \/><\/figure>\n","protected":false},"excerpt":{"rendered":"<p>El acto se realiz\u00f3 en el primer piso del Centro C\u00edvico y cont\u00f3 con la presencia del Intendente Municipal Juan<\/p>\n","protected":false},"author":3,"featured_media":0,"comment_status":"open","ping_status":"open","sticky":false,"template":"","format":"standard","meta":{"colormag_page_container_layout":"default_layout","colormag_page_sidebar_layout":"default_layout","footnotes":""},"categories":[1],"tags":[],"class_list":["post-44423","post","type-post","status-publish","format-standard","hentry","category-actualidad"],"_links":{"self":[{"href":"https:\/\/grupotiempodigital.com.ar\/index.php?rest_route=\/wp\/v2\/posts\/44423","targetHints":{"allow":["GET"]}}],"collection":[{"href":"https:\/\/grupotiempodigital.com.ar\/index.php?rest_route=\/wp\/v2\/posts"}],"about":[{"href":"https:\/\/grupotiempodigital.com.ar\/index.php?rest_route=\/wp\/v2\/types\/post"}],"author":[{"embeddable":true,"href":"https:\/\/grupotiempodigital.com.ar\/index.php?rest_route=\/wp\/v2\/users\/3"}],"replies":[{"embeddable":true,"href":"https:\/\/grupotiempodigital.com.ar\/index.php?rest_route=%2Fwp%2Fv2%2Fcomments&post=44423"}],"version-history":[{"count":1,"href":"https:\/\/grupotiempodigital.com.ar\/index.php?rest_route=\/wp\/v2\/posts\/44423\/revisions"}],"predecessor-version":[{"id":44427,"href":"https:\/\/grupotiempodigital.com.ar\/index.php?rest_route=\/wp\/v2\/posts\/44423\/revisions\/44427"}],"wp:attachment":[{"href":"https:\/\/grupotiempodigital.com.ar\/index.php?rest_route=%2Fwp%2Fv2%2Fmedia&parent=44423"}],"wp:term":[{"taxonomy":"category","embeddable":true,"href":"https:\/\/grupotiempodigital.com.ar\/index.php?rest_route=%2Fwp%2Fv2%2Fcategories&post=44423"},{"taxonomy":"post_tag","embeddable":true,"href":"https:\/\/grupotiempodigital.com.ar\/index.php?rest_route=%2Fwp%2Fv2%2Ftags&post=44423"}],"curies":[{"name":"wp","href":"https:\/\/api.w.org\/{rel}","templated":true}]}}