{"id":44413,"date":"2023-11-22T12:33:14","date_gmt":"2023-11-22T15:33:14","guid":{"rendered":"https:\/\/grupotiempodigital.com.ar\/?p=44413"},"modified":"2023-11-22T12:33:14","modified_gmt":"2023-11-22T15:33:14","slug":"los-bancos-de-la-provincia-de-buenos-aires-cambiaron-su-horario-de-atencion-al-publico","status":"publish","type":"post","link":"https:\/\/grupotiempodigital.com.ar\/?p=44413","title":{"rendered":"Los bancos de la provincia de Buenos Aires cambiaron su horario de atenci\u00f3n al p\u00fablico"},"content":{"rendered":"\n<p class=\"has-text-align-left\">Al igual que el a\u00f1o pasado, el gobierno provincial determin\u00f3 adelantar dos horas el tiempo de atenci\u00f3n al p\u00fablico de los bancos en la Provincia para que los clientes no se expongan a altas temperaturas durante el verano.<\/p>\n\n\n\n<figure class=\"wp-block-image aligncenter size-full is-resized\"><img loading=\"lazy\" decoding=\"async\" src=\"https:\/\/grupotiempodigital.com.ar\/wp-content\/uploads\/2023\/11\/RELOJ-1.jpg\" alt=\"\" class=\"wp-image-44414\" width=\"202\" height=\"202\"\/><\/figure>\n\n\n\n<p>Con el objetivo de \u00abfacilitar a la comunidad el desenvolvimiento adecuado de la actividad financiera\u00bb, <a href=\"https:\/\/www.ambito.com\/informacion-general\/token-banco-provincia-que-es-y-como-generarlo-cuenta-dni-n5876203\" target=\"_blank\" rel=\"noreferrer noopener\">los bancos de la provincia de Buenos Aires<\/a> <strong>adelantaron dos horas el horario de atenci\u00f3n al p\u00fablico <\/strong>desde ayer <strong>martes 21 de noviembre<\/strong>.<\/p>\n\n\n\n<p>La decisi\u00f3n apunta a que, <strong>durante los meses de verano<\/strong>, se pueda evitar que los clientes de las entidades financieras <strong>se expongan a las altas temperaturas<\/strong>. La medida estar\u00e1 vigente hasta el 29 de marzo de 2024.<\/p>\n\n\n\n<p>Mediante el decreto 2106 se dispuso \u00abestablecer, entre el 21 de noviembre de 2023 y el 29 de marzo de 2024, para las entidades bancarias situadas en los municipios comprendidos, que el personal cumplir\u00e1 su jornada laboral de lunes a viernes de 7:45 a 15:15 horas, debiendo destinarse como horario de atenci\u00f3n al p\u00fablico el comprendido entre las 8:00 y las 13:00 horas\u00bb, tal como explica el art\u00edculo 1\u00b0 del texto firmado por el gobernador Axel Kicillof.<\/p>\n\n\n\n<p>Luego del 29 de marzo, aclararon en el sector financiero, el horario de atenci\u00f3n al p\u00fablico en los distritos adheridos, <strong>volver\u00e1 a ser el habitual de 10 a 15 horas.<\/strong><\/p>\n","protected":false},"excerpt":{"rendered":"<p>Al igual que el a\u00f1o pasado, el gobierno provincial determin\u00f3 adelantar dos horas el tiempo de atenci\u00f3n al p\u00fablico de<\/p>\n","protected":false},"author":3,"featured_media":0,"comment_status":"open","ping_status":"open","sticky":false,"template":"","format":"standard","meta":{"colormag_page_container_layout":"default_layout","colormag_page_sidebar_layout":"default_layout","footnotes":""},"categories":[1],"tags":[],"class_list":["post-44413","post","type-post","status-publish","format-standard","hentry","category-actualidad"],"_links":{"self":[{"href":"https:\/\/grupotiempodigital.com.ar\/index.php?rest_route=\/wp\/v2\/posts\/44413","targetHints":{"allow":["GET"]}}],"collection":[{"href":"https:\/\/grupotiempodigital.com.ar\/index.php?rest_route=\/wp\/v2\/posts"}],"about":[{"href":"https:\/\/grupotiempodigital.com.ar\/index.php?rest_route=\/wp\/v2\/types\/post"}],"author":[{"embeddable":true,"href":"https:\/\/grupotiempodigital.com.ar\/index.php?rest_route=\/wp\/v2\/users\/3"}],"replies":[{"embeddable":true,"href":"https:\/\/grupotiempodigital.com.ar\/index.php?rest_route=%2Fwp%2Fv2%2Fcomments&post=44413"}],"version-history":[{"count":1,"href":"https:\/\/grupotiempodigital.com.ar\/index.php?rest_route=\/wp\/v2\/posts\/44413\/revisions"}],"predecessor-version":[{"id":44415,"href":"https:\/\/grupotiempodigital.com.ar\/index.php?rest_route=\/wp\/v2\/posts\/44413\/revisions\/44415"}],"wp:attachment":[{"href":"https:\/\/grupotiempodigital.com.ar\/index.php?rest_route=%2Fwp%2Fv2%2Fmedia&parent=44413"}],"wp:term":[{"taxonomy":"category","embeddable":true,"href":"https:\/\/grupotiempodigital.com.ar\/index.php?rest_route=%2Fwp%2Fv2%2Fcategories&post=44413"},{"taxonomy":"post_tag","embeddable":true,"href":"https:\/\/grupotiempodigital.com.ar\/index.php?rest_route=%2Fwp%2Fv2%2Ftags&post=44413"}],"curies":[{"name":"wp","href":"https:\/\/api.w.org\/{rel}","templated":true}]}}