{"id":44407,"date":"2023-11-17T11:33:21","date_gmt":"2023-11-17T14:33:21","guid":{"rendered":"https:\/\/grupotiempodigital.com.ar\/?p=44407"},"modified":"2023-11-17T11:33:21","modified_gmt":"2023-11-17T14:33:21","slug":"anses-presenta-la-nueva-guia-de-derechos","status":"publish","type":"post","link":"https:\/\/grupotiempodigital.com.ar\/?p=44407","title":{"rendered":"ANSES PRESENTA LA NUEVA\u00a0GU\u00cdA DE DERECHOS"},"content":{"rendered":"\n<figure class=\"wp-block-image size-large\"><img loading=\"lazy\" decoding=\"async\" width=\"1024\" height=\"683\" src=\"https:\/\/grupotiempodigital.com.ar\/wp-content\/uploads\/2023\/11\/ANSES-1024x683.jpg\" alt=\"\" class=\"wp-image-44408\" srcset=\"https:\/\/grupotiempodigital.com.ar\/wp-content\/uploads\/2023\/11\/ANSES-1024x683.jpg 1024w, https:\/\/grupotiempodigital.com.ar\/wp-content\/uploads\/2023\/11\/ANSES-300x200.jpg 300w, https:\/\/grupotiempodigital.com.ar\/wp-content\/uploads\/2023\/11\/ANSES-768x512.jpg 768w, https:\/\/grupotiempodigital.com.ar\/wp-content\/uploads\/2023\/11\/ANSES.jpg 1080w\" sizes=\"auto, (max-width: 1024px) 100vw, 1024px\" \/><\/figure>\n\n\n\n<p>En el marco de un encuentro con organizaciones sociales y de la sociedad civil, en el sal\u00f3n&nbsp;<em>N\u00e9stor Kirchner<\/em>&nbsp;de la sede central de ANSES, su directora ejecutiva&nbsp;<strong>Fernanda Raverta<\/strong>&nbsp;present\u00f3 la nueva&nbsp;<em>Gu\u00eda de derechos<\/em>, un material de difusi\u00f3n que compila todas las prestaciones, programas y beneficios que ofrece el organismo para garantizar el acceso a la Seguridad Social a todas las argentinas y los argentinos, en cada etapa de la vida.<\/p>\n\n\n\n<p>Durante dicha reuni\u00f3n,&nbsp;<strong>Raverta<\/strong>&nbsp;destac\u00f3:&nbsp;<em>\u201cANSES es el coraz\u00f3n del Estado nacional y por eso es que, con coraz\u00f3n e inteligencia institucional, trabajamos a diario para seguir en la tarea de construir un organismo m\u00e1s cercano y emp\u00e1tico. Eso es imposible de realizar sin una comunicaci\u00f3n cotidiana con los colectivos y las organizaciones de la sociedad civil que trabajan con tanto compromiso, esfuerzo y tenacidad para que todas y todos puedan conocer sus derechos. A partir de ese ida y vuelta, de ese di\u00e1logo, es que pensamos en esta gu\u00eda y en cada una de las publicaciones de ANSES\u201d.<\/em><\/p>\n\n\n\n<p>Estuvieron presentes miembros del gabinete de ANSES y las siguientes instituciones: Cooperativa&nbsp;<em>Las decididas<\/em>, Fundaci\u00f3n de Organizaciones Comunitarias (FOC), Fundaci\u00f3n SES, Asociaci\u00f3n FORGA, Comedor&nbsp;<em>Estrella de Bel\u00e9n<\/em>&nbsp;del Barrio 31, Asociaci\u00f3n civil&nbsp;<em>Soy porque Somos<\/em>&nbsp;del Barrio 31, Jard\u00edn&nbsp;<em>Caminito<\/em>, Mujeres por el Desarrollo y la Igualdad, Escuela Popular&nbsp;<em>San Roque&nbsp;<\/em>y Asociaci\u00f3n FOSDE.<\/p>\n\n\n\n<p>Durante el encuentro se present\u00f3 tambi\u00e9n la publicaci\u00f3n&nbsp;<em>La madre de todas las batallas<\/em>, que compila historias de vida de mujeres que accedieron a su jubilaci\u00f3n a partir del programa de Reconocimiento de Aportes por Tareas de Cuidado, surgido de las experiencias compartidas en un ciclo de lectura y escritura organizado por el organismo durante 2022. Al mismo tiempo, se presentaron diversas publicaciones del Observatorio de la Seguridad Social, que cuentan con informes, elementos de diagn\u00f3stico, antecedentes y dan cuenta del impacto que han tenido las prestaciones y pol\u00edticas p\u00fablicas del organismo a fin de potenciar el v\u00ednculo con la comunidad y amplificar los conocimientos de la ciudadan\u00eda.<\/p>\n\n\n\n<p><strong>Gu\u00eda de Derechos: ANSES, en cada etapa de tu vida<\/strong><\/p>\n\n\n\n<p>La gu\u00eda contiene una explicaci\u00f3n de los principales tr\u00e1mites que realiza ANSES y una descripci\u00f3n de todas sus prestaciones, organizada en base a las distintas etapas:<\/p>\n\n\n\n<p>\u00b7&nbsp;&nbsp;&nbsp;&nbsp;&nbsp;&nbsp;&nbsp;&nbsp;Embarazo, Nacimiento y Maternidad<\/p>\n\n\n\n<p>\u00b7&nbsp;&nbsp;&nbsp;&nbsp;&nbsp;&nbsp;&nbsp;&nbsp;Ni\u00f1ez, Adolescencia y Juventud<\/p>\n\n\n\n<p>\u00b7&nbsp;&nbsp;&nbsp;&nbsp;&nbsp;&nbsp;&nbsp;&nbsp;Etapa laboral<\/p>\n\n\n\n<p>\u00b7&nbsp;&nbsp;&nbsp;&nbsp;&nbsp;&nbsp;&nbsp;&nbsp;Matrimonio y Familia<\/p>\n\n\n\n<p>\u00b7&nbsp;&nbsp;&nbsp;&nbsp;&nbsp;&nbsp;&nbsp;&nbsp;Personas mayores<\/p>\n\n\n\n<p>Tambi\u00e9n incluye un apartado para los programas y beneficios (descuentos en comercios, tarifas sociales, entre otros); y un resumen final de&nbsp;<em>ANSES en n\u00fameros<\/em>, a trav\u00e9s de los datos que aporta el Observatorio de la Seguridad Social (<a href=\"http:\/\/www.anses.gob.ar\/observatorio\" target=\"_blank\" rel=\"noreferrer noopener\">www.anses.gob.ar\/observatorio<\/a>).<\/p>\n\n\n\n<p class=\"has-text-align-right\"><strong>Se agradece difusi\u00f3n<\/strong><\/p>\n\n\n\n<p class=\"has-text-align-right\"><strong>ANSES<\/strong><\/p>\n","protected":false},"excerpt":{"rendered":"<p>En el marco de un encuentro con organizaciones sociales y de la sociedad civil, en el sal\u00f3n&nbsp;N\u00e9stor Kirchner&nbsp;de la sede<\/p>\n","protected":false},"author":3,"featured_media":0,"comment_status":"open","ping_status":"open","sticky":false,"template":"","format":"standard","meta":{"colormag_page_container_layout":"default_layout","colormag_page_sidebar_layout":"default_layout","footnotes":""},"categories":[1],"tags":[],"class_list":["post-44407","post","type-post","status-publish","format-standard","hentry","category-actualidad"],"_links":{"self":[{"href":"https:\/\/grupotiempodigital.com.ar\/index.php?rest_route=\/wp\/v2\/posts\/44407","targetHints":{"allow":["GET"]}}],"collection":[{"href":"https:\/\/grupotiempodigital.com.ar\/index.php?rest_route=\/wp\/v2\/posts"}],"about":[{"href":"https:\/\/grupotiempodigital.com.ar\/index.php?rest_route=\/wp\/v2\/types\/post"}],"author":[{"embeddable":true,"href":"https:\/\/grupotiempodigital.com.ar\/index.php?rest_route=\/wp\/v2\/users\/3"}],"replies":[{"embeddable":true,"href":"https:\/\/grupotiempodigital.com.ar\/index.php?rest_route=%2Fwp%2Fv2%2Fcomments&post=44407"}],"version-history":[{"count":1,"href":"https:\/\/grupotiempodigital.com.ar\/index.php?rest_route=\/wp\/v2\/posts\/44407\/revisions"}],"predecessor-version":[{"id":44409,"href":"https:\/\/grupotiempodigital.com.ar\/index.php?rest_route=\/wp\/v2\/posts\/44407\/revisions\/44409"}],"wp:attachment":[{"href":"https:\/\/grupotiempodigital.com.ar\/index.php?rest_route=%2Fwp%2Fv2%2Fmedia&parent=44407"}],"wp:term":[{"taxonomy":"category","embeddable":true,"href":"https:\/\/grupotiempodigital.com.ar\/index.php?rest_route=%2Fwp%2Fv2%2Fcategories&post=44407"},{"taxonomy":"post_tag","embeddable":true,"href":"https:\/\/grupotiempodigital.com.ar\/index.php?rest_route=%2Fwp%2Fv2%2Ftags&post=44407"}],"curies":[{"name":"wp","href":"https:\/\/api.w.org\/{rel}","templated":true}]}}