{"id":44404,"date":"2023-11-17T11:11:38","date_gmt":"2023-11-17T14:11:38","guid":{"rendered":"https:\/\/grupotiempodigital.com.ar\/?p=44404"},"modified":"2023-11-17T11:11:38","modified_gmt":"2023-11-17T14:11:38","slug":"chascomus-comunicado-de-casa-armendariz","status":"publish","type":"post","link":"https:\/\/grupotiempodigital.com.ar\/?p=44404","title":{"rendered":"Chascom\u00fas: COMUNICADO DE CASA ARMENDARIZ"},"content":{"rendered":"\n<figure class=\"wp-block-image aligncenter size-full is-resized\"><img loading=\"lazy\" decoding=\"async\" src=\"https:\/\/grupotiempodigital.com.ar\/wp-content\/uploads\/2023\/11\/Casa-Armendariz.jpg\" alt=\"\" class=\"wp-image-44405\" width=\"141\" height=\"143\"\/><\/figure>\n\n\n\n<p><strong>CASA ARMENDARIZ SA, comunica a la comunidad de Chascom\u00fas, que a partir del d\u00eda de la fecha deja de prestar Servicios F\u00fanebres. Eterno agradecimiento a las familias, Municipalidad de Chascom\u00fas, Instituciones P\u00fablicas y Privadas, proveedores y amigos que por m\u00e1s de 100 a\u00f1os depositaron su confianza en la firma. Por cualquier tr\u00e1mite o gesti\u00f3n relacionado con servicios anteriores al d\u00eda de la fecha se podr\u00e1 concurrir a Cramer N\u00b0 59 de nuestra ciudad P\/CASA ARMENDARIZ SA<\/strong><\/p>\n\n\n\n<p><strong>Por cualquier duda sobre el cese de la actividad el \u00fanico vocero es Marcelo ARMENDARIZ con el tel\u00e9fono del Estudio (02241) 42-5185, los lunes, mi\u00e9rcoles y viernes.<\/strong><\/p>\n\n\n\n<p><strong>Para la parte hist\u00f3rica de CASA ARMENDARIZ el \u00fanico vocero es Gustavo ARMENDARIZ y su tel\u00e9fono es&nbsp;(02241) 15-68&nbsp;1742.<\/strong><\/p>\n\n\n\n<p><strong>AMBOS ESTAR\u00c1N A DISPOSICI\u00d3N&nbsp;A PARTIR DEL DIA LUNES.<\/strong><\/p>\n\n\n\n<p><strong>Muchas gracias por toda\u00a0la colaboraci\u00f3n durante tantos a\u00f1os, les mando un abrazo grande.<\/strong><\/p>\n\n\n\n<p class=\"has-text-align-right\"><strong>Eduardo.ARMENDARIZ<\/strong><\/p>\n\n\n\n<p class=\"has-text-align-right\"><strong>CASA ARMENDARIZ S.A.<\/strong><\/p>\n","protected":false},"excerpt":{"rendered":"<p>CASA ARMENDARIZ SA, comunica a la comunidad de Chascom\u00fas, que a partir del d\u00eda de la fecha deja de prestar<\/p>\n","protected":false},"author":3,"featured_media":0,"comment_status":"open","ping_status":"open","sticky":false,"template":"","format":"standard","meta":{"colormag_page_container_layout":"default_layout","colormag_page_sidebar_layout":"default_layout","footnotes":""},"categories":[1],"tags":[],"class_list":["post-44404","post","type-post","status-publish","format-standard","hentry","category-actualidad"],"_links":{"self":[{"href":"https:\/\/grupotiempodigital.com.ar\/index.php?rest_route=\/wp\/v2\/posts\/44404","targetHints":{"allow":["GET"]}}],"collection":[{"href":"https:\/\/grupotiempodigital.com.ar\/index.php?rest_route=\/wp\/v2\/posts"}],"about":[{"href":"https:\/\/grupotiempodigital.com.ar\/index.php?rest_route=\/wp\/v2\/types\/post"}],"author":[{"embeddable":true,"href":"https:\/\/grupotiempodigital.com.ar\/index.php?rest_route=\/wp\/v2\/users\/3"}],"replies":[{"embeddable":true,"href":"https:\/\/grupotiempodigital.com.ar\/index.php?rest_route=%2Fwp%2Fv2%2Fcomments&post=44404"}],"version-history":[{"count":1,"href":"https:\/\/grupotiempodigital.com.ar\/index.php?rest_route=\/wp\/v2\/posts\/44404\/revisions"}],"predecessor-version":[{"id":44406,"href":"https:\/\/grupotiempodigital.com.ar\/index.php?rest_route=\/wp\/v2\/posts\/44404\/revisions\/44406"}],"wp:attachment":[{"href":"https:\/\/grupotiempodigital.com.ar\/index.php?rest_route=%2Fwp%2Fv2%2Fmedia&parent=44404"}],"wp:term":[{"taxonomy":"category","embeddable":true,"href":"https:\/\/grupotiempodigital.com.ar\/index.php?rest_route=%2Fwp%2Fv2%2Fcategories&post=44404"},{"taxonomy":"post_tag","embeddable":true,"href":"https:\/\/grupotiempodigital.com.ar\/index.php?rest_route=%2Fwp%2Fv2%2Ftags&post=44404"}],"curies":[{"name":"wp","href":"https:\/\/api.w.org\/{rel}","templated":true}]}}