{"id":44400,"date":"2023-11-15T10:27:50","date_gmt":"2023-11-15T13:27:50","guid":{"rendered":"https:\/\/grupotiempodigital.com.ar\/?p=44400"},"modified":"2023-11-15T10:27:50","modified_gmt":"2023-11-15T13:27:50","slug":"jubilacion-anticipada-mas-de-23-mil-personas-ya-perciben-su-haber","status":"publish","type":"post","link":"https:\/\/grupotiempodigital.com.ar\/?p=44400","title":{"rendered":"JUBILACI\u00d3N ANTICIPADA: M\u00c1S DE 23 MIL PERSONAS YA PERCIBEN SU HABER"},"content":{"rendered":"\n<figure class=\"wp-block-image size-full is-resized\"><img loading=\"lazy\" decoding=\"async\" src=\"https:\/\/grupotiempodigital.com.ar\/wp-content\/uploads\/2023\/11\/LOGO-ANSES-5.jpg\" alt=\"\" class=\"wp-image-44402\" width=\"842\" height=\"406\" srcset=\"https:\/\/grupotiempodigital.com.ar\/wp-content\/uploads\/2023\/11\/LOGO-ANSES-5.jpg 427w, https:\/\/grupotiempodigital.com.ar\/wp-content\/uploads\/2023\/11\/LOGO-ANSES-5-300x145.jpg 300w\" sizes=\"auto, (max-width: 842px) 100vw, 842px\" \/><\/figure>\n\n\n\n<p>ANSES informa que se encuentran a disposici\u00f3n los turnos de la Jubilaci\u00f3n Anticipada, cuya pr\u00f3rroga por dos a\u00f1os fue informada por el ministro de Econom\u00eda,&nbsp;<strong>Sergio Massa<\/strong>, y la directora ejecutiva de ANSES,&nbsp;<strong>Fernanda Raverta<\/strong>. Esta medida est\u00e1 dirigida a personas que cuentan con 30 a\u00f1os de aportes, le faltan hasta 5 a\u00f1os para jubilarse y est\u00e1n desempleadas al 30 de junio de 2023.<\/p>\n\n\n\n<p>Desde su implementaci\u00f3n en 2021,&nbsp;<strong>m\u00e1s de 23 mil argentinas y argentinos ya perciben su haber gracias a esta medida<\/strong>.<\/p>\n\n\n\n<p>Quienes re\u00fanen las condiciones y su tr\u00e1mite fue aprobado cobran el 80 por ciento del haber correspondiente y, una vez alcanzada la edad jubilatoria requerida (60 a\u00f1os mujeres y 65 a\u00f1os hombres), reciben el 100 por ciento de forma autom\u00e1tica.<\/p>\n\n\n\n<p>La Jubilaci\u00f3n Anticipada hab\u00eda sido implementada a trav\u00e9s del Decreto 674 en octubre de 2021 y estuvo vigente hasta el 30 de septiembre pasado. Con la nueva extensi\u00f3n, se proyecta que 21.500 personas podr\u00e1n jubilarse en forma anticipada en los pr\u00f3ximos 2 a\u00f1os.<\/p>\n\n\n\n<p>Para m\u00e1s informaci\u00f3n y sacar un turno, los interesados pueden ingresar aqu\u00ed:&nbsp;<a href=\"https:\/\/www.anses.gob.ar\/jubilacion-anticipada\" target=\"_blank\" rel=\"noreferrer noopener\">www.anses.gob.ar\/jubilacion-anticipada<\/a>.&nbsp;<\/p>\n\n\n\n<p><strong>Condiciones de esta medida<\/strong><\/p>\n\n\n\n<p>\u25cf&nbsp;&nbsp;&nbsp;&nbsp;&nbsp;Tener hasta 5 a\u00f1os menos que la edad requerida para jubilarse (hombres entre 60 y 64 a\u00f1os y mujeres entre 55 y 59 a\u00f1os)<\/p>\n\n\n\n<p>\u25cf&nbsp;&nbsp;&nbsp;&nbsp;&nbsp;Tener 30 a\u00f1os de aportes registrados<\/p>\n\n\n\n<p>\u25cf&nbsp;&nbsp;&nbsp;&nbsp;&nbsp;Encontrarse desocupado al 30 de junio de 2023<\/p>\n\n\n\n<p class=\"has-text-align-right\"><strong>Se agradece difusi\u00f3n<\/strong><\/p>\n\n\n\n<p class=\"has-text-align-right\"><strong>ANSES<\/strong><\/p>\n","protected":false},"excerpt":{"rendered":"<p>ANSES informa que se encuentran a disposici\u00f3n los turnos de la Jubilaci\u00f3n Anticipada, cuya pr\u00f3rroga por dos a\u00f1os fue informada<\/p>\n","protected":false},"author":3,"featured_media":0,"comment_status":"open","ping_status":"open","sticky":false,"template":"","format":"standard","meta":{"colormag_page_container_layout":"default_layout","colormag_page_sidebar_layout":"default_layout","footnotes":""},"categories":[1],"tags":[],"class_list":["post-44400","post","type-post","status-publish","format-standard","hentry","category-actualidad"],"_links":{"self":[{"href":"https:\/\/grupotiempodigital.com.ar\/index.php?rest_route=\/wp\/v2\/posts\/44400","targetHints":{"allow":["GET"]}}],"collection":[{"href":"https:\/\/grupotiempodigital.com.ar\/index.php?rest_route=\/wp\/v2\/posts"}],"about":[{"href":"https:\/\/grupotiempodigital.com.ar\/index.php?rest_route=\/wp\/v2\/types\/post"}],"author":[{"embeddable":true,"href":"https:\/\/grupotiempodigital.com.ar\/index.php?rest_route=\/wp\/v2\/users\/3"}],"replies":[{"embeddable":true,"href":"https:\/\/grupotiempodigital.com.ar\/index.php?rest_route=%2Fwp%2Fv2%2Fcomments&post=44400"}],"version-history":[{"count":1,"href":"https:\/\/grupotiempodigital.com.ar\/index.php?rest_route=\/wp\/v2\/posts\/44400\/revisions"}],"predecessor-version":[{"id":44403,"href":"https:\/\/grupotiempodigital.com.ar\/index.php?rest_route=\/wp\/v2\/posts\/44400\/revisions\/44403"}],"wp:attachment":[{"href":"https:\/\/grupotiempodigital.com.ar\/index.php?rest_route=%2Fwp%2Fv2%2Fmedia&parent=44400"}],"wp:term":[{"taxonomy":"category","embeddable":true,"href":"https:\/\/grupotiempodigital.com.ar\/index.php?rest_route=%2Fwp%2Fv2%2Fcategories&post=44400"},{"taxonomy":"post_tag","embeddable":true,"href":"https:\/\/grupotiempodigital.com.ar\/index.php?rest_route=%2Fwp%2Fv2%2Ftags&post=44400"}],"curies":[{"name":"wp","href":"https:\/\/api.w.org\/{rel}","templated":true}]}}