{"id":44396,"date":"2023-11-15T10:18:43","date_gmt":"2023-11-15T13:18:43","guid":{"rendered":"https:\/\/grupotiempodigital.com.ar\/?p=44396"},"modified":"2023-11-15T10:18:43","modified_gmt":"2023-11-15T13:18:43","slug":"la-ep-no-9-jose-de-san-martin-celebra-125-anos","status":"publish","type":"post","link":"https:\/\/grupotiempodigital.com.ar\/?p=44396","title":{"rendered":"La EP N\u00ba 9 \u201cJos\u00e9 de San Mart\u00edn\u201d celebra 125 a\u00f1os"},"content":{"rendered":"\n<figure class=\"wp-block-image aligncenter size-full\"><img loading=\"lazy\" decoding=\"async\" width=\"720\" height=\"1008\" src=\"https:\/\/grupotiempodigital.com.ar\/wp-content\/uploads\/2023\/11\/EP-9.jpg\" alt=\"\" class=\"wp-image-44397\" srcset=\"https:\/\/grupotiempodigital.com.ar\/wp-content\/uploads\/2023\/11\/EP-9.jpg 720w, https:\/\/grupotiempodigital.com.ar\/wp-content\/uploads\/2023\/11\/EP-9-214x300.jpg 214w\" sizes=\"auto, (max-width: 720px) 100vw, 720px\" \/><\/figure>\n\n\n\n<p>Este viernes 17 de noviembre se realizar\u00e1 el acto protocolar por los 125 a\u00f1os de la EP N\u00ba 9 \u00abJos\u00e9 de San Mart\u00edn\u00bb.<\/p>\n\n\n\n<p>La comunidad educativa invita a la comunidad a participar de la celebraci\u00f3n de los 125 a\u00f1os de historia de nuestra escuela que se realizar\u00e1 en dicho establecimiento a partir de las 19 Hs., del viernes 17 de noviembre.<\/p>\n","protected":false},"excerpt":{"rendered":"<p>Este viernes 17 de noviembre se realizar\u00e1 el acto protocolar por los 125 a\u00f1os de la EP N\u00ba 9 \u00abJos\u00e9<\/p>\n","protected":false},"author":3,"featured_media":0,"comment_status":"open","ping_status":"open","sticky":false,"template":"","format":"standard","meta":{"colormag_page_container_layout":"default_layout","colormag_page_sidebar_layout":"default_layout","footnotes":""},"categories":[1],"tags":[],"class_list":["post-44396","post","type-post","status-publish","format-standard","hentry","category-actualidad"],"_links":{"self":[{"href":"https:\/\/grupotiempodigital.com.ar\/index.php?rest_route=\/wp\/v2\/posts\/44396","targetHints":{"allow":["GET"]}}],"collection":[{"href":"https:\/\/grupotiempodigital.com.ar\/index.php?rest_route=\/wp\/v2\/posts"}],"about":[{"href":"https:\/\/grupotiempodigital.com.ar\/index.php?rest_route=\/wp\/v2\/types\/post"}],"author":[{"embeddable":true,"href":"https:\/\/grupotiempodigital.com.ar\/index.php?rest_route=\/wp\/v2\/users\/3"}],"replies":[{"embeddable":true,"href":"https:\/\/grupotiempodigital.com.ar\/index.php?rest_route=%2Fwp%2Fv2%2Fcomments&post=44396"}],"version-history":[{"count":1,"href":"https:\/\/grupotiempodigital.com.ar\/index.php?rest_route=\/wp\/v2\/posts\/44396\/revisions"}],"predecessor-version":[{"id":44398,"href":"https:\/\/grupotiempodigital.com.ar\/index.php?rest_route=\/wp\/v2\/posts\/44396\/revisions\/44398"}],"wp:attachment":[{"href":"https:\/\/grupotiempodigital.com.ar\/index.php?rest_route=%2Fwp%2Fv2%2Fmedia&parent=44396"}],"wp:term":[{"taxonomy":"category","embeddable":true,"href":"https:\/\/grupotiempodigital.com.ar\/index.php?rest_route=%2Fwp%2Fv2%2Fcategories&post=44396"},{"taxonomy":"post_tag","embeddable":true,"href":"https:\/\/grupotiempodigital.com.ar\/index.php?rest_route=%2Fwp%2Fv2%2Ftags&post=44396"}],"curies":[{"name":"wp","href":"https:\/\/api.w.org\/{rel}","templated":true}]}}