{"id":44392,"date":"2023-11-15T10:16:45","date_gmt":"2023-11-15T13:16:45","guid":{"rendered":"https:\/\/grupotiempodigital.com.ar\/?p=44392"},"modified":"2023-11-15T10:16:45","modified_gmt":"2023-11-15T13:16:45","slug":"entrega-de-equipamiento-para-la-delegacion-del-registro-de-las-personas-de-ranchos","status":"publish","type":"post","link":"https:\/\/grupotiempodigital.com.ar\/?p=44392","title":{"rendered":"Entrega de equipamiento para la delegaci\u00f3n del Registro de las Personas de Ranchos"},"content":{"rendered":"\n<figure class=\"wp-block-image size-full is-resized\"><img loading=\"lazy\" decoding=\"async\" src=\"https:\/\/grupotiempodigital.com.ar\/wp-content\/uploads\/2023\/11\/registro-civil.jpg\" alt=\"\" class=\"wp-image-44393\" width=\"841\" height=\"632\" srcset=\"https:\/\/grupotiempodigital.com.ar\/wp-content\/uploads\/2023\/11\/registro-civil.jpg 696w, https:\/\/grupotiempodigital.com.ar\/wp-content\/uploads\/2023\/11\/registro-civil-300x225.jpg 300w\" sizes=\"auto, (max-width: 841px) 100vw, 841px\" \/><\/figure>\n\n\n\n<p>D\u00edas pasado el Director provincial del Registro de las Personas, Mariano R\u00edos Ordo\u00f1ez, junto a la Directora Provincial de Asuntos Pol\u00edticos del Ministerio de Gobierno, Dra. Ayel\u00e9n Borda y el intendente Juan Manuel \u00c1lvarez recorrieron la delegaci\u00f3n de Ranchos y entregaron equipamiento para tr\u00e1mites de DNI y Pasaporte<\/p>\n\n\n\n<p>Adem\u00e1s, particip\u00f3 de una reuni\u00f3n con agentes, donde debatieron sobre las tareas diarias que el Registro realiza.<\/p>\n\n\n\n<figure class=\"wp-block-image aligncenter size-full\"><img loading=\"lazy\" decoding=\"async\" width=\"559\" height=\"420\" src=\"https:\/\/grupotiempodigital.com.ar\/wp-content\/uploads\/2023\/11\/registro-civil-1.jpg\" alt=\"\" class=\"wp-image-44394\" srcset=\"https:\/\/grupotiempodigital.com.ar\/wp-content\/uploads\/2023\/11\/registro-civil-1.jpg 559w, https:\/\/grupotiempodigital.com.ar\/wp-content\/uploads\/2023\/11\/registro-civil-1-300x225.jpg 300w\" sizes=\"auto, (max-width: 559px) 100vw, 559px\" \/><\/figure>\n","protected":false},"excerpt":{"rendered":"<p>D\u00edas pasado el Director provincial del Registro de las Personas, Mariano R\u00edos Ordo\u00f1ez, junto a la Directora Provincial de Asuntos<\/p>\n","protected":false},"author":3,"featured_media":0,"comment_status":"open","ping_status":"open","sticky":false,"template":"","format":"standard","meta":{"colormag_page_container_layout":"default_layout","colormag_page_sidebar_layout":"default_layout","footnotes":""},"categories":[1],"tags":[],"class_list":["post-44392","post","type-post","status-publish","format-standard","hentry","category-actualidad"],"_links":{"self":[{"href":"https:\/\/grupotiempodigital.com.ar\/index.php?rest_route=\/wp\/v2\/posts\/44392","targetHints":{"allow":["GET"]}}],"collection":[{"href":"https:\/\/grupotiempodigital.com.ar\/index.php?rest_route=\/wp\/v2\/posts"}],"about":[{"href":"https:\/\/grupotiempodigital.com.ar\/index.php?rest_route=\/wp\/v2\/types\/post"}],"author":[{"embeddable":true,"href":"https:\/\/grupotiempodigital.com.ar\/index.php?rest_route=\/wp\/v2\/users\/3"}],"replies":[{"embeddable":true,"href":"https:\/\/grupotiempodigital.com.ar\/index.php?rest_route=%2Fwp%2Fv2%2Fcomments&post=44392"}],"version-history":[{"count":1,"href":"https:\/\/grupotiempodigital.com.ar\/index.php?rest_route=\/wp\/v2\/posts\/44392\/revisions"}],"predecessor-version":[{"id":44395,"href":"https:\/\/grupotiempodigital.com.ar\/index.php?rest_route=\/wp\/v2\/posts\/44392\/revisions\/44395"}],"wp:attachment":[{"href":"https:\/\/grupotiempodigital.com.ar\/index.php?rest_route=%2Fwp%2Fv2%2Fmedia&parent=44392"}],"wp:term":[{"taxonomy":"category","embeddable":true,"href":"https:\/\/grupotiempodigital.com.ar\/index.php?rest_route=%2Fwp%2Fv2%2Fcategories&post=44392"},{"taxonomy":"post_tag","embeddable":true,"href":"https:\/\/grupotiempodigital.com.ar\/index.php?rest_route=%2Fwp%2Fv2%2Ftags&post=44392"}],"curies":[{"name":"wp","href":"https:\/\/api.w.org\/{rel}","templated":true}]}}