{"id":44388,"date":"2023-11-14T12:14:50","date_gmt":"2023-11-14T15:14:50","guid":{"rendered":"https:\/\/grupotiempodigital.com.ar\/?p=44388"},"modified":"2023-11-14T12:14:50","modified_gmt":"2023-11-14T15:14:50","slug":"r-mar-y-sierras-ayacucho-cerrara-la-temporada-con-el-g-p-coronacion-2023","status":"publish","type":"post","link":"https:\/\/grupotiempodigital.com.ar\/?p=44388","title":{"rendered":"R. Mar y Sierras: Ayacucho cerrar\u00e1 la temporada, con el G.P. Coronaci\u00f3n 2023"},"content":{"rendered":"\n<figure class=\"wp-block-image size-large is-resized\"><img loading=\"lazy\" decoding=\"async\" src=\"https:\/\/grupotiempodigital.com.ar\/wp-content\/uploads\/2023\/11\/Logo-Rally-1024x1024.png\" alt=\"\" class=\"wp-image-44389\" width=\"756\" height=\"756\"\/><\/figure>\n\n\n\n<p>La ciudad del centro-este bonaerense ser\u00e1 sede, por quinto a\u00f1o consecutivo, del cierre del calendario de competencias de la categor\u00eda.<\/p>\n\n\n\n<p>Si bien hubo un acuerdo entre la ciudad y la categor\u00eda desde principio de a\u00f1o, en los \u00faltimos d\u00edas, tras una reuni\u00f3n que mantuvieron el intendente ayacuchense Emilio Cordonnier, el jefe de gabinete de dicho municipio Hern\u00e1n Naveyra y Alejandro Flores, qued\u00f3 totalmente oficializada la competencia, que como estaba programada se desarrollar\u00e1 desde el 1\u00b0 al 3 de diciembre.<\/p>\n\n\n\n<p>La carrera, que adem\u00e1s ser\u00e1 la novena cita de la temporada, tendr\u00e1 entre otras cosas, la particularidad de definir la gran mayor\u00eda de los campeonatos, algo que le da un atractivo mayor, sumado a la gran variedad de los terrenos y dibujos de sus Pruebas Especiales.<\/p>\n","protected":false},"excerpt":{"rendered":"<p>La ciudad del centro-este bonaerense ser\u00e1 sede, por quinto a\u00f1o consecutivo, del cierre del calendario de competencias de la categor\u00eda.<\/p>\n","protected":false},"author":3,"featured_media":0,"comment_status":"open","ping_status":"open","sticky":false,"template":"","format":"standard","meta":{"colormag_page_container_layout":"default_layout","colormag_page_sidebar_layout":"default_layout","footnotes":""},"categories":[1],"tags":[],"class_list":["post-44388","post","type-post","status-publish","format-standard","hentry","category-actualidad"],"_links":{"self":[{"href":"https:\/\/grupotiempodigital.com.ar\/index.php?rest_route=\/wp\/v2\/posts\/44388","targetHints":{"allow":["GET"]}}],"collection":[{"href":"https:\/\/grupotiempodigital.com.ar\/index.php?rest_route=\/wp\/v2\/posts"}],"about":[{"href":"https:\/\/grupotiempodigital.com.ar\/index.php?rest_route=\/wp\/v2\/types\/post"}],"author":[{"embeddable":true,"href":"https:\/\/grupotiempodigital.com.ar\/index.php?rest_route=\/wp\/v2\/users\/3"}],"replies":[{"embeddable":true,"href":"https:\/\/grupotiempodigital.com.ar\/index.php?rest_route=%2Fwp%2Fv2%2Fcomments&post=44388"}],"version-history":[{"count":1,"href":"https:\/\/grupotiempodigital.com.ar\/index.php?rest_route=\/wp\/v2\/posts\/44388\/revisions"}],"predecessor-version":[{"id":44390,"href":"https:\/\/grupotiempodigital.com.ar\/index.php?rest_route=\/wp\/v2\/posts\/44388\/revisions\/44390"}],"wp:attachment":[{"href":"https:\/\/grupotiempodigital.com.ar\/index.php?rest_route=%2Fwp%2Fv2%2Fmedia&parent=44388"}],"wp:term":[{"taxonomy":"category","embeddable":true,"href":"https:\/\/grupotiempodigital.com.ar\/index.php?rest_route=%2Fwp%2Fv2%2Fcategories&post=44388"},{"taxonomy":"post_tag","embeddable":true,"href":"https:\/\/grupotiempodigital.com.ar\/index.php?rest_route=%2Fwp%2Fv2%2Ftags&post=44388"}],"curies":[{"name":"wp","href":"https:\/\/api.w.org\/{rel}","templated":true}]}}