{"id":44382,"date":"2023-11-14T08:23:58","date_gmt":"2023-11-14T11:23:58","guid":{"rendered":"https:\/\/grupotiempodigital.com.ar\/?p=44382"},"modified":"2023-11-14T08:26:11","modified_gmt":"2023-11-14T11:26:11","slug":"los-jubilados-de-la-minima-recibiran-un-refuerzo-de-55-mil-pesos-en-diciembre","status":"publish","type":"post","link":"https:\/\/grupotiempodigital.com.ar\/?p=44382","title":{"rendered":"LOS JUBILADOS DE LA M\u00cdNIMA RECIBIR\u00c1N UN REFUERZO DE 55 MIL PESOS EN DICIEMBRE"},"content":{"rendered":"\n<figure class=\"wp-block-image size-full is-resized\"><img loading=\"lazy\" decoding=\"async\" src=\"https:\/\/grupotiempodigital.com.ar\/wp-content\/uploads\/2023\/11\/LOGO-ANSES-4.jpg\" alt=\"\" class=\"wp-image-44383\" width=\"841\" height=\"406\" srcset=\"https:\/\/grupotiempodigital.com.ar\/wp-content\/uploads\/2023\/11\/LOGO-ANSES-4.jpg 427w, https:\/\/grupotiempodigital.com.ar\/wp-content\/uploads\/2023\/11\/LOGO-ANSES-4-300x145.jpg 300w\" sizes=\"auto, (max-width: 841px) 100vw, 841px\" \/><\/figure>\n\n\n\n<p class=\"has-text-align-center\"> <b><span style=\"font-size:13.0pt;font-family:&quot;Arial&quot;,&quot;sans-serif&quot;;color:black\">Aumentan jubilaciones, pensiones y asignaciones<\/span><\/b><span style=\"font-family:&quot;Arial&quot;,&quot;sans-serif&quot;;\ncolor:#4D4D4C\"><\/span><\/p>\n\n\n\n<p>ANSES informa que, de acuerdo a la Ley de Movilidad Jubilatoria, el cuarto y \u00faltimo aumento anual ser\u00e1 del\u00a0<strong>20,87 por ciento<\/strong>. Estar\u00e1 vigente a partir del\u00a0<strong>1\u00ba de diciembre<\/strong>.<\/p>\n\n\n\n<p>De esta manera, el organismo continuar\u00e1 con su pol\u00edtica de refuerzos previsionales para seguir recuperando el poder adquisitivo de las jubilaciones y pensiones m\u00ednimas: en diciembre recibir\u00e1n&nbsp;<strong>55 mil pesos<\/strong>, por lo que<strong>ning\u00fan jubilado o pensionado cobrar\u00e1 menos de<\/strong>&nbsp;<strong>160.713 pesos<\/strong>. Esto se traduce en el 73 por ciento de los titulares alcanzados (5,5 millones de personas).<\/p>\n\n\n\n<p>Asimismo, el pr\u00f3ximo mes percibir\u00e1n el medio aguinaldo: de esa manera, quienes tengan un haber m\u00ednimo recibir\u00e1n&nbsp;<strong>213.569 pesos (movilidad + refuerzo + medio aguinaldo)<\/strong>. Si la persona tiene PAMI, tambi\u00e9n cobrar\u00e1 los 15 mil pesos del Refuerzo Alimentario de esta obra social.<\/p>\n\n\n\n<p>En tanto, las y los jubilados de la m\u00ednima que se jubilaron con los 30 a\u00f1os de aportes efectivos (sin moratorias ni Plan de Pago) recibir\u00e1n el complemento al 82 por ciento del SMVM, que ser\u00e1 de<strong>22.207 pesos<\/strong>. De esta manera, percibir\u00e1n&nbsp;<strong>182.920 pesos&nbsp;<\/strong>(complemento + haber m\u00ednimo + refuerzo). Y, tambi\u00e9n, el medio aguinaldo.<\/p>\n\n\n\n<p>La movilidad impactar\u00e1 en&nbsp;<strong>m\u00e1s de 17 millones de beneficios<\/strong>: 7,5 millones de jubilados y pensionados, as\u00ed como en titulares de asignaciones universales y familiares (AUH, AAFF, AxE, entre otras).<\/p>\n\n\n\n<p>De esta forma,&nbsp;<strong>la jubilaci\u00f3n m\u00ednima habr\u00e1 tenido un incremento interanual del 167 por ciento&nbsp;<\/strong>(diciembre 2022 &#8211; diciembre 2023), ubic\u00e1ndose por encima de la inflaci\u00f3n del per\u00edodo.<\/p>\n\n\n\n<p>A su vez, con este nuevo aumento,&nbsp;<strong>la Asignaci\u00f3n Universal por Hija e Hijo (AUH) y la Asignaci\u00f3n por Embarazo pasar\u00e1n a ser de 20.661 pesos<\/strong>. Del mismo modo, el incremento impactar\u00e1 en las AAFF por Prenatal, Nacimiento, Adopci\u00f3n, Matrimonio, C\u00f3nyuge y el Complemento de leche de la Ley de los 1000 d\u00edas.<\/p>\n\n\n\n<p class=\"has-text-align-right\"><strong>Se agradece difusi\u00f3n<\/strong><\/p>\n\n\n\n<p class=\"has-text-align-right\"><strong>ANSES<\/strong><\/p>\n","protected":false},"excerpt":{"rendered":"<p>Aumentan jubilaciones, pensiones y asignaciones ANSES informa que, de acuerdo a la Ley de Movilidad Jubilatoria, el cuarto y \u00faltimo<\/p>\n","protected":false},"author":3,"featured_media":0,"comment_status":"open","ping_status":"open","sticky":false,"template":"","format":"standard","meta":{"colormag_page_container_layout":"default_layout","colormag_page_sidebar_layout":"default_layout","footnotes":""},"categories":[1],"tags":[],"class_list":["post-44382","post","type-post","status-publish","format-standard","hentry","category-actualidad"],"_links":{"self":[{"href":"https:\/\/grupotiempodigital.com.ar\/index.php?rest_route=\/wp\/v2\/posts\/44382","targetHints":{"allow":["GET"]}}],"collection":[{"href":"https:\/\/grupotiempodigital.com.ar\/index.php?rest_route=\/wp\/v2\/posts"}],"about":[{"href":"https:\/\/grupotiempodigital.com.ar\/index.php?rest_route=\/wp\/v2\/types\/post"}],"author":[{"embeddable":true,"href":"https:\/\/grupotiempodigital.com.ar\/index.php?rest_route=\/wp\/v2\/users\/3"}],"replies":[{"embeddable":true,"href":"https:\/\/grupotiempodigital.com.ar\/index.php?rest_route=%2Fwp%2Fv2%2Fcomments&post=44382"}],"version-history":[{"count":2,"href":"https:\/\/grupotiempodigital.com.ar\/index.php?rest_route=\/wp\/v2\/posts\/44382\/revisions"}],"predecessor-version":[{"id":44386,"href":"https:\/\/grupotiempodigital.com.ar\/index.php?rest_route=\/wp\/v2\/posts\/44382\/revisions\/44386"}],"wp:attachment":[{"href":"https:\/\/grupotiempodigital.com.ar\/index.php?rest_route=%2Fwp%2Fv2%2Fmedia&parent=44382"}],"wp:term":[{"taxonomy":"category","embeddable":true,"href":"https:\/\/grupotiempodigital.com.ar\/index.php?rest_route=%2Fwp%2Fv2%2Fcategories&post=44382"},{"taxonomy":"post_tag","embeddable":true,"href":"https:\/\/grupotiempodigital.com.ar\/index.php?rest_route=%2Fwp%2Fv2%2Ftags&post=44382"}],"curies":[{"name":"wp","href":"https:\/\/api.w.org\/{rel}","templated":true}]}}