{"id":44380,"date":"2023-11-13T08:27:02","date_gmt":"2023-11-13T11:27:02","guid":{"rendered":"https:\/\/grupotiempodigital.com.ar\/?p=44380"},"modified":"2023-11-13T08:27:02","modified_gmt":"2023-11-13T11:27:02","slug":"editorial-pienso-luego-voto","status":"publish","type":"post","link":"https:\/\/grupotiempodigital.com.ar\/?p=44380","title":{"rendered":"Editorial: PIENSO, LUEGO VOTO"},"content":{"rendered":"\n<p class=\"has-text-align-right\"><strong>Por H\u00e9ctor Ricardo Olivera<\/strong><\/p>\n\n\n\n<figure class=\"wp-block-image size-large is-resized\"><img loading=\"lazy\" decoding=\"async\" src=\"https:\/\/grupotiempodigital.com.ar\/wp-content\/uploads\/2019\/07\/EDITORIAL.png\" alt=\"\" width=\"836\" height=\"483\"\/><\/figure>\n\n\n\n<p><strong>La Pol\u00edtica en nuestro Pa\u00eds nos somete a presiones y dudas de muy dif\u00edcil soluci\u00f3n.<\/strong><\/p>\n\n\n\n<p><strong>Somos una Democracia adolescente y como tal adolecemos de pensamientos s\u00f3lidos que hagan posible la sana competencia, la diversidad de ideas y la convivencia pac\u00edfica que ser\u00eda de desear.<\/strong><\/p>\n\n\n\n<p><strong>En esta condici\u00f3n estamos cada d\u00eda m\u00e1s cerca de lo que ser\u00e1 una especie de \u00abd\u00eda D\u00bb realmente m\u00e1s cruel y exigente que el desembarco en Normand\u00eda el 6 de junio de 1944.<\/strong><\/p>\n\n\n\n<p><strong>Las alternativas no ofrecen demasiados encantos.<\/strong><\/p>\n\n\n\n<p><strong>Uno, el Ministro\/candidato es un mentiroso compulsivo de largo recorrido por escritorios del Estado sin que le importaran los colores como si fuera dalt\u00f3nico.<\/strong><\/p>\n\n\n\n<p><strong>El otro es una inc\u00f3gnita con algunas exhibiciones de autoritarismo y violencia discursiva que no puede dejarse de tener en cuenta.<\/strong><\/p>\n\n\n\n<p><strong>La tercera v\u00eda es la actitud racional&nbsp; de mantener limpia y blanca la dignidad que permita sumarse a alguna propuesta futura que siempre ocurre porque los pueblos no se suicidan.<\/strong><\/p>\n\n\n\n<p><strong>Sucede que esta Democracia imperfecta ha devorado a los Partidos Pol\u00edticos.<\/strong><\/p>\n\n\n\n<p><strong>Esto significa una dificultad seria que a la vista de lo que tenemos no ha podido resolverse con la creaci\u00f3n artificial de uniones transitorias d\u00e9biles de valores y abundantes de especulaciones mezquinas.<\/strong><\/p>\n\n\n\n<p><strong>Los dos grandes Partidos que compartieron la marquesina fueron debilitando su presencia paulatinamente.<\/strong><\/p>\n\n\n\n<p><strong>El Radicalismo durante m\u00e1s de una elecci\u00f3n no present\u00f3 candidatos propios ni a Presidente ni a Gobernador en la Provincia de Buenos Aires.<\/strong><\/p>\n\n\n\n<p><strong>El Peronismo, por su lado, se caracteriz\u00f3 por el cambio de nombre pero no de vicios.<\/strong><\/p>\n\n\n\n<p><strong>Hasta lleg\u00f3 a llamarse FRECILINA, m\u00e1s parecido a un antibi\u00f3tico que a un Partido Pol\u00edtico.<\/strong><\/p>\n\n\n\n<p><strong>Las bacterias siguen vivitas y coleando\u2026<\/strong><\/p>\n\n\n\n<p><strong>Por uno y otro camino se fue produciendo un debilitamiento que alej\u00f3 a los j\u00f3venes y de esta forma la pasi\u00f3n y el sentido de pertenencia entr\u00f3 en una notoria fragilidad.<\/strong><\/p>\n\n\n\n<p><strong>Hay que admitir que siempre el Peronismo, por su voraz apetencia de poder, se distingui\u00f3 y logr\u00f3 as\u00ed m\u00e1s \u00e9xitos ef\u00edmeros.&nbsp;<\/strong><\/p>\n\n\n\n<p><strong>Alfons\u00edn y Macri fueron los que ganaron elecciones limpias y mano a mano, pero no lograron consolidarse.<\/strong><\/p>\n\n\n\n<p><strong>No es&nbsp; raro entonces que lleguemos hoy a la situaci\u00f3n en&nbsp; que estamos, llenos de dudas, de intrigas pero tambi\u00e9n, porque as\u00ed somos los ciudadanos de bien, de esperanzas. Massa&nbsp; es m\u00e1s que conocido.<\/strong><\/p>\n\n\n\n<p><strong>Es una mentira andando, un desvergonzado que<\/strong><\/p>\n\n\n\n<p><strong>&nbsp;dice y hace contradicciones idiotas que cuesta tolerar.<\/strong><\/p>\n\n\n\n<p><strong>Despilfarra dineros p\u00fablicos porque como todo conservador imagina que la gente se puede comprar con una jubilaci\u00f3n de miseria anticipada, un cr\u00e9dito a tasa subsidiada o un bonito m\u00e1s para decir \u00abac\u00e1 estoy yo\u00bb.<\/strong><\/p>\n\n\n\n<p><strong>El otro supone un cambio, pero un cambio poco claro y no del todo entendible.<\/strong><\/p>\n\n\n\n<p><strong>Lo \u00fanico real y tangible es que mientras el ballotage es el centro de atenci\u00f3n el Gobierno aprovecha para intentar que pasen al olvido sus fechor\u00edas.<\/strong><\/p>\n\n\n\n<p><strong>La ex Jueza Figueroa pide que la devuelvan a su cargo y le paguen los meses que no trabaj\u00f3 y ya no le corresponden.<\/strong><\/p>\n\n\n\n<p><strong>El Ministro Katopodis anda por micros y trenes como un vendedor ambulante ofreciendo a Massa \u00abpara la cartera de la dama y el bolsillo del caballero\u00bb sin verg\u00fcenza y con total caradurez.<\/strong><\/p>\n\n\n\n<p><strong>Insaurralde es un desaparecido de la Democracia y se esconde como se escond\u00eda el hilo dental de la tanga de su tripulante femenina en el yate.<\/strong><\/p>\n\n\n\n<p><strong>El caso \u00abChocolate\u00bb parece encaminado por la buena senda de la Justicia.<\/strong><\/p>\n\n\n\n<p><strong>Solo un triunfo de Massa podr\u00eda frenarlo.<\/strong><\/p>\n\n\n\n<p><strong>Llama la atenci\u00f3n el silencio pat\u00e9tico de los Diputados, que son 92 pero parecen no existir.<\/strong><\/p>\n\n\n\n<p><strong>La nota de ayer en la Naci\u00f3n del periodista Hugo Alconada Mon es un soplo de aire fresco que alienta la esperanza de que los Alioni, padre e hijo, ultra massistas ambos,&nbsp; terminen adentro.<\/strong><\/p>\n\n\n\n<p><strong>Una nota reciente del Washington Post nos defini\u00f3 con precisi\u00f3n.<\/strong><\/p>\n\n\n\n<p><strong>Los argentinos, dijo el editorialista, padecen lo que desean.<\/strong><\/p>\n\n\n\n<p><strong>Suena complicado, pero es as\u00ed.<\/strong><\/p>\n\n\n\n<p><strong>Una campa\u00f1a de adoctrinamiento desde 1945 nos ha inducido a despreciar la riqueza.<\/strong><\/p>\n\n\n\n<p><strong>Es un desprecio selectivo.<\/strong><\/p>\n\n\n\n<p><strong>Nos parece bien la expresi\u00f3n del Papa peronista que dijo que \u00abla riqueza es el esti\u00e9rcol del diablo\u00bb.<\/strong><\/p>\n\n\n\n<p><strong>Entonces caemos en el argumento populista de despreciar al que se hizo rico por su trabajo, su inteligencia y su m\u00e9rito.<\/strong><\/p>\n\n\n\n<p><strong>No pensamos lo mismo del que se hizo rico robando dineros p\u00fablicos, administrando fraudulentamente sindicatos y planes sociales.<\/strong><\/p>\n\n\n\n<p><strong>Ese es un \u00abvivo\u00bb.<\/strong><\/p>\n\n\n\n<p><strong>Por lo que se ve, hay mucho por hacer y mucho que&nbsp; pensar primero.<\/strong><\/p>\n\n\n\n<p><strong>Porque no es cuesti\u00f3n de fe simb\u00f3lica y mitol\u00f3gica lo que nos llevar\u00e1 a buen puerto.<\/strong><\/p>\n\n\n\n<p><strong>Ser\u00e1 la honradez en las formas y en los contenidos, las manos limpias como las de Illia y el orden social democr\u00e1tico&nbsp; lo que nos libren de tanto mal.<\/strong><\/p>\n\n\n\n<p class=\"has-text-align-right\"><strong>05\/11\/2023<\/strong><\/p>\n","protected":false},"excerpt":{"rendered":"<p>Por H\u00e9ctor Ricardo Olivera La Pol\u00edtica en nuestro Pa\u00eds nos somete a presiones y dudas de muy dif\u00edcil soluci\u00f3n. Somos<\/p>\n","protected":false},"author":3,"featured_media":0,"comment_status":"open","ping_status":"open","sticky":false,"template":"","format":"standard","meta":{"colormag_page_container_layout":"default_layout","colormag_page_sidebar_layout":"default_layout","footnotes":""},"categories":[1],"tags":[],"class_list":["post-44380","post","type-post","status-publish","format-standard","hentry","category-actualidad"],"_links":{"self":[{"href":"https:\/\/grupotiempodigital.com.ar\/index.php?rest_route=\/wp\/v2\/posts\/44380","targetHints":{"allow":["GET"]}}],"collection":[{"href":"https:\/\/grupotiempodigital.com.ar\/index.php?rest_route=\/wp\/v2\/posts"}],"about":[{"href":"https:\/\/grupotiempodigital.com.ar\/index.php?rest_route=\/wp\/v2\/types\/post"}],"author":[{"embeddable":true,"href":"https:\/\/grupotiempodigital.com.ar\/index.php?rest_route=\/wp\/v2\/users\/3"}],"replies":[{"embeddable":true,"href":"https:\/\/grupotiempodigital.com.ar\/index.php?rest_route=%2Fwp%2Fv2%2Fcomments&post=44380"}],"version-history":[{"count":1,"href":"https:\/\/grupotiempodigital.com.ar\/index.php?rest_route=\/wp\/v2\/posts\/44380\/revisions"}],"predecessor-version":[{"id":44381,"href":"https:\/\/grupotiempodigital.com.ar\/index.php?rest_route=\/wp\/v2\/posts\/44380\/revisions\/44381"}],"wp:attachment":[{"href":"https:\/\/grupotiempodigital.com.ar\/index.php?rest_route=%2Fwp%2Fv2%2Fmedia&parent=44380"}],"wp:term":[{"taxonomy":"category","embeddable":true,"href":"https:\/\/grupotiempodigital.com.ar\/index.php?rest_route=%2Fwp%2Fv2%2Fcategories&post=44380"},{"taxonomy":"post_tag","embeddable":true,"href":"https:\/\/grupotiempodigital.com.ar\/index.php?rest_route=%2Fwp%2Fv2%2Ftags&post=44380"}],"curies":[{"name":"wp","href":"https:\/\/api.w.org\/{rel}","templated":true}]}}