{"id":44376,"date":"2023-11-13T08:22:52","date_gmt":"2023-11-13T11:22:52","guid":{"rendered":"https:\/\/grupotiempodigital.com.ar\/?p=44376"},"modified":"2023-11-13T08:22:52","modified_gmt":"2023-11-13T11:22:52","slug":"escuela-de-educacion-secundaria-agraria-no-1","status":"publish","type":"post","link":"https:\/\/grupotiempodigital.com.ar\/?p=44376","title":{"rendered":"ESCUELA DE EDUCACI\u00d3N SECUNDARIA AGRARIA N\u00ba 1"},"content":{"rendered":"\n<p class=\"has-text-align-center\"><strong>AV. GRARAY&nbsp; N\u00b0 1507-RANCHOS \u2013 GENERAL PAZ<\/strong><\/p>\n\n\n\n<figure class=\"wp-block-image aligncenter size-full is-resized\"><img loading=\"lazy\" decoding=\"async\" src=\"https:\/\/grupotiempodigital.com.ar\/wp-content\/uploads\/2023\/11\/LOGO-ESCUELA-AGRARIA.jpg\" alt=\"\" class=\"wp-image-44377\" width=\"160\" height=\"165\"\/><\/figure>\n\n\n\n<p class=\"has-text-align-right\">Ranchos, 10 de Noviembre&nbsp; de 2023.-<\/p>\n\n\n\n<p><strong>Convocatoria a la Conformaci\u00f3n de la Asociaci\u00f3n Cooperadora Escolar que llevara adelante el proceso de reorganizaci\u00f3n institucional.<\/strong><\/p>\n\n\n\n<p>Estimados padres, madres, tutores, docentes, ex alumnos, productores,&nbsp; miembros de la comunidad educativa y miembros de la comunidad en general.<\/p>\n\n\n\n<p>&nbsp;&nbsp;&nbsp;&nbsp;&nbsp;&nbsp;&nbsp;&nbsp; Nos complace anunciar que estamos dando inicio al proceso de conformaci\u00f3n de la \u00abCooperadora Escolar EESA N\u00b0 1 Ranchos\u00bb. Esta cooperadora desempe\u00f1ar\u00e1 un papel vital en el apoyo y enriquecimiento de la educaci\u00f3n de nuestros estudiantes. Por este motivo los invitamos a concurrir a nuestra escuela el d\u00eda 21 de noviembre a las 8 y 30 hs. Esperamos contar con vuestra presencia.<\/p>\n\n\n\n<p>\u201c<strong>Aceptar y respetar la diferencia<\/strong>&nbsp;<strong>es una de esas virtudes sin las cuales la escucha no se puede dar\u201d.<\/strong><\/p>\n","protected":false},"excerpt":{"rendered":"<p>AV. GRARAY&nbsp; N\u00b0 1507-RANCHOS \u2013 GENERAL PAZ Ranchos, 10 de Noviembre&nbsp; de 2023.- Convocatoria a la Conformaci\u00f3n de la Asociaci\u00f3n<\/p>\n","protected":false},"author":3,"featured_media":0,"comment_status":"open","ping_status":"open","sticky":false,"template":"","format":"standard","meta":{"colormag_page_container_layout":"default_layout","colormag_page_sidebar_layout":"default_layout","footnotes":""},"categories":[1],"tags":[],"class_list":["post-44376","post","type-post","status-publish","format-standard","hentry","category-actualidad"],"_links":{"self":[{"href":"https:\/\/grupotiempodigital.com.ar\/index.php?rest_route=\/wp\/v2\/posts\/44376","targetHints":{"allow":["GET"]}}],"collection":[{"href":"https:\/\/grupotiempodigital.com.ar\/index.php?rest_route=\/wp\/v2\/posts"}],"about":[{"href":"https:\/\/grupotiempodigital.com.ar\/index.php?rest_route=\/wp\/v2\/types\/post"}],"author":[{"embeddable":true,"href":"https:\/\/grupotiempodigital.com.ar\/index.php?rest_route=\/wp\/v2\/users\/3"}],"replies":[{"embeddable":true,"href":"https:\/\/grupotiempodigital.com.ar\/index.php?rest_route=%2Fwp%2Fv2%2Fcomments&post=44376"}],"version-history":[{"count":1,"href":"https:\/\/grupotiempodigital.com.ar\/index.php?rest_route=\/wp\/v2\/posts\/44376\/revisions"}],"predecessor-version":[{"id":44378,"href":"https:\/\/grupotiempodigital.com.ar\/index.php?rest_route=\/wp\/v2\/posts\/44376\/revisions\/44378"}],"wp:attachment":[{"href":"https:\/\/grupotiempodigital.com.ar\/index.php?rest_route=%2Fwp%2Fv2%2Fmedia&parent=44376"}],"wp:term":[{"taxonomy":"category","embeddable":true,"href":"https:\/\/grupotiempodigital.com.ar\/index.php?rest_route=%2Fwp%2Fv2%2Fcategories&post=44376"},{"taxonomy":"post_tag","embeddable":true,"href":"https:\/\/grupotiempodigital.com.ar\/index.php?rest_route=%2Fwp%2Fv2%2Ftags&post=44376"}],"curies":[{"name":"wp","href":"https:\/\/api.w.org\/{rel}","templated":true}]}}