{"id":44372,"date":"2023-11-10T10:37:18","date_gmt":"2023-11-10T13:37:18","guid":{"rendered":"https:\/\/grupotiempodigital.com.ar\/?p=44372"},"modified":"2023-11-10T10:37:18","modified_gmt":"2023-11-10T13:37:18","slug":"desde-este-mes-mas-de-1000-ninas-ninos-y-adolescentes-en-dispositivos-de-cuidado-acceden-a-la-seguridad-social","status":"publish","type":"post","link":"https:\/\/grupotiempodigital.com.ar\/?p=44372","title":{"rendered":"DESDE ESTE MES, M\u00c1S DE 1000 NI\u00d1AS, NI\u00d1OS Y ADOLESCENTES EN DISPOSITIVOS DE CUIDADO ACCEDEN A LA SEGURIDAD SOCIAL"},"content":{"rendered":"\n<figure class=\"wp-block-image size-large\"><img loading=\"lazy\" decoding=\"async\" width=\"1024\" height=\"683\" src=\"https:\/\/grupotiempodigital.com.ar\/wp-content\/uploads\/2023\/11\/ninos-1024x683.jpg\" alt=\"\" class=\"wp-image-44373\" srcset=\"https:\/\/grupotiempodigital.com.ar\/wp-content\/uploads\/2023\/11\/ninos-1024x683.jpg 1024w, https:\/\/grupotiempodigital.com.ar\/wp-content\/uploads\/2023\/11\/ninos-300x200.jpg 300w, https:\/\/grupotiempodigital.com.ar\/wp-content\/uploads\/2023\/11\/ninos-768x512.jpg 768w, https:\/\/grupotiempodigital.com.ar\/wp-content\/uploads\/2023\/11\/ninos.jpg 1080w\" sizes=\"auto, (max-width: 1024px) 100vw, 1024px\" \/><\/figure>\n\n\n\n<p>En el marco del cumplimiento del Decreto 5\/2023, ANSES informa que 1163 ni\u00f1as, ni\u00f1os y adolescentes que tienen una medida de protecci\u00f3n excepcional y se encuentran alojados en dispositivos de cuidado (p\u00fablicos o privados) acceden desde este mes a su derecho a la Seguridad Social.<\/p>\n\n\n\n<p>Dicha medida se enmarca en la Ley N\u00b0 26.061, que tiene por objeto la protecci\u00f3n integral de los derechos de las ni\u00f1as, ni\u00f1os y adolescentes que se encuentren en el territorio nacional, para garantizar el ejercicio y disfrute pleno, efectivo y permanente de todos sus derechos.<\/p>\n\n\n\n<p>As\u00ed, con las pol\u00edticas de infancias nacionales y provinciales, se trabaja para asegurar a esta poblaci\u00f3n el derecho a una buena calidad de vida, educaci\u00f3n y beneficios de la Seguridad Social.<\/p>\n\n\n\n<p>La cobertura se brinda a trav\u00e9s del pago de la Asignaci\u00f3n Universal por Hija e Hijo (AUH) o AUH por discapacidad a cada ni\u00f1a, ni\u00f1o o adolescente, y el monto se actualizar\u00e1 en forma trimestral en funci\u00f3n de la Ley de Movilidad Jubilatoria. Esta prestaci\u00f3n propone la promoci\u00f3n del derecho a la educaci\u00f3n, al juego, al deporte, al arte, al acceso cultural, a la tecnolog\u00eda, actividades y consumos culturales y recreativos.<\/p>\n\n\n\n<p>En este sentido, la directora ejecutiva de ANSES,&nbsp;<strong>Fernanda Raverta<\/strong>, destac\u00f3 que \u201c<em>la protecci\u00f3n integral de las infancias es un derecho, y es el Estado el encargado de adoptar las medidas necesarias para lograr su plena realizaci\u00f3n. Nuestro organismo es el encargado de brindar cobertura a ni\u00f1as, ni\u00f1os y adolescentes de todo el pa\u00eds a trav\u00e9s de las asignaciones familiares y la AUH para que todas y todos ellos acceden a sus derechos en Seguridad Social<\/em>\u201d.<\/p>\n\n\n\n<p>El pago se realiza bajo dos modalidades: de forma directa a aquellos adolescentes mayores de 13 a\u00f1os a los que los organismos de ni\u00f1ez as\u00ed lo soliciten o a trav\u00e9s de un referente adulto designado, que podr\u00e1 ser titular de hasta 10 ni\u00f1as o ni\u00f1os. En todos los casos, ANSES efect\u00faa la apertura de una cuenta bancaria gratuita y espec\u00edfica para el cobro de esta prestaci\u00f3n.<\/p>\n\n\n\n<p>El trabajo conjunto de ANSES, la Secretar\u00eda Nacional de Ni\u00f1ez, Adolescencia y Familia (SENAF) y los organismos de ni\u00f1ez provinciales permite mejorar la informaci\u00f3n que se tiene de todos los titulares para ampliar el acceso a diferentes pol\u00edticas p\u00fablicas como las becas Progresar, pensiones por discapacidad, entre otras.<\/p>\n\n\n\n<p>Mes a mes, la cantidad de ni\u00f1as, ni\u00f1os y adolescentes se ir\u00e1 incrementando, conforme los organismos provinciales vayan incorporando a toda la poblaci\u00f3n destinataria de este nuevo derecho.<\/p>\n\n\n\n<p class=\"has-text-align-right\"><strong>Se agradece difusi\u00f3n<\/strong><\/p>\n\n\n\n<p class=\"has-text-align-right\">&nbsp;&nbsp;&nbsp;&nbsp;&nbsp;&nbsp;&nbsp;&nbsp;&nbsp;&nbsp;&nbsp;&nbsp;&nbsp;&nbsp;&nbsp;&nbsp;&nbsp;&nbsp;&nbsp;&nbsp;&nbsp;&nbsp;&nbsp;&nbsp;&nbsp;&nbsp;&nbsp;&nbsp;&nbsp;&nbsp;&nbsp;&nbsp;&nbsp;&nbsp;&nbsp;&nbsp;&nbsp;&nbsp;&nbsp;&nbsp;&nbsp;&nbsp;&nbsp;&nbsp;&nbsp;&nbsp;&nbsp;&nbsp;&nbsp;&nbsp;&nbsp;&nbsp;&nbsp;&nbsp;&nbsp;&nbsp;&nbsp;&nbsp;&nbsp;&nbsp;&nbsp;&nbsp;&nbsp;&nbsp;&nbsp; &nbsp;&nbsp;&nbsp;&nbsp;&nbsp;&nbsp;&nbsp;&nbsp;&nbsp;&nbsp;&nbsp;&nbsp; &nbsp;&nbsp;&nbsp;&nbsp;&nbsp;&nbsp;<strong>ANSES<\/strong><\/p>\n","protected":false},"excerpt":{"rendered":"<p>En el marco del cumplimiento del Decreto 5\/2023, ANSES informa que 1163 ni\u00f1as, ni\u00f1os y adolescentes que tienen una medida<\/p>\n","protected":false},"author":3,"featured_media":0,"comment_status":"open","ping_status":"open","sticky":false,"template":"","format":"standard","meta":{"colormag_page_container_layout":"default_layout","colormag_page_sidebar_layout":"default_layout","footnotes":""},"categories":[1],"tags":[],"class_list":["post-44372","post","type-post","status-publish","format-standard","hentry","category-actualidad"],"_links":{"self":[{"href":"https:\/\/grupotiempodigital.com.ar\/index.php?rest_route=\/wp\/v2\/posts\/44372","targetHints":{"allow":["GET"]}}],"collection":[{"href":"https:\/\/grupotiempodigital.com.ar\/index.php?rest_route=\/wp\/v2\/posts"}],"about":[{"href":"https:\/\/grupotiempodigital.com.ar\/index.php?rest_route=\/wp\/v2\/types\/post"}],"author":[{"embeddable":true,"href":"https:\/\/grupotiempodigital.com.ar\/index.php?rest_route=\/wp\/v2\/users\/3"}],"replies":[{"embeddable":true,"href":"https:\/\/grupotiempodigital.com.ar\/index.php?rest_route=%2Fwp%2Fv2%2Fcomments&post=44372"}],"version-history":[{"count":1,"href":"https:\/\/grupotiempodigital.com.ar\/index.php?rest_route=\/wp\/v2\/posts\/44372\/revisions"}],"predecessor-version":[{"id":44374,"href":"https:\/\/grupotiempodigital.com.ar\/index.php?rest_route=\/wp\/v2\/posts\/44372\/revisions\/44374"}],"wp:attachment":[{"href":"https:\/\/grupotiempodigital.com.ar\/index.php?rest_route=%2Fwp%2Fv2%2Fmedia&parent=44372"}],"wp:term":[{"taxonomy":"category","embeddable":true,"href":"https:\/\/grupotiempodigital.com.ar\/index.php?rest_route=%2Fwp%2Fv2%2Fcategories&post=44372"},{"taxonomy":"post_tag","embeddable":true,"href":"https:\/\/grupotiempodigital.com.ar\/index.php?rest_route=%2Fwp%2Fv2%2Ftags&post=44372"}],"curies":[{"name":"wp","href":"https:\/\/api.w.org\/{rel}","templated":true}]}}