{"id":44369,"date":"2023-11-10T10:20:51","date_gmt":"2023-11-10T13:20:51","guid":{"rendered":"https:\/\/grupotiempodigital.com.ar\/?p=44369"},"modified":"2023-11-10T10:20:51","modified_gmt":"2023-11-10T13:20:51","slug":"ioma-acordo-con-el-colegio-de-farmaceuticos-y-se-garantiza-la-dispensa-de-medicamentos","status":"publish","type":"post","link":"https:\/\/grupotiempodigital.com.ar\/?p=44369","title":{"rendered":"IOMA acord\u00f3 con el Colegio de Farmac\u00e9uticos y se garantiza la dispensa de medicamentos"},"content":{"rendered":"\n<figure class=\"wp-block-image size-full\"><img loading=\"lazy\" decoding=\"async\" width=\"900\" height=\"192\" src=\"https:\/\/grupotiempodigital.com.ar\/wp-content\/uploads\/2023\/11\/remedios.jpg\" alt=\"\" class=\"wp-image-44370\" srcset=\"https:\/\/grupotiempodigital.com.ar\/wp-content\/uploads\/2023\/11\/remedios.jpg 900w, https:\/\/grupotiempodigital.com.ar\/wp-content\/uploads\/2023\/11\/remedios-300x64.jpg 300w, https:\/\/grupotiempodigital.com.ar\/wp-content\/uploads\/2023\/11\/remedios-768x164.jpg 768w\" sizes=\"auto, (max-width: 900px) 100vw, 900px\" \/><\/figure>\n\n\n\n<p><strong>Tras la reuni\u00f3n realizada ayer jueves entre el IOMA y el Colegio de Farmac\u00e9uticos se resolvi\u00f3 el problema econ\u00f3mico de las farmacias para la dispensa de medicamentos. Acordaron los pasos a seguir para el adelanto econ\u00f3mico de pago de facturaci\u00f3n, modificar los plazos de pago, acortando los tiempos de cobro y trabajar en conjunto para resolver el problema de la dispensa de medicamentos en la provincia de Buenos Aires.<\/strong><strong><br \/><br \/>Si bien, ni el IOMA, ni la Provincia, tienen deuda con las farmacias por la prestaci\u00f3n de medicamentos, la obra social se comprometi\u00f3 con el Colegio de Farmac\u00e9uticos de la provincia de Buenos Aires a hacer un adelanto econ\u00f3mico en los pr\u00f3ximos d\u00edas de $5800 millones, sum\u00e1ndose as\u00ed a la ayuda financiera de $800 millones que el gobierno de Axel Kicillof adelantar\u00e1 por la facturaci\u00f3n que vence en diciembre. Esto busca aliviar el problema econ\u00f3mico que enfrentan las farmacias debido a las condiciones de pago impuestas por los laboratorios proveedores.<br \/><br \/>Ayer al mediod\u00eda se realiz\u00f3 la reuni\u00f3n entre las autoridades del Instituto de Obra M\u00e9dico Asistencial (IOMA) y el Colegio de Farmac\u00e9uticos de la provincia de Buenos Aires (Colfarma), con el fin de acordar y comenzar a trabajar los procesos administrativos para la resoluci\u00f3n del problema de financiamiento, para la provisi\u00f3n de medicamentos a las farmacias.<\/strong><\/p>\n","protected":false},"excerpt":{"rendered":"<p>Tras la reuni\u00f3n realizada ayer jueves entre el IOMA y el Colegio de Farmac\u00e9uticos se resolvi\u00f3 el problema econ\u00f3mico de<\/p>\n","protected":false},"author":3,"featured_media":0,"comment_status":"open","ping_status":"open","sticky":false,"template":"","format":"standard","meta":{"colormag_page_container_layout":"default_layout","colormag_page_sidebar_layout":"default_layout","footnotes":""},"categories":[1],"tags":[],"class_list":["post-44369","post","type-post","status-publish","format-standard","hentry","category-actualidad"],"_links":{"self":[{"href":"https:\/\/grupotiempodigital.com.ar\/index.php?rest_route=\/wp\/v2\/posts\/44369","targetHints":{"allow":["GET"]}}],"collection":[{"href":"https:\/\/grupotiempodigital.com.ar\/index.php?rest_route=\/wp\/v2\/posts"}],"about":[{"href":"https:\/\/grupotiempodigital.com.ar\/index.php?rest_route=\/wp\/v2\/types\/post"}],"author":[{"embeddable":true,"href":"https:\/\/grupotiempodigital.com.ar\/index.php?rest_route=\/wp\/v2\/users\/3"}],"replies":[{"embeddable":true,"href":"https:\/\/grupotiempodigital.com.ar\/index.php?rest_route=%2Fwp%2Fv2%2Fcomments&post=44369"}],"version-history":[{"count":1,"href":"https:\/\/grupotiempodigital.com.ar\/index.php?rest_route=\/wp\/v2\/posts\/44369\/revisions"}],"predecessor-version":[{"id":44371,"href":"https:\/\/grupotiempodigital.com.ar\/index.php?rest_route=\/wp\/v2\/posts\/44369\/revisions\/44371"}],"wp:attachment":[{"href":"https:\/\/grupotiempodigital.com.ar\/index.php?rest_route=%2Fwp%2Fv2%2Fmedia&parent=44369"}],"wp:term":[{"taxonomy":"category","embeddable":true,"href":"https:\/\/grupotiempodigital.com.ar\/index.php?rest_route=%2Fwp%2Fv2%2Fcategories&post=44369"},{"taxonomy":"post_tag","embeddable":true,"href":"https:\/\/grupotiempodigital.com.ar\/index.php?rest_route=%2Fwp%2Fv2%2Ftags&post=44369"}],"curies":[{"name":"wp","href":"https:\/\/api.w.org\/{rel}","templated":true}]}}