{"id":44366,"date":"2023-11-10T10:17:32","date_gmt":"2023-11-10T13:17:32","guid":{"rendered":"https:\/\/grupotiempodigital.com.ar\/?p=44366"},"modified":"2023-11-10T10:17:32","modified_gmt":"2023-11-10T13:17:32","slug":"calendarios-de-pagos-que-inician-hoy-2","status":"publish","type":"post","link":"https:\/\/grupotiempodigital.com.ar\/?p=44366","title":{"rendered":"CALENDARIOS DE PAGOS QUE INICIAN HOY"},"content":{"rendered":"\n<figure class=\"wp-block-image size-full is-resized\"><img loading=\"lazy\" decoding=\"async\" src=\"https:\/\/grupotiempodigital.com.ar\/wp-content\/uploads\/2023\/11\/LOGO-ANSES-3.jpg\" alt=\"\" class=\"wp-image-44367\" width=\"840\" height=\"405\" srcset=\"https:\/\/grupotiempodigital.com.ar\/wp-content\/uploads\/2023\/11\/LOGO-ANSES-3.jpg 427w, https:\/\/grupotiempodigital.com.ar\/wp-content\/uploads\/2023\/11\/LOGO-ANSES-3-300x145.jpg 300w\" sizes=\"auto, (max-width: 840px) 100vw, 840px\" \/><\/figure>\n\n\n\n<p>ANSES informa que hoy comienzan los pagos de la Asignaci\u00f3n por Embarazo y las becas Progresar. Est\u00e1s \u00faltimas tienen un monto de&nbsp;<strong>20 mil pesos<\/strong>&nbsp;(incluyen plus por conectividad) que se cobra el 80 por ciento mensualmente y el 20 por ciento restante, al finalizar el per\u00edodo, acreditando la condici\u00f3n de alumno regular.&nbsp;<\/p>\n\n\n\n<p><strong>Asignaci\u00f3n por Embarazo<\/strong><\/p>\n\n\n\n<p><strong>\u00b7<\/strong><strong>&nbsp;&nbsp;&nbsp;&nbsp;&nbsp;&nbsp;&nbsp;&nbsp;<\/strong>&nbsp;<strong>DNI terminados en 0: 10<\/strong>&nbsp;de noviembre<\/p>\n\n\n\n<p>\u00b7&nbsp;&nbsp;&nbsp;&nbsp;&nbsp;&nbsp;&nbsp;&nbsp;&nbsp;<strong>DNI terminados en 1: 13<\/strong>&nbsp;de noviembre<\/p>\n\n\n\n<p>\u00b7&nbsp;&nbsp;&nbsp;&nbsp;&nbsp;&nbsp;&nbsp;&nbsp;<strong>DNI terminados en 2: 14<\/strong>&nbsp;de noviembre<\/p>\n\n\n\n<p><strong>\u00b7<\/strong><strong>&nbsp;&nbsp;&nbsp;&nbsp;&nbsp;&nbsp;&nbsp;&nbsp;<\/strong>&nbsp;<strong>DNI terminados en 3: 15<\/strong>&nbsp;de noviembre<\/p>\n\n\n\n<p><strong>\u00b7<\/strong><strong>&nbsp;&nbsp;&nbsp;&nbsp;&nbsp;&nbsp;&nbsp;<\/strong>&nbsp;<strong>DNI terminados en 4: 16<\/strong>&nbsp;de noviembre<\/p>\n\n\n\n<p><strong>\u00b7<\/strong><strong>&nbsp;&nbsp;&nbsp;&nbsp;&nbsp;&nbsp;&nbsp;<\/strong>&nbsp;<strong>DNI terminados en 5: 17<\/strong>&nbsp;de noviembre<\/p>\n\n\n\n<p>\u00b7&nbsp;&nbsp;&nbsp;&nbsp;&nbsp;&nbsp;&nbsp;&nbsp;&nbsp;<strong>DNI terminados en 6: 21<\/strong>&nbsp;de noviembre<\/p>\n\n\n\n<p><strong>\u00b7<\/strong><strong>&nbsp;&nbsp;&nbsp;&nbsp;&nbsp;&nbsp;&nbsp;&nbsp;<\/strong>&nbsp;<strong>DNI terminados en 7: 22<\/strong>&nbsp;de noviembre<\/p>\n\n\n\n<p><strong>\u00b7<\/strong><strong>&nbsp;&nbsp;&nbsp;&nbsp;&nbsp;&nbsp;&nbsp;<\/strong>&nbsp;<strong>DNI terminados en 8: 23<\/strong>&nbsp;de noviembre<\/p>\n\n\n\n<p>\u00b7&nbsp;&nbsp;&nbsp;&nbsp;&nbsp;&nbsp;&nbsp;&nbsp;&nbsp;<strong>DNI terminados en 9: 24<\/strong>&nbsp;de noviembre<\/p>\n\n\n\n<p><strong>Becas Progresar<\/strong><\/p>\n\n\n\n<p><strong>\u00b7<\/strong><strong>&nbsp;&nbsp;&nbsp;&nbsp;&nbsp;&nbsp;&nbsp;&nbsp;<\/strong>&nbsp;<strong>DNI terminados en 0 y 1: 10<\/strong>&nbsp;de noviembre<\/p>\n\n\n\n<p>\u00b7&nbsp;&nbsp;&nbsp;&nbsp;&nbsp;&nbsp;&nbsp;&nbsp;&nbsp;<strong>DNI terminados en 2 y 3: 13<\/strong>&nbsp;de noviembre<\/p>\n\n\n\n<p>\u00b7&nbsp;&nbsp;&nbsp;&nbsp;&nbsp;&nbsp;&nbsp;&nbsp;<strong>DNI terminados en 4 y 5: 14<\/strong>&nbsp;de noviembre<\/p>\n\n\n\n<p><strong>\u00b7<\/strong><strong>&nbsp;&nbsp;&nbsp;&nbsp;&nbsp;&nbsp;&nbsp;&nbsp;<\/strong>&nbsp;<strong>DNI terminados en 6 y 7: 15<\/strong>&nbsp;de noviembre<\/p>\n\n\n\n<p><strong>\u00b7<\/strong><strong>&nbsp;&nbsp;&nbsp;&nbsp;&nbsp;&nbsp;&nbsp;<\/strong>&nbsp;<strong>DNI terminados en 8 y 9: 16<\/strong>&nbsp;de noviembre<\/p>\n\n\n\n<p class=\"has-text-align-right\"><strong>Se agradece difusi\u00f3n<\/strong><\/p>\n\n\n\n<p class=\"has-text-align-right\"><strong>ANSES<\/strong><\/p>\n","protected":false},"excerpt":{"rendered":"<p>ANSES informa que hoy comienzan los pagos de la Asignaci\u00f3n por Embarazo y las becas Progresar. Est\u00e1s \u00faltimas tienen un<\/p>\n","protected":false},"author":3,"featured_media":0,"comment_status":"open","ping_status":"open","sticky":false,"template":"","format":"standard","meta":{"colormag_page_container_layout":"default_layout","colormag_page_sidebar_layout":"default_layout","footnotes":""},"categories":[1],"tags":[],"class_list":["post-44366","post","type-post","status-publish","format-standard","hentry","category-actualidad"],"_links":{"self":[{"href":"https:\/\/grupotiempodigital.com.ar\/index.php?rest_route=\/wp\/v2\/posts\/44366","targetHints":{"allow":["GET"]}}],"collection":[{"href":"https:\/\/grupotiempodigital.com.ar\/index.php?rest_route=\/wp\/v2\/posts"}],"about":[{"href":"https:\/\/grupotiempodigital.com.ar\/index.php?rest_route=\/wp\/v2\/types\/post"}],"author":[{"embeddable":true,"href":"https:\/\/grupotiempodigital.com.ar\/index.php?rest_route=\/wp\/v2\/users\/3"}],"replies":[{"embeddable":true,"href":"https:\/\/grupotiempodigital.com.ar\/index.php?rest_route=%2Fwp%2Fv2%2Fcomments&post=44366"}],"version-history":[{"count":1,"href":"https:\/\/grupotiempodigital.com.ar\/index.php?rest_route=\/wp\/v2\/posts\/44366\/revisions"}],"predecessor-version":[{"id":44368,"href":"https:\/\/grupotiempodigital.com.ar\/index.php?rest_route=\/wp\/v2\/posts\/44366\/revisions\/44368"}],"wp:attachment":[{"href":"https:\/\/grupotiempodigital.com.ar\/index.php?rest_route=%2Fwp%2Fv2%2Fmedia&parent=44366"}],"wp:term":[{"taxonomy":"category","embeddable":true,"href":"https:\/\/grupotiempodigital.com.ar\/index.php?rest_route=%2Fwp%2Fv2%2Fcategories&post=44366"},{"taxonomy":"post_tag","embeddable":true,"href":"https:\/\/grupotiempodigital.com.ar\/index.php?rest_route=%2Fwp%2Fv2%2Ftags&post=44366"}],"curies":[{"name":"wp","href":"https:\/\/api.w.org\/{rel}","templated":true}]}}