{"id":44363,"date":"2023-11-09T12:25:03","date_gmt":"2023-11-09T15:25:03","guid":{"rendered":"https:\/\/grupotiempodigital.com.ar\/?p=44363"},"modified":"2023-11-09T12:25:03","modified_gmt":"2023-11-09T15:25:03","slug":"calendario-de-eventos-turisticos-en-la-provincia-de-buenos-aires","status":"publish","type":"post","link":"https:\/\/grupotiempodigital.com.ar\/?p=44363","title":{"rendered":"CALENDARIO DE EVENTOS TUR\u00cdSTICOS EN LA PROVINCIA DE BUENOS AIRES"},"content":{"rendered":"\n<p class=\"has-text-align-center\"><strong><em>DEL JUEVES 9 AL JUEVES 16 DE NOVIEMBRE DE 2023<\/em><\/strong><\/p>\n\n\n\n<figure class=\"wp-block-image size-full is-resized\"><img loading=\"lazy\" decoding=\"async\" src=\"https:\/\/grupotiempodigital.com.ar\/wp-content\/uploads\/2023\/11\/LOGO-TURISMO-PCIA.jpg\" alt=\"\" class=\"wp-image-44364\" width=\"842\" height=\"842\" srcset=\"https:\/\/grupotiempodigital.com.ar\/wp-content\/uploads\/2023\/11\/LOGO-TURISMO-PCIA.jpg 225w, https:\/\/grupotiempodigital.com.ar\/wp-content\/uploads\/2023\/11\/LOGO-TURISMO-PCIA-150x150.jpg 150w\" sizes=\"auto, (max-width: 842px) 100vw, 842px\" \/><\/figure>\n\n\n\n<p>Los municipios bonaerenses vivir\u00e1n una semana plena de gastronom\u00eda t\u00edpica, m\u00fasica y tradici\u00f3n. Ca\u00f1uelas celebrar\u00e1 la Expo Ca\u00f1uelas y 23\u00ba Fiesta Provincial del Dulce de Leche; San Antonio De Areco, la 84\u00b0 Fiesta Nacional de la Tradici\u00f3n; Mar Chiquita, la 16\u00ba Fiesta del Cordero Costero en Mar de Cobo; Coronel Su\u00e1rez, 8\u00ba F\u00fcllsen Fest en pueblo San Jos\u00e9; y&nbsp; Coronel Rosales, 6\u00ba Fiesta Provincial de la Comida al Disco A Mar y Campo en Pehuen Co.<\/p>\n\n\n\n<p>Asimismo en Florencio Varela se realizar\u00e1, la Fiesta de la Flor; en General Pinto, la 16\u00b0 Fiesta de la Vaquillona Asada con Cuero en Germania; en General Las Heras, la Fiesta Nacional del Pato; y en Ensenada, el 8\u00ba Encuentro de Acordeonistas del R\u00edo de La Plata.<\/p>\n\n\n\n<p><strong>FIESTAS POPULARES<\/strong><strong><\/strong><\/p>\n\n\n\n<p><strong>CA\u00d1UELAS<\/strong><strong><\/strong><\/p>\n\n\n\n<p><strong>Expo Ca\u00f1uelas y 23\u00ba Fiesta Provincial del Dulce de Leche<\/strong><strong><\/strong><\/p>\n\n\n\n<p><em>Fecha, hora y lugar<\/em>: Del viernes 10 al domingo 12, desde las 10:00, predio de exposiciones, RP N\u00ba 3 y 205.<\/p>\n\n\n\n<p><em>Descripci\u00f3n:<\/em>&nbsp;Elecci\u00f3n del mejor dulce de leche, en las categor\u00edas Familiar y Repostero, con la jura t\u00e9cnica del Ministerio de Desarrollo Agrario de la Provincia de Buenos Aires, a trav\u00e9s de la Direcci\u00f3n de Lecher\u00eda. Tambi\u00e9n se realizar\u00e1 el concurso \u00abMejor Dulce de Leche\u201d, elegido por el voto popular durante los tres d\u00edas del evento. Espect\u00e1culos musicales con artistas nacionales. Entrada gratuita. Organiza la Municipalidad de Ca\u00f1uelas.<\/p>\n\n\n\n<p><em>M\u00e1s informaci\u00f3n<\/em>:&nbsp;www.ca\u00f1uelas.gob.ar&nbsp;<\/p>\n\n\n\n<p><strong>SAN ANTONIO DE ARECO<\/strong><\/p>\n\n\n\n<p><strong>84\u00b0 Fiesta Nacional de la Tradici\u00f3n<\/strong><\/p>\n\n\n\n<p><em>Fecha, hora y lugar:<\/em>&nbsp;Del viernes 10 al domingo 12, en diferentes horarios y espacios f\u00edsicos de la localidad.<\/p>\n\n\n\n<p><em>Descripci\u00f3n:<\/em>&nbsp;Los d\u00edas 11 y 12 de noviembre se realizar\u00e1 el Desfile de la Tradici\u00f3n en la plaza Arellano, el almuerzo oficial en el patio de la pulper\u00eda La Blanqueada, el baile de campo en el Museo Gauchesco Ricardo G\u00fciraldes, las destrezas en el Parque Criollo, y la entrega de premios. Adem\u00e1s, se podr\u00e1 visitar la&nbsp;<strong>49\u00b0 Exposici\u00f3n de la Artesan\u00eda Arequera<\/strong>, en el Sal\u00f3n Guerrico. Entrada arancelada. Organizan la Asociaci\u00f3n de Amigos del Parque Criollo, el Museo Gauchesco Ricardo G\u00fciraldes y la Municipalidad de San Antonio de Areco. Programaci\u00f3n detallada en:&nbsp;<a href=\"https:\/\/www.instagram.com\/p\/CzT66I4ORgf\/\" target=\"_blank\" rel=\"noreferrer noopener\">https:\/\/www.instagram.com\/p\/CzT66I4ORgf\/<\/a><\/p>\n\n\n\n<p><em>M\u00e1s informaci\u00f3n:<\/em>&nbsp;<a href=\"http:\/\/www.facebook.com\/turismosanantoniodeareco\" target=\"_blank\" rel=\"noreferrer noopener\">www.facebook.com\/turismosanantoniodeareco<\/a>&nbsp;&#8211;&nbsp;<a href=\"http:\/\/www.areco.gob.ar\/\" target=\"_blank\" rel=\"noreferrer noopener\">www.areco.gob.ar<\/a>&nbsp;\u2013&nbsp;<a href=\"http:\/\/www.sanantoniodeareco.tur.ar\/\" target=\"_blank\" rel=\"noreferrer noopener\">www.sanantoniodeareco.tur.ar<\/a>&nbsp;<\/p>\n\n\n\n<p><strong>MAR CHIQUITA (Mar de Cobo)<\/strong><\/p>\n\n\n\n<p><strong>16\u00ba Fiesta del Cordero Costero<\/strong><\/p>\n\n\n\n<p><em>Fecha, hora y lugar:<\/em>&nbsp;Viernes 10, a las 20:00, s\u00e1bado 11, a partir de las 11:00, y domingo 12, desde las 10:30, plaza Central de Mar de Cobo.&nbsp;<\/p>\n\n\n\n<p><em>Descripci\u00f3n:<\/em>&nbsp;Exhibici\u00f3n del Taller de Canto Municipal, desfile tradicionalista, espect\u00e1culos con artistas locales y la actuaci\u00f3n de Willy Bronca, Los Leales y Peteco Carabajal y Riendas Libres. Entrada gratuita. Organiza la Municipalidad de Mar Chiquita.<\/p>\n\n\n\n<p><em>M\u00e1s informaci\u00f3n:&nbsp;<\/em><a href=\"http:\/\/www.facebook.com\/municipalidad.marchiquita\" target=\"_blank\" rel=\"noreferrer noopener\">www.facebook.com\/municipalidad.marchiquita<\/a>&nbsp;&#8211;&nbsp;<a href=\"http:\/\/www.instagram.com\/municipalidad.marchiquita\" target=\"_blank\" rel=\"noreferrer noopener\">www.instagram.com\/municipalidad.marchiquita<\/a>&nbsp;<\/p>\n\n\n\n<p><strong>BERISSO<\/strong><\/p>\n\n\n\n<p><strong>20\u00ba Fiesta del Provinciano<\/strong><\/p>\n\n\n\n<p><em>Fecha, hora y lugar<\/em>: Del viernes 10 al domingo 12, desde las 18:00, Parque<\/p>\n\n\n\n<p>C\u00edvico, avenida Montevideo y 11.<\/p>\n\n\n\n<p><em>Descripci\u00f3n<\/em>: Patio de comidas t\u00edpicas y espect\u00e1culos art\u00edsticos y folkl\u00f3ricos. El viernes se elegir\u00e1n las Embajadoras Culturales; y el domingo, a las 15:00, ser\u00e1 el momento del desfile tradicionalista, y la Procesi\u00f3n de Santos y Patronas. Entrada gratuita. Organiza la Municipalidad de Berisso.<\/p>\n\n\n\n<p><em>M\u00e1s informaci\u00f3n<\/em>:&nbsp;<a href=\"http:\/\/www.facebook.com\/municipiodeberisso\" target=\"_blank\" rel=\"noreferrer noopener\">www.facebook.com\/municipiodeberisso<\/a>&nbsp;&#8211;&nbsp;<a href=\"http:\/\/www.instagram.com\/municipiodeberisso\" target=\"_blank\" rel=\"noreferrer noopener\">www.instagram.com\/municipiodeberisso<\/a>&nbsp;<\/p>\n\n\n\n<p><strong>CAMPANA<\/strong><\/p>\n\n\n\n<p><strong>Fiesta del Primer Autom\u00f3vil Argentino<\/strong><\/p>\n\n\n\n<p><em>Fecha, hora y lugar<\/em>: S\u00e1bado 11, de 10:00 a 21:00, Nueva Costanera.&nbsp;<\/p>\n\n\n\n<p><em>Descripci\u00f3n<\/em>: Gran exhibici\u00f3n de motos y autos cl\u00e1sicos, de carrera y el\u00e9ctricos y ciclo de charlas a cargo de la Asociaci\u00f3n Amigos de Turismo Carretera (ACTC). Habr\u00e1 shows en vivo con el cierre estelar de Kapanga y Lucho al Ataque. Entrada gratuita. Organizan el Club del Primer Autom\u00f3vil Argentino y la Municipalidad de Campana.<\/p>\n\n\n\n<p><em>M\u00e1s informaci\u00f3n:<\/em>&nbsp;<a href=\"http:\/\/www.campana.gob.ar\/eventos\/fiesta-del-automovil\" target=\"_blank\" rel=\"noreferrer noopener\">www.campana.gob.ar\/eventos\/fiesta-del-automovil<\/a>&nbsp;<\/p>\n\n\n\n<p><strong>PERGAMINO<\/strong><\/p>\n\n\n\n<p><strong>24\u00b0 Fiesta de las Colectividades en El Socorro<\/strong><\/p>\n\n\n\n<p><em>Fecha, hora y lugar<\/em>:&nbsp;S\u00e1bado 11, desde las 15:00, Plaza del Reencuentro.<\/p>\n\n\n\n<p><em>Descripci\u00f3n<\/em>:&nbsp;Gastronom\u00eda t\u00edpica, feria de artesanos y shows musicales con Los Chaza, Nacho Silva, Numeral 3 y Coro Italiano Pergamino. Entrada arancelada. Organiza la Comisi\u00f3n de Colectividades con el apoyo de la Municipalidad de Pergamino.<\/p>\n\n\n\n<p><em>M\u00e1s informaci\u00f3n<\/em>:&nbsp;&nbsp;<a href=\"https:\/\/www.instagram.com\/munipergamino\" target=\"_blank\" rel=\"noreferrer noopener\">www.instagram.com\/munipergamino<\/a>&nbsp;&#8211;<a href=\"https:\/\/www.facebook.com\/munipergamino\" target=\"_blank\" rel=\"noreferrer noopener\">www.facebook.com\/munipergamino<\/a><\/p>\n\n\n\n<p><strong>TAPALQU\u00c9<\/strong><\/p>\n\n\n\n<p><strong>Fiesta del Cant\u00f3n<\/strong><\/p>\n\n\n\n<p><em>Fecha, hora y lugar<\/em>: S\u00e1bado 11, a partir de las 10:00, plaza Adolfo Alsina.<\/p>\n\n\n\n<p><em>Descripci\u00f3n<\/em>: La ciudad celebra los 160 a\u00f1os de Tapalqu\u00e9 con este evento tradicional. Asados, espect\u00e1culos musicales, artesan\u00edas y patio gastron\u00f3mico. Entrada gratuita. Organiza la Municipalidad de Tapalqu\u00e9.<\/p>\n\n\n\n<p><em>M\u00e1s informaci\u00f3n:<\/em>&nbsp;<a href=\"http:\/\/www.instagram.com\/tapalque.enamora\" target=\"_blank\" rel=\"noreferrer noopener\">www.instagram.com\/tapalque.enamora<\/a>&nbsp;&#8211;&nbsp;<a href=\"http:\/\/www.facebook.com\/Tapalqueenamora\" target=\"_blank\" rel=\"noreferrer noopener\">www.facebook.com\/Tapalqueenamora<\/a>&nbsp;<\/p>\n\n\n\n<p><strong>LEANDRO N. ALEM<\/strong><\/p>\n\n\n\n<p><strong>20\u00ba Fiesta de la Identidad e Integraci\u00f3n<\/strong><\/p>\n\n\n\n<p><em>Fecha, hora y lugar<\/em>: S\u00e1bado 11, a las 19:30, y domingo 12, desde las 10:00, plaza 9 de Julio.<\/p>\n\n\n\n<p><em>Descripci\u00f3n<\/em>:&nbsp;Desfile criollo, desfile institucional, patio de comidas y feria de artesanos. Tocar\u00e1n Alejandro Lerner, La 2001, Serenateros, La Champions Liga y actuar\u00e1 el Ballet Distrital. Entrada gratuita. Organiza la Municipalidad de Leandro N. Alem.<\/p>\n\n\n\n<p><em>M\u00e1s informaci\u00f3n<\/em>:&nbsp;<a href=\"http:\/\/www.facebook.com\/municipioleandroalem\/?locale=es_LA\" target=\"_blank\" rel=\"noreferrer noopener\">www.facebook.com\/municipioleandroalem\/?locale=es_LA<\/a>&nbsp;&#8211;&nbsp;<a href=\"http:\/\/www.instagram.com\/municipioalem\" target=\"_blank\" rel=\"noreferrer noopener\">www.instagram.com\/municipioalem<\/a>&nbsp;<\/p>\n\n\n\n<p><strong>CORONEL SU\u00c1REZ (Pueblo San Jos\u00e9)<\/strong><\/p>\n\n\n\n<p><strong>8\u00ba F\u00fcllsen Fest<\/strong><\/p>\n\n\n\n<p><em>Fecha, hora y lugar<\/em>: S\u00e1bado 11, a las 16:30; y domingo 12, desde las 10:30, pueblo San Jos\u00e9.<\/p>\n\n\n\n<p><em>Descripci\u00f3n<\/em>:&nbsp;Torneo de k\u00f6sser, m\u00fasica, y danzas tradicionales de la cultura alemana del Volga, degustaci\u00f3n de f\u00fcllsen, talleres, patio de comidas y espect\u00e1culos art\u00edsticos locales, regionales y nacionales. Entrada gratuita. Organiza la Comisi\u00f3n de la F\u00fcllsen Fest con el apoyo de la Municipalidad de Coronel Su\u00e1rez y el Gobierno de la Provincia de Buenos Aires.<\/p>\n\n\n\n<p><em>M\u00e1s informaci\u00f3n<\/em>:&nbsp;<a href=\"http:\/\/www.instagram.com\/suarezturismo\" target=\"_blank\" rel=\"noreferrer noopener\">www.instagram.com\/suarezturismo<\/a>&nbsp;&#8211;&nbsp;<a href=\"http:\/\/www.facebook.com\/suarezturismo\" target=\"_blank\" rel=\"noreferrer noopener\">www.facebook.com\/suarezturismo<\/a><\/p>\n\n\n\n<p><strong>LA COSTA (Mar de Aj\u00f3)<\/strong><\/p>\n\n\n\n<p><strong>&nbsp;4\u00ba Fiesta de la Empanada Costera<\/strong><\/p>\n\n\n\n<p><em>Fecha, hora y lugar<\/em>: S\u00e1bado 11, a las 16:00, y domingo 12, a las 12:00, plaza Eva Per\u00f3n, Azopardo entre Rawson y M\u00e1rmol.<\/p>\n\n\n\n<p><em>Descripci\u00f3n<\/em>:&nbsp;Festividad en honor al aniversario de fundaci\u00f3n de Villa Clelia, con degustaci\u00f3n de empanadas fritas y al horno, m\u00fasica, ferias, sorteos y bandas en vivo. Entrada gratuita. Organiza la Comisi\u00f3n de la Fiesta.<br \/><em>M\u00e1s informaci\u00f3n:<\/em>&nbsp;<a href=\"http:\/\/www.facebook.com\/FiestaEmpanadaCosteraVillaClelia\" target=\"_blank\" rel=\"noreferrer noopener\">www.facebook.com\/FiestaEmpanadaCosteraVillaClelia<\/a>&nbsp;<\/p>\n\n\n\n<p><strong>CORONEL ROSALES (Pehu\u00e9n Co)<\/strong><\/p>\n\n\n\n<p><strong>6\u00ba Fiesta Provincial de la Comida al Disco A Mar y Campo<\/strong><\/p>\n\n\n\n<p><em>Fecha, hora y lugar<\/em>: S\u00e1bado 11 y domingo 12, de 12:00 a 00:00, Play\u00f3n Municipal y la plaza Carrasco.<\/p>\n\n\n\n<p><em>Descripci\u00f3n<\/em>: Paseo gastron\u00f3mico con once puestos de diferentes comidas al disco:&nbsp; desde los cl\u00e1sicos pollo y paella hasta los sorrentinos. Tambi\u00e9n productores de cerveza artesanal y tragos; aceite de oliva y aceituna; cubanitos y otras elaboraciones. En la feria de artesan\u00edas se presentar\u00e1n trabajos realizados en telar, hierro, maderas, cuero, vitrofusi\u00f3n. Adem\u00e1s, sobre la plaza Carrasco se montar\u00e1 un escenario con artistas locales y bandas musicales de distintos estilos. Entrada gratuita. Organizan las instituciones de Pehu\u00e9n Co, gastron\u00f3micos y comerciantes, en forma conjunta con la Direcci\u00f3n de Turismo del Municipio de Coronel Rosales. Programaci\u00f3n detallada en:&nbsp;<a href=\"http:\/\/www.turismorosales.gob.ar\/\" target=\"_blank\" rel=\"noreferrer noopener\">www.turismorosales.gob.ar<\/a>&nbsp;<\/p>\n\n\n\n<p><em>M\u00e1s informaci\u00f3n:<\/em>&nbsp;<a href=\"http:\/\/www.instagram.com\/pehuenturismo\" target=\"_blank\" rel=\"noreferrer noopener\">www.instagram.com\/pehuenturismo<\/a>&nbsp;&#8211;&nbsp;<a href=\"http:\/\/www.facebook.com\/rosalesturismo\" target=\"_blank\" rel=\"noreferrer noopener\">www.facebook.com\/rosalesturismo<\/a>&nbsp;<\/p>\n\n\n\n<p><strong>SALADILLO (Polvaredas)<\/strong><\/p>\n\n\n\n<p><strong>7\u00b0 Fiesta de la Tradici\u00f3n<\/strong><\/p>\n\n\n\n<p><em>Fecha, hora y lugar:<\/em>&nbsp;S\u00e1bado 11, desde las 14:00; domingo 12, a partir de las 09:00, localidad de Polvaredas.<\/p>\n\n\n\n<p><em>Descripci\u00f3n<\/em>: Acampe campero, pruebas de riendas de menores (hasta 12 a\u00f1os) y de riendas de mujeres a partir de las 17:00. Pe\u00f1a folkl\u00f3rica, fog\u00f3n y baile. El domingo, las actividades comenzar\u00e1n a las 09:00, con el izamiento del Pabell\u00f3n Nacional, cel desfile gaucho y juegos camperos. Entrada gratuita. Organizan las instituciones locales con el auspicio de la Municipalidad de Saladillo.<\/p>\n\n\n\n<p><em>M\u00e1s informaci\u00f3n<\/em>:&nbsp;<a href=\"http:\/\/www.facebook.com\/profile.php?id=100069382733920\" target=\"_blank\" rel=\"noreferrer noopener\">www.facebook.com\/profile.php?id=100069382733920<\/a>&nbsp;<\/p>\n\n\n\n<p><strong>FLORENCIO VARELA&nbsp;<\/strong><\/p>\n\n\n\n<p><strong>Fiesta de la Flor<\/strong><\/p>\n\n\n\n<p><em>Fecha, hora y lugar:&nbsp;<\/em>S\u00e1bado 11 y domingo 12, de 10:00 a 21:00, predio de Asociaci\u00f3n Japonesa, Eva Per\u00f3n n\u00ba 7215, Santa Rosa.<\/p>\n\n\n\n<p><em>Descripci\u00f3n:&nbsp;<\/em>Epecialistas y productores flor\u00edcolas, emprendedores, presentaciones en vivo y una variada oferta gastron\u00f3mica. Se suspende por lluvia. Entrada gratuita. Organiza la Municipalidad de Florencio Varela.<\/p>\n\n\n\n<p><em>M\u00e1s informaci\u00f3n:<\/em>&nbsp;<a href=\"http:\/\/www.varela.gov.ar\/agenda\" target=\"_blank\" rel=\"noreferrer noopener\">www.varela.gov.ar\/agenda<\/a>&nbsp;<\/p>\n\n\n\n<p><strong>GENERAL PINTO (Germania)<\/strong><\/p>\n\n\n\n<p><strong>16\u00b0 Fiesta de la Vaquillona Asada con Cuero Germaniense<\/strong><\/p>\n\n\n\n<p><em>Fecha, hora y lugar:<\/em>&nbsp;S\u00e1bado 11, desde las 18:00, y domingo 12, a partir de las 10:00, Parque Municipal del Centenario.<\/p>\n\n\n\n<p><em>Descripci\u00f3n<\/em>: Tradiciones folkl\u00f3ricas, gastronom\u00eda y asado con cuero. La primera jornada tendr\u00e1 espect\u00e1culos art\u00edsticos locales y regionales, mientras que el segundo d\u00eda habr\u00e1 destrezas criollas y shows art\u00edsticos. Entrada gratuita. Organiza la Municipalidad de General Pinto junto a las instituciones de la localidad.<\/p>\n\n\n\n<p><em>M\u00e1s informaci\u00f3n<\/em>:<a href=\"http:\/\/www.facebook.com\/profile.php?id=100067434391008\" target=\"_blank\" rel=\"noreferrer noopener\">www.facebook.com\/profile.php?id=100067434391008<\/a><\/p>\n\n\n\n<p><a href=\"http:\/\/www.instagram.com\/generalpintogobiernopresente\/\" target=\"_blank\" rel=\"noreferrer noopener\">&nbsp;www.instagram.com\/generalpintogobiernopresente\/<\/a><\/p>\n\n\n\n<p><strong>GENERAL LAS HERAS<\/strong><\/p>\n\n\n\n<p><strong>Fiesta Nacional del Pato<\/strong><\/p>\n\n\n\n<p><em>Fecha, hora y lugar:<\/em>&nbsp;Viernes 10, a las 16:00; S\u00e1bado 11 y domingo 12, desde las 10:30; Campo de Pato de General Las Heras.<\/p>\n\n\n\n<p><em>Descripci\u00f3n<\/em>: Partido de pato Copa General Las Heras y partidos de charitos, con entrega de premios. Adem\u00e1s, baile de tambores, peric\u00f3n nacional, y espect\u00e1culos folkl\u00f3ricos. Entrada arancelada. Organiza el Campo de Pato de General Las Heras con el auspicio de la Municipalidad de General Las Heras.<\/p>\n\n\n\n<p><em>M\u00e1s informaci\u00f3n:<\/em>&nbsp;&nbsp;<a href=\"http:\/\/www.facebook.com\/muniglh\" target=\"_blank\" rel=\"noreferrer noopener\">www.facebook.com\/muniglh<\/a>&nbsp;&#8211;&nbsp;<a href=\"http:\/\/www.instagram.com\/campodepatolh\/?hl=es-la\" target=\"_blank\" rel=\"noreferrer noopener\">www.instagram.com\/campodepatolh\/?hl=es-la<\/a>&nbsp;<\/p>\n\n\n\n<p><strong>TORNQUIST<\/strong><\/p>\n\n\n\n<p><strong>112\u00ba Aniversario del Club Hotel de la Ventana<\/strong><\/p>\n\n\n\n<p><em>Fecha, hora y lugar:<\/em>&nbsp;S\u00e1bado 11, desde las 11:00, Club Hotel de la Ventana; y lunes 13, a las 10:00, teatro R. Funke de Tornquist.<\/p>\n\n\n\n<p><em>Descripci\u00f3n<\/em>: La jornada del s\u00e1bado abrir\u00e1 con una adaptaci\u00f3n teatral, a las 16:00; y continuar\u00e1 con una excursi\u00f3n a las Ruinas del Club Hotel (la guiada se repetir\u00e1 a las 16:30). Adem\u00e1s, de 15:00 a 19:00, se podr\u00e1 visitar el Museo Sendero de los Recuerdos, en Villa Ventana. En tanto que el lunes se llevar\u00e1 a cabo una charla abierta con la disertaci\u00f3n de Mariano Spialtini sobre el contexto hist\u00f3rico, y la Asociaci\u00f3n La Trochita. Todas las actividades son gratuitas. Organiza el Municipio de Tornquist.&nbsp;<\/p>\n\n\n\n<p><em>M\u00e1s informaci\u00f3n:<\/em>&nbsp;<a href=\"http:\/\/www.instagram.com\/ventania_tornquist\" target=\"_blank\" rel=\"noreferrer noopener\">www.instagram.com\/ventania_tornquist<\/a>&nbsp;&#8211;&nbsp; (0291) 4940811<\/p>\n\n\n\n<p><strong>DAIREAUX (Arboledas)<\/strong><\/p>\n\n\n\n<p><strong>13\u00ba Fiesta Regional del Cordero<\/strong><\/p>\n\n\n\n<p><em>Fecha, hora y lugar<\/em>: Domingo 12, a partir de las 12:00, localidad de Arboledas.<\/p>\n\n\n\n<p><em>Descripci\u00f3n<\/em>:&nbsp; Actuar\u00e1n Ian Folk, Germ\u00e1n Gait\u00e1n y Franco Paredes. Valor de la entrada: $4.000 para mayores y $3.000, menores. Incluye cordero al asador, chorizos, postre, pan y derecho a espect\u00e1culos (llevar platos y cubiertos). Organiza la Municipalidad de Daireaux y la Delegaci\u00f3n Municipal de Arboledas.<\/p>\n\n\n\n<p><em>M\u00e1s informaci\u00f3n:<\/em>&nbsp;<a href=\"http:\/\/www.instagram.com\/direcciondeculturadaireaux\" target=\"_blank\" rel=\"noreferrer noopener\">www.instagram.com\/direcciondeculturadaireaux<\/a>&nbsp;&#8211;&nbsp; Direcci\u00f3n de Cultura (2316) 452213 &#8211; Delegaci\u00f3n de Arboledas (2314) 471732.<\/p>\n\n\n\n<p><strong>NAVARRO (Villa Moll)<\/strong><\/p>\n\n\n\n<p><strong>11\u00b0 Fiesta de la Empanada<\/strong><\/p>\n\n\n\n<p><em>Fecha, hora y lugar:&nbsp;<\/em>Domingo 12, a partir de las 10:00, predio del Ferrocarril, Villa Moll.<\/p>\n\n\n\n<p><em>Descripci\u00f3n:&nbsp;<\/em>Empanadas caseras, cuerpos de bailes, artistas musicales, puestos de artesan\u00edas y actividades deportivas. Habr\u00e1 premios a la mejor empanada. Entrada gratuita. Organiza la Sociedad de Fomento de Villa Moll y la Municipalidad de Navarro.<\/p>\n\n\n\n<p><em>M\u00e1s informaci\u00f3n:<\/em>&nbsp;&nbsp;<a href=\"http:\/\/www.facebook.com\/sociedaddefomento.moll\" target=\"_blank\" rel=\"noreferrer noopener\">www.facebook.com\/sociedaddefomento.moll<\/a><\/p>\n\n\n\n<p><strong>GENERAL ALVARADO (Miramar)<\/strong>&nbsp;<\/p>\n\n\n\n<p><strong>7\u00b0 Fog\u00f3n de la Tradici\u00f3n<\/strong><\/p>\n\n\n\n<p><em>Fecha, hora y lugar:<\/em>&nbsp;Domingo 12, a partir de las 13:00,Polideportivo N\u00e9stor Kirchner.<\/p>\n\n\n\n<p><em>Descripci\u00f3n:&nbsp;<\/em>&nbsp;Fog\u00f3n de la Tradici\u00f3n con la presentaci\u00f3n de La G\u00f3mez Re, Leyenda Miramar, Marisa S\u00e1enz cantora surera y los Hermanos D\u00edaz, quienes recorrer\u00e1n la m\u00fasica tradicionalista y latinoamericana. Habr\u00e1 patio gastron\u00f3mico, paseo de feriantes y emprendedores, instituciones, artesanos y productores de art\u00edculos regionales.<\/p>\n\n\n\n<p><em>M\u00e1s informaci\u00f3n<\/em>:&nbsp;<a href=\"http:\/\/www.facebook.com\/Soniamyf\" target=\"_blank\" rel=\"noreferrer noopener\">www.facebook.com\/Soniamyf<\/a>&nbsp;<\/p>\n\n\n\n<p><strong>EVENTOS CULTURALES<\/strong><\/p>\n\n\n\n<p><strong>VILLA GESELL<\/strong><\/p>\n\n\n\n<p><strong>28\u00b0 Encuentro Coral de Villa Gesell<\/strong><\/p>\n\n\n\n<p><em>Fecha, hora y lugar<\/em>: S\u00e1bado 11, a las 19:00, Sociedad Alemana, Camino de los Pioneros N\u00b0 1997.<\/p>\n\n\n\n<p><em>Descripci\u00f3n<\/em>: Se presentar\u00e1n coros de La Plata, Buenos Aires, General Madariaga y locales y un Ensamble de M\u00fasica proveniente de Alemania. Entrada gratuita. Organiza la Sociedad Alemana con el apoyo de la Secretar\u00eda de Turismo de la Municipalidad de Villa Gesell.<\/p>\n\n\n\n<p><em>M\u00e1s informaci\u00f3n:<\/em>&nbsp;<a href=\"http:\/\/www.gesell.tur.ar\/eventos\/28-encuentro-coral-AD38CCE75F\" target=\"_blank\" rel=\"noreferrer noopener\">www.gesell.tur.ar\/eventos\/28-encuentro-coral-AD38CCE75F<\/a>&nbsp;&#8211; WhatsApp al (11) 6730-4050<\/p>\n\n\n\n<p><strong>BRANDSEN<\/strong><\/p>\n\n\n\n<p><strong>Festival de Tango<\/strong><\/p>\n\n\n\n<p><em>Fecha, hora y lugar<\/em>: S\u00e1bado 11 y domingo 12, en distintos horarios y espacios f\u00edsicos de la ciudad.<\/p>\n\n\n\n<p><em>Descripci\u00f3n:<\/em>&nbsp; Poes\u00eda, pintura, m\u00fasica y danza. Entrada gratuita. Organizan BTC Producciones, Comunidad de Tango de San Vicente y la Municipalidad de Brandsen. Consultar programaci\u00f3n en:&nbsp;<a href=\"http:\/\/www.instagram.com\/brandsentangofestival\" target=\"_blank\" rel=\"noreferrer noopener\">www.instagram.com\/brandsentangofestival<\/a><\/p>\n\n\n\n<p><em>M\u00e1s informaci\u00f3n<\/em>:&nbsp;<a href=\"http:\/\/www.brandsen.gob.ar\/\" target=\"_blank\" rel=\"noreferrer noopener\">www.brandsen.gob.ar<\/a>&nbsp;&#8211;<a href=\"http:\/\/www.facebook.com\/municipalidadbrandsen\" target=\"_blank\" rel=\"noreferrer noopener\">www.facebook.com\/municipalidadbrandsen<\/a>&nbsp;<\/p>\n\n\n\n<p><strong>ENSENADA<\/strong><\/p>\n\n\n\n<p><strong>8\u00ba&nbsp;<\/strong><a href=\"https:\/\/www.facebook.com\/encuentrodeacordeonistasdelriodelaplata?__cft__%5b0%5d=AZVE0dw-4tiwpD7bnvfi3uDJQNX4F6EhQdXFOkEjH-tqGOqRi4inJKNZazHHCsUa83X7HYESCRzTGmm3WxzR9EzyNJlECPNdDTc4qCQ1PP1n9_DeAOVc7HgRSjDqcnk1nZlHU8IWANrbBvhy0A2kE3rj&amp;__tn__=-UC%2CP-R\" target=\"_blank\" rel=\"noreferrer noopener\"><strong>Encuentro de Acordeonistas del R\u00edo de La Plata<\/strong><\/a><\/p>\n\n\n\n<p><em>Fecha, hora y lugar<\/em>: S\u00e1bado 11, desde las 15:00, mirador N\u00e9stor Kirchner, Punta Lara; y domingo 12, a partir de las 11:00, Club Isle\u00f1os Unidos, Isla Santiago.<\/p>\n\n\n\n<p><em>Descripci\u00f3n:<\/em>&nbsp;El encuentro convoca a celebrar el acorde\u00f3n con rondas musicales, conciertos en vivo, talleres, y la feria isle\u00f1a. Entrada gratuita. Organiza Encuentro de Acordeones LP, con el apoyo de la Municipalidad de Ensenada y el&nbsp;<a href=\"https:\/\/www.facebook.com\/clubislasantiago?__cft__%5b0%5d=AZVE0dw-4tiwpD7bnvfi3uDJQNX4F6EhQdXFOkEjH-tqGOqRi4inJKNZazHHCsUa83X7HYESCRzTGmm3WxzR9EzyNJlECPNdDTc4qCQ1PP1n9_DeAOVc7HgRSjDqcnk1nZlHU8IWANrbBvhy0A2kE3rj&amp;__tn__=-%5dK-R\" target=\"_blank\" rel=\"noreferrer noopener\">Club Isle\u00f1os Unidos<\/a>.<\/p>\n\n\n\n<p><em>M\u00e1s informaci\u00f3n<\/em>:&nbsp;<a href=\"http:\/\/www.facebook.com\/encuentrodeacordeonistasdelriodelaplata\" target=\"_blank\" rel=\"noreferrer noopener\">www.facebook.com\/encuentrodeacordeonistasdelriodelaplata<\/a>&nbsp;&#8211;<a href=\"http:\/\/www.instagram.com\/encuentro_acordeonistas\" target=\"_blank\" rel=\"noreferrer noopener\">www.instagram.com\/encuentro_acordeonistas<\/a>&nbsp;<\/p>\n\n\n\n<p><strong>EVENTOS DEPORTIVOS<\/strong><\/p>\n\n\n\n<p><strong>AVELLANEDA<\/strong><\/p>\n\n\n\n<p><strong>Remada Nocturna<\/strong><\/p>\n\n\n\n<p><em>Fecha, hora y lugar:&nbsp;&nbsp;<\/em>S\u00e1bado 11, a las 19:00, laguna La Saladita, ingreso por Cort\u00e9s y Sol\u00eds, Sarand\u00ed.<\/p>\n\n\n\n<p><em>Descripci\u00f3n:<\/em>&nbsp;Propuesta nocturna bajo luna llena, en la que habr\u00e1 canotaje, fog\u00f3n, bandas invitadas, cine al aire libre, y buffet con precios populares. Entrada gratuita. Organiza la Municipalidad de Avellaneda.<\/p>\n\n\n\n<p><em>M\u00e1s informaci\u00f3n:<\/em>&nbsp;&nbsp;<a href=\"http:\/\/www.instagram.com\/munideavellaneda\" target=\"_blank\" rel=\"noreferrer noopener\">www.instagram.com\/munideavellaneda<\/a>&nbsp;&#8211;&nbsp;<a href=\"http:\/\/www.facebook.com\/municipalidad.avellaneda?locale=es_LA\" target=\"_blank\" rel=\"noreferrer noopener\">www.facebook.com\/municipalidad.avellaneda?locale=es_LA<\/a><\/p>\n\n\n\n<p><strong>TORNQUIST<\/strong><\/p>\n\n\n\n<p><strong>1\u00b0 Fiesta de la Trucha<\/strong><\/p>\n\n\n\n<p><em>Fecha, hora y lugar:<\/em>&nbsp;Domingo 12, a las 11:00, Parque Norte Tornquist, RP 76 km 250.<\/p>\n\n\n\n<p><em>Descripci\u00f3n:<\/em>&nbsp;Shows en vivo y artesan\u00edas y manualistas. Se presentar\u00e1 la Escuela Folkl\u00f3rica Municipal So\u00f1adores y el Grupo Universitario. Entrada gratuita. Organiza Meraki Regionales con el auspicio de la Municipalidad de Tornquist.<\/p>\n\n\n\n<p><em>M\u00e1s informaci\u00f3n<\/em>:&nbsp;<a href=\"http:\/\/www.facebook.com\/turismosierradelaventana\" target=\"_blank\" rel=\"noreferrer noopener\">www.facebook.com\/turismosierradelaventana<\/a>&nbsp;&#8211;&nbsp;<a href=\"http:\/\/www.instagram.com\/ventania_tornquist\" target=\"_blank\" rel=\"noreferrer noopener\">www.instagram.com\/ventania_tornquist<\/a>&nbsp;&#8211; (2915) 326961 &#8211; (291) 4122080.<\/p>\n\n\n\n<p>Adem\u00e1s, hasta el 12 de noviembre contin\u00faa el&nbsp;<strong>38\u00ba Festival Internacional de Cine en Mar del Plata.<\/strong><\/p>\n\n\n\n<p>La agenda tur\u00edstica y cultural de los 135 municipios se encuentra disponible en la APP ReCreo. Link de descarga:<a href=\"http:\/\/recreo.gba.gob.ar\/descargar\" target=\"_blank\" rel=\"noreferrer noopener\">recreo.gba.gob.ar\/descargar<\/a><\/p>\n","protected":false},"excerpt":{"rendered":"<p>DEL JUEVES 9 AL JUEVES 16 DE NOVIEMBRE DE 2023 Los municipios bonaerenses vivir\u00e1n una semana plena de gastronom\u00eda t\u00edpica,<\/p>\n","protected":false},"author":3,"featured_media":0,"comment_status":"open","ping_status":"open","sticky":false,"template":"","format":"standard","meta":{"colormag_page_container_layout":"default_layout","colormag_page_sidebar_layout":"default_layout","footnotes":""},"categories":[1],"tags":[],"class_list":["post-44363","post","type-post","status-publish","format-standard","hentry","category-actualidad"],"_links":{"self":[{"href":"https:\/\/grupotiempodigital.com.ar\/index.php?rest_route=\/wp\/v2\/posts\/44363","targetHints":{"allow":["GET"]}}],"collection":[{"href":"https:\/\/grupotiempodigital.com.ar\/index.php?rest_route=\/wp\/v2\/posts"}],"about":[{"href":"https:\/\/grupotiempodigital.com.ar\/index.php?rest_route=\/wp\/v2\/types\/post"}],"author":[{"embeddable":true,"href":"https:\/\/grupotiempodigital.com.ar\/index.php?rest_route=\/wp\/v2\/users\/3"}],"replies":[{"embeddable":true,"href":"https:\/\/grupotiempodigital.com.ar\/index.php?rest_route=%2Fwp%2Fv2%2Fcomments&post=44363"}],"version-history":[{"count":1,"href":"https:\/\/grupotiempodigital.com.ar\/index.php?rest_route=\/wp\/v2\/posts\/44363\/revisions"}],"predecessor-version":[{"id":44365,"href":"https:\/\/grupotiempodigital.com.ar\/index.php?rest_route=\/wp\/v2\/posts\/44363\/revisions\/44365"}],"wp:attachment":[{"href":"https:\/\/grupotiempodigital.com.ar\/index.php?rest_route=%2Fwp%2Fv2%2Fmedia&parent=44363"}],"wp:term":[{"taxonomy":"category","embeddable":true,"href":"https:\/\/grupotiempodigital.com.ar\/index.php?rest_route=%2Fwp%2Fv2%2Fcategories&post=44363"},{"taxonomy":"post_tag","embeddable":true,"href":"https:\/\/grupotiempodigital.com.ar\/index.php?rest_route=%2Fwp%2Fv2%2Ftags&post=44363"}],"curies":[{"name":"wp","href":"https:\/\/api.w.org\/{rel}","templated":true}]}}