{"id":44356,"date":"2023-11-09T10:16:55","date_gmt":"2023-11-09T13:16:55","guid":{"rendered":"https:\/\/grupotiempodigital.com.ar\/?p=44356"},"modified":"2023-11-09T10:16:55","modified_gmt":"2023-11-09T13:16:55","slug":"jubilaciones-minimas-tercera-y-ultima-cuota-del-refuerzo-de-37-mil-pesos","status":"publish","type":"post","link":"https:\/\/grupotiempodigital.com.ar\/?p=44356","title":{"rendered":"Jubilaciones m\u00ednimas: tercera y \u00faltima cuota del refuerzo de 37 mil pesos"},"content":{"rendered":"\n<h1 class=\"wp-block-heading\">CALENDARIOS DE PAGOS QUE INICIAN HOY<\/h1>\n\n\n\n<figure class=\"wp-block-image size-full is-resized\"><img loading=\"lazy\" decoding=\"async\" src=\"https:\/\/grupotiempodigital.com.ar\/wp-content\/uploads\/2023\/11\/LOGO-ANSES-2.jpg\" alt=\"\" class=\"wp-image-44357\" width=\"842\" height=\"406\" srcset=\"https:\/\/grupotiempodigital.com.ar\/wp-content\/uploads\/2023\/11\/LOGO-ANSES-2.jpg 427w, https:\/\/grupotiempodigital.com.ar\/wp-content\/uploads\/2023\/11\/LOGO-ANSES-2-300x145.jpg 300w\" sizes=\"auto, (max-width: 842px) 100vw, 842px\" \/><\/figure>\n\n\n\n<p>ANSES informa que hoy comienzan los pagos de las jubilaciones y pensiones m\u00ednimas, la Asignaci\u00f3n Universal por Hijo y la Asignaci\u00f3n Familiar por Hijo.<\/p>\n\n\n\n<p><strong>Asimismo, este mes las jubilaciones y pensiones de la m\u00ednima perciben con su haber la tercera y \u00faltima cuota del refuerzo de 37 mil pesos, por lo que ning\u00fan jubilado o pensionado cobra menos de 124.460 pesos.<\/strong><\/p>\n\n\n\n<p>En este sentido, los cronogramas quedan conformados de la siguiente manera:<\/p>\n\n\n\n<p><strong>Jubilaciones y pensiones que no superen un haber m\u00ednimo<\/strong><\/p>\n\n\n\n<p><strong>\u00b7<\/strong><strong>&nbsp;&nbsp;&nbsp;&nbsp;&nbsp;&nbsp;&nbsp;<\/strong>&nbsp;<strong>DNI terminados en 0: 9<\/strong>&nbsp;de noviembre<\/p>\n\n\n\n<p>\u00b7&nbsp;&nbsp;&nbsp;&nbsp;&nbsp;&nbsp;&nbsp;&nbsp;&nbsp;<strong>DNI terminados en 1: 10<\/strong>&nbsp;de noviembre<\/p>\n\n\n\n<p>\u00b7&nbsp;&nbsp;&nbsp;&nbsp;&nbsp;&nbsp;&nbsp;&nbsp;<strong>DNI terminados en 2: 13<\/strong>&nbsp;de noviembre<\/p>\n\n\n\n<p><strong>\u00b7<\/strong><strong>&nbsp;&nbsp;&nbsp;&nbsp;&nbsp;&nbsp;&nbsp;&nbsp;<\/strong>&nbsp;<strong>DNI terminados en 3: 14<\/strong>&nbsp;de noviembre<\/p>\n\n\n\n<p><strong>\u00b7<\/strong><strong>&nbsp;&nbsp;&nbsp;&nbsp;&nbsp;&nbsp;&nbsp;<\/strong>&nbsp;<strong>DNI terminados en 4: 15<\/strong>&nbsp;de noviembre<\/p>\n\n\n\n<p><strong>\u00b7<\/strong><strong>&nbsp;&nbsp;&nbsp;&nbsp;&nbsp;&nbsp;&nbsp;<\/strong>&nbsp;<strong>DNI terminados en 5: 16<\/strong>&nbsp;de noviembre<\/p>\n\n\n\n<p>\u00b7&nbsp;&nbsp;&nbsp;&nbsp;&nbsp;&nbsp;&nbsp;&nbsp;&nbsp;<strong>DNI terminados en 6: 17<\/strong>&nbsp;de noviembre<\/p>\n\n\n\n<p><strong>\u00b7<\/strong><strong>&nbsp;&nbsp;&nbsp;&nbsp;&nbsp;&nbsp;&nbsp;&nbsp;<\/strong>&nbsp;<strong>DNI terminados en 7: 21<\/strong>&nbsp;de noviembre<\/p>\n\n\n\n<p><strong>\u00b7<\/strong><strong>&nbsp;&nbsp;&nbsp;&nbsp;&nbsp;&nbsp;&nbsp;<\/strong>&nbsp;<strong>DNI terminados en 8: 22<\/strong>&nbsp;de noviembre<\/p>\n\n\n\n<p>\u00b7&nbsp;&nbsp;&nbsp;&nbsp;&nbsp;&nbsp;&nbsp;&nbsp;&nbsp;<strong>DNI terminados en 9: 23<\/strong>&nbsp;de noviembre<\/p>\n\n\n\n<p><strong>Asignaci\u00f3n Universal por Hijo y Asignaci\u00f3n Familiar por Hijo<\/strong><\/p>\n\n\n\n<p><strong>\u00b7<\/strong><strong>&nbsp;&nbsp;&nbsp;&nbsp;&nbsp;&nbsp;&nbsp;<\/strong>&nbsp;<strong>DNI terminados en 0: 9<\/strong>&nbsp;de noviembre<\/p>\n\n\n\n<p>\u00b7&nbsp;&nbsp;&nbsp;&nbsp;&nbsp;&nbsp;&nbsp;&nbsp;&nbsp;<strong>DNI terminados en 1: 10<\/strong>&nbsp;de noviembre<\/p>\n\n\n\n<p>\u00b7&nbsp;&nbsp;&nbsp;&nbsp;&nbsp;&nbsp;&nbsp;&nbsp;<strong>DNI terminados en 2: 13<\/strong>&nbsp;de noviembre<\/p>\n\n\n\n<p><strong>\u00b7<\/strong><strong>&nbsp;&nbsp;&nbsp;&nbsp;&nbsp;&nbsp;&nbsp;&nbsp;<\/strong>&nbsp;<strong>DNI terminados en 3: 14<\/strong>&nbsp;de noviembre<\/p>\n\n\n\n<p><strong>\u00b7<\/strong><strong>&nbsp;&nbsp;&nbsp;&nbsp;&nbsp;&nbsp;&nbsp;<\/strong>&nbsp;<strong>DNI terminados en 4: 15<\/strong>&nbsp;de noviembre<\/p>\n\n\n\n<p><strong>\u00b7<\/strong><strong>&nbsp;&nbsp;&nbsp;&nbsp;&nbsp;&nbsp;&nbsp;<\/strong>&nbsp;<strong>DNI terminados en 5: 16<\/strong>&nbsp;de noviembre<\/p>\n\n\n\n<p>\u00b7&nbsp;&nbsp;&nbsp;&nbsp;&nbsp;&nbsp;&nbsp;&nbsp;&nbsp;<strong>DNI terminados en 6: 17<\/strong>&nbsp;de noviembre<\/p>\n\n\n\n<p><strong>\u00b7<\/strong><strong>&nbsp;&nbsp;&nbsp;&nbsp;&nbsp;&nbsp;&nbsp;&nbsp;<\/strong>&nbsp;<strong>DNI terminados en 7: 21<\/strong>&nbsp;de noviembre<\/p>\n\n\n\n<p><strong>\u00b7<\/strong><strong>&nbsp;&nbsp;&nbsp;&nbsp;&nbsp;&nbsp;&nbsp;<\/strong>&nbsp;<strong>DNI terminados en 8: 22<\/strong>&nbsp;de noviembre<\/p>\n\n\n\n<p>\u00b7&nbsp;&nbsp;&nbsp;&nbsp;&nbsp;&nbsp;&nbsp;&nbsp;&nbsp;<strong>DNI terminados en 9: 23<\/strong>&nbsp;de noviembre<\/p>\n\n\n\n<p class=\"has-text-align-right\"><strong>Se agradece difusi\u00f3n<\/strong><\/p>\n\n\n\n<p class=\"has-text-align-right\"><strong>ANSES<\/strong><\/p>\n","protected":false},"excerpt":{"rendered":"<p>CALENDARIOS DE PAGOS QUE INICIAN HOY ANSES informa que hoy comienzan los pagos de las jubilaciones y pensiones m\u00ednimas, la<\/p>\n","protected":false},"author":3,"featured_media":0,"comment_status":"open","ping_status":"open","sticky":false,"template":"","format":"standard","meta":{"colormag_page_container_layout":"default_layout","colormag_page_sidebar_layout":"default_layout","footnotes":""},"categories":[1],"tags":[],"class_list":["post-44356","post","type-post","status-publish","format-standard","hentry","category-actualidad"],"_links":{"self":[{"href":"https:\/\/grupotiempodigital.com.ar\/index.php?rest_route=\/wp\/v2\/posts\/44356","targetHints":{"allow":["GET"]}}],"collection":[{"href":"https:\/\/grupotiempodigital.com.ar\/index.php?rest_route=\/wp\/v2\/posts"}],"about":[{"href":"https:\/\/grupotiempodigital.com.ar\/index.php?rest_route=\/wp\/v2\/types\/post"}],"author":[{"embeddable":true,"href":"https:\/\/grupotiempodigital.com.ar\/index.php?rest_route=\/wp\/v2\/users\/3"}],"replies":[{"embeddable":true,"href":"https:\/\/grupotiempodigital.com.ar\/index.php?rest_route=%2Fwp%2Fv2%2Fcomments&post=44356"}],"version-history":[{"count":1,"href":"https:\/\/grupotiempodigital.com.ar\/index.php?rest_route=\/wp\/v2\/posts\/44356\/revisions"}],"predecessor-version":[{"id":44358,"href":"https:\/\/grupotiempodigital.com.ar\/index.php?rest_route=\/wp\/v2\/posts\/44356\/revisions\/44358"}],"wp:attachment":[{"href":"https:\/\/grupotiempodigital.com.ar\/index.php?rest_route=%2Fwp%2Fv2%2Fmedia&parent=44356"}],"wp:term":[{"taxonomy":"category","embeddable":true,"href":"https:\/\/grupotiempodigital.com.ar\/index.php?rest_route=%2Fwp%2Fv2%2Fcategories&post=44356"},{"taxonomy":"post_tag","embeddable":true,"href":"https:\/\/grupotiempodigital.com.ar\/index.php?rest_route=%2Fwp%2Fv2%2Ftags&post=44356"}],"curies":[{"name":"wp","href":"https:\/\/api.w.org\/{rel}","templated":true}]}}