{"id":44349,"date":"2023-11-07T12:14:07","date_gmt":"2023-11-07T15:14:07","guid":{"rendered":"https:\/\/grupotiempodigital.com.ar\/?p=44349"},"modified":"2023-11-07T12:14:07","modified_gmt":"2023-11-07T15:14:07","slug":"homenaje-a-don-martin-gomez-en-el-dia-de-su-natalicio","status":"publish","type":"post","link":"https:\/\/grupotiempodigital.com.ar\/?p=44349","title":{"rendered":"Homenaje a Don Mart\u00edn G\u00f3mez en el d\u00eda de su natalicio"},"content":{"rendered":"\n<figure class=\"wp-block-image size-large\"><img loading=\"lazy\" decoding=\"async\" width=\"1024\" height=\"801\" src=\"https:\/\/grupotiempodigital.com.ar\/wp-content\/uploads\/2023\/11\/DON-MARTIN-1024x801.jpg\" alt=\"\" class=\"wp-image-44350\" srcset=\"https:\/\/grupotiempodigital.com.ar\/wp-content\/uploads\/2023\/11\/DON-MARTIN-1024x801.jpg 1024w, https:\/\/grupotiempodigital.com.ar\/wp-content\/uploads\/2023\/11\/DON-MARTIN-300x235.jpg 300w, https:\/\/grupotiempodigital.com.ar\/wp-content\/uploads\/2023\/11\/DON-MARTIN-768x601.jpg 768w, https:\/\/grupotiempodigital.com.ar\/wp-content\/uploads\/2023\/11\/DON-MARTIN.jpg 1280w\" sizes=\"auto, (max-width: 1024px) 100vw, 1024px\" \/><\/figure>\n\n\n\n<p>Este s\u00e1bado 11 de noviembre de 10 a 18 horas en el Museo Marta In\u00e9s Martinez se realizar\u00e1 un homenaje a Don Mart\u00edn G\u00f3mez en el d\u00eda de su natalicio.<\/p>\n\n\n\n<p>Habr\u00e1 exposici\u00f3n de Sogueros y una charla abierta de soguer\u00eda a cargo de N\u00e9stor G\u00f3mez.<\/p>\n\n\n\n<figure class=\"wp-block-image size-large\"><img loading=\"lazy\" decoding=\"async\" width=\"1024\" height=\"801\" src=\"https:\/\/grupotiempodigital.com.ar\/wp-content\/uploads\/2023\/11\/DON-MARTIN-1-1024x801.jpg\" alt=\"\" class=\"wp-image-44351\" srcset=\"https:\/\/grupotiempodigital.com.ar\/wp-content\/uploads\/2023\/11\/DON-MARTIN-1-1024x801.jpg 1024w, https:\/\/grupotiempodigital.com.ar\/wp-content\/uploads\/2023\/11\/DON-MARTIN-1-300x235.jpg 300w, https:\/\/grupotiempodigital.com.ar\/wp-content\/uploads\/2023\/11\/DON-MARTIN-1-768x601.jpg 768w, https:\/\/grupotiempodigital.com.ar\/wp-content\/uploads\/2023\/11\/DON-MARTIN-1.jpg 1280w\" sizes=\"auto, (max-width: 1024px) 100vw, 1024px\" \/><\/figure>\n","protected":false},"excerpt":{"rendered":"<p>Este s\u00e1bado 11 de noviembre de 10 a 18 horas en el Museo Marta In\u00e9s Martinez se realizar\u00e1 un homenaje<\/p>\n","protected":false},"author":3,"featured_media":0,"comment_status":"open","ping_status":"open","sticky":false,"template":"","format":"standard","meta":{"colormag_page_container_layout":"default_layout","colormag_page_sidebar_layout":"default_layout","footnotes":""},"categories":[1],"tags":[],"class_list":["post-44349","post","type-post","status-publish","format-standard","hentry","category-actualidad"],"_links":{"self":[{"href":"https:\/\/grupotiempodigital.com.ar\/index.php?rest_route=\/wp\/v2\/posts\/44349","targetHints":{"allow":["GET"]}}],"collection":[{"href":"https:\/\/grupotiempodigital.com.ar\/index.php?rest_route=\/wp\/v2\/posts"}],"about":[{"href":"https:\/\/grupotiempodigital.com.ar\/index.php?rest_route=\/wp\/v2\/types\/post"}],"author":[{"embeddable":true,"href":"https:\/\/grupotiempodigital.com.ar\/index.php?rest_route=\/wp\/v2\/users\/3"}],"replies":[{"embeddable":true,"href":"https:\/\/grupotiempodigital.com.ar\/index.php?rest_route=%2Fwp%2Fv2%2Fcomments&post=44349"}],"version-history":[{"count":1,"href":"https:\/\/grupotiempodigital.com.ar\/index.php?rest_route=\/wp\/v2\/posts\/44349\/revisions"}],"predecessor-version":[{"id":44352,"href":"https:\/\/grupotiempodigital.com.ar\/index.php?rest_route=\/wp\/v2\/posts\/44349\/revisions\/44352"}],"wp:attachment":[{"href":"https:\/\/grupotiempodigital.com.ar\/index.php?rest_route=%2Fwp%2Fv2%2Fmedia&parent=44349"}],"wp:term":[{"taxonomy":"category","embeddable":true,"href":"https:\/\/grupotiempodigital.com.ar\/index.php?rest_route=%2Fwp%2Fv2%2Fcategories&post=44349"},{"taxonomy":"post_tag","embeddable":true,"href":"https:\/\/grupotiempodigital.com.ar\/index.php?rest_route=%2Fwp%2Fv2%2Ftags&post=44349"}],"curies":[{"name":"wp","href":"https:\/\/api.w.org\/{rel}","templated":true}]}}