{"id":44336,"date":"2023-11-07T08:53:47","date_gmt":"2023-11-07T11:53:47","guid":{"rendered":"https:\/\/grupotiempodigital.com.ar\/?p=44336"},"modified":"2023-11-07T08:53:47","modified_gmt":"2023-11-07T11:53:47","slug":"policiales-sujeto-masculino-de-este-medio-con-armas-de-fuego","status":"publish","type":"post","link":"https:\/\/grupotiempodigital.com.ar\/?p=44336","title":{"rendered":"Policiales: Sujeto masculino de este medio con armas de fuego"},"content":{"rendered":"\n<figure class=\"wp-block-image aligncenter size-full is-resized\"><img loading=\"lazy\" decoding=\"async\" src=\"https:\/\/grupotiempodigital.com.ar\/wp-content\/uploads\/2023\/11\/1-1.jpg\" alt=\"\" class=\"wp-image-44337\" width=\"244\" height=\"354\" srcset=\"https:\/\/grupotiempodigital.com.ar\/wp-content\/uploads\/2023\/11\/1-1.jpg 244w, https:\/\/grupotiempodigital.com.ar\/wp-content\/uploads\/2023\/11\/1-1-207x300.jpg 207w\" sizes=\"auto, (max-width: 244px) 100vw, 244px\" \/><\/figure>\n\n\n\n<p><strong><em><u>Comunicado de Prensa;<\/u><\/em><\/strong><\/p>\n\n\n\n<p>&nbsp;&nbsp;&nbsp;&nbsp;&nbsp;&nbsp;&nbsp;&nbsp;&nbsp;&nbsp;&nbsp;&nbsp;&nbsp;&nbsp;&nbsp;&nbsp;&nbsp;&nbsp;&nbsp;&nbsp;&nbsp;&nbsp;&nbsp;&nbsp;&nbsp;&nbsp;&nbsp;&nbsp;&nbsp;&nbsp;&nbsp;&nbsp;&nbsp;&nbsp;&nbsp;&nbsp;&nbsp;&nbsp;&nbsp;&nbsp; Se informa a los Medios de Comunicaci\u00f3n locales, que con fecha 05\/11\/2023 personal policial interviene procedi\u00f3 a la Aprehensi\u00f3n de un sujeto masculino de 28 a\u00f1os de edad, residente en este medio, quien previo a mantener una discusi\u00f3n en el ingreso a un Boliche Bailable de esta ciudad, regresa con dos armas de fuego en su poder del tipo revolver, uno de ellos calibre 32 y el restante calibre 22, por lo que fue r\u00e1pidamente reducido y puesto a disposici\u00f3n de la Justicia. Con fecha 06 del CTE mes y a\u00f1o, dicho Aprehendido fue trasladado a sede judicial donde luego de la declaraci\u00f3n indagatoria, Juzgado de Garant\u00edas de intervenci\u00f3n convalid\u00f3 la Aprehensi\u00f3n y convirti\u00f3 la misma en Detenci\u00f3n, bajo la car\u00e1tula de Coacci\u00f3n \u2013 Portaci\u00f3n Ilegal de Arma de Fuego de Uso Civil Condicional \u2013 Amenazas, quedando alojado en sector de calabozos de esta Dependencia.<\/p>\n\n\n\n<p class=\"has-text-align-right\">Lucas A. Andersen \u2013 Crio Inspector<\/p>\n\n\n\n<p class=\"has-text-align-right\">Jefe Polic\u00eda Seguridad Comunal Gral. Paz<\/p>\n\n\n\n<p class=\"has-text-align-center\">Polic\u00eda de Seguridad comunal Gral. Paz, 6 de octubre de 2023.-<\/p>\n\n\n\n<figure class=\"wp-block-image aligncenter size-full\"><img loading=\"lazy\" decoding=\"async\" width=\"337\" height=\"188\" src=\"https:\/\/grupotiempodigital.com.ar\/wp-content\/uploads\/2023\/11\/2-1.jpg\" alt=\"\" class=\"wp-image-44338\" srcset=\"https:\/\/grupotiempodigital.com.ar\/wp-content\/uploads\/2023\/11\/2-1.jpg 337w, https:\/\/grupotiempodigital.com.ar\/wp-content\/uploads\/2023\/11\/2-1-300x167.jpg 300w\" sizes=\"auto, (max-width: 337px) 100vw, 337px\" \/><\/figure>\n\n\n\n<figure class=\"wp-block-image aligncenter size-full\"><img loading=\"lazy\" decoding=\"async\" width=\"253\" height=\"140\" src=\"https:\/\/grupotiempodigital.com.ar\/wp-content\/uploads\/2023\/11\/3-1.jpg\" alt=\"\" class=\"wp-image-44339\"\/><\/figure>\n","protected":false},"excerpt":{"rendered":"<p>Comunicado de Prensa; &nbsp;&nbsp;&nbsp;&nbsp;&nbsp;&nbsp;&nbsp;&nbsp;&nbsp;&nbsp;&nbsp;&nbsp;&nbsp;&nbsp;&nbsp;&nbsp;&nbsp;&nbsp;&nbsp;&nbsp;&nbsp;&nbsp;&nbsp;&nbsp;&nbsp;&nbsp;&nbsp;&nbsp;&nbsp;&nbsp;&nbsp;&nbsp;&nbsp;&nbsp;&nbsp;&nbsp;&nbsp;&nbsp;&nbsp;&nbsp; Se informa a los Medios de Comunicaci\u00f3n locales, que con fecha 05\/11\/2023 personal policial interviene procedi\u00f3<\/p>\n","protected":false},"author":3,"featured_media":0,"comment_status":"open","ping_status":"open","sticky":false,"template":"","format":"standard","meta":{"colormag_page_container_layout":"default_layout","colormag_page_sidebar_layout":"default_layout","footnotes":""},"categories":[1],"tags":[],"class_list":["post-44336","post","type-post","status-publish","format-standard","hentry","category-actualidad"],"_links":{"self":[{"href":"https:\/\/grupotiempodigital.com.ar\/index.php?rest_route=\/wp\/v2\/posts\/44336","targetHints":{"allow":["GET"]}}],"collection":[{"href":"https:\/\/grupotiempodigital.com.ar\/index.php?rest_route=\/wp\/v2\/posts"}],"about":[{"href":"https:\/\/grupotiempodigital.com.ar\/index.php?rest_route=\/wp\/v2\/types\/post"}],"author":[{"embeddable":true,"href":"https:\/\/grupotiempodigital.com.ar\/index.php?rest_route=\/wp\/v2\/users\/3"}],"replies":[{"embeddable":true,"href":"https:\/\/grupotiempodigital.com.ar\/index.php?rest_route=%2Fwp%2Fv2%2Fcomments&post=44336"}],"version-history":[{"count":1,"href":"https:\/\/grupotiempodigital.com.ar\/index.php?rest_route=\/wp\/v2\/posts\/44336\/revisions"}],"predecessor-version":[{"id":44340,"href":"https:\/\/grupotiempodigital.com.ar\/index.php?rest_route=\/wp\/v2\/posts\/44336\/revisions\/44340"}],"wp:attachment":[{"href":"https:\/\/grupotiempodigital.com.ar\/index.php?rest_route=%2Fwp%2Fv2%2Fmedia&parent=44336"}],"wp:term":[{"taxonomy":"category","embeddable":true,"href":"https:\/\/grupotiempodigital.com.ar\/index.php?rest_route=%2Fwp%2Fv2%2Fcategories&post=44336"},{"taxonomy":"post_tag","embeddable":true,"href":"https:\/\/grupotiempodigital.com.ar\/index.php?rest_route=%2Fwp%2Fv2%2Ftags&post=44336"}],"curies":[{"name":"wp","href":"https:\/\/api.w.org\/{rel}","templated":true}]}}