{"id":44328,"date":"2023-11-06T08:16:01","date_gmt":"2023-11-06T11:16:01","guid":{"rendered":"https:\/\/grupotiempodigital.com.ar\/?p=44328"},"modified":"2023-11-06T08:16:01","modified_gmt":"2023-11-06T11:16:01","slug":"editorial-un-resultado-previsible","status":"publish","type":"post","link":"https:\/\/grupotiempodigital.com.ar\/?p=44328","title":{"rendered":"Editorial: Un resultado previsible"},"content":{"rendered":"\n<figure class=\"wp-block-image size-large is-resized\"><img loading=\"lazy\" decoding=\"async\" src=\"https:\/\/grupotiempodigital.com.ar\/wp-content\/uploads\/2019\/07\/EDITORIAL.png\" alt=\"\" width=\"837\" height=\"483\"\/><\/figure>\n\n\n\n<p><strong>En nuestras vidas cotidianas somos testigos ya casi desatentos de una enorme&nbsp; cantidad de anormalidades que como hemos ido naturalizando asumimos con absoluta habitualidad y sin que nos despierten al menos alguna curiosidad. Mucho menos alguna reacci\u00f3n, reclamo o intento de modificaci\u00f3n.<\/strong><\/p>\n\n\n\n<p><strong>Basta con observar el tr\u00e1nsito en nuestra ciudad convertido en un verdadero caos sin el m\u00e1s m\u00ednimo respeto por las normas, las se\u00f1alizaciones, el sentido de circulaci\u00f3n de las calles y ni siquiera los sem\u00e1foros. Del estacionamiento casi mejor ni mencionarlo, con los motociclistas que posan sus ciclomotores a mitad de cuadra, junto al cord\u00f3n de la vereda de forma paralela al mismo colaborando de esta manera a que cada d\u00eda estacionar en las horas pico en el centro ranchero sea un tanto mas complicado con las consecuentes \u00abparadas en doble fila\u00bb, en el filo de cada esquina y otras infracciones que no son mas que la&nbsp; consecuencia de todo el caos anterior.<\/strong><\/p>\n\n\n\n<p><strong>En este desorden, intenta realizar su trabajo la barredora municipal cuyo caracter\u00edstico sonar de motores y rodillos acompa\u00f1a a los rancheros en la nocturnidad. A nadie debe sorprender que digamos que los lugares que puede barrer este equipo es escaso. Poco. Poquito.<\/strong><\/p>\n\n\n\n<p><strong>Y es que todo el ejido urbano tiene sus cuadras ocupadas por los autos que duermen en la calle en las horas de barrido. Por lo tanto, al menos uno de los laterales de todas las calles, ni se enteran&nbsp; de esos rodillos limpiadores, Y mantienen sus hojas, sus montoncitos de basura de los frentistas, sus deshechos que naturalmente cuando llegan las lluvias (tan escasas por ahora) se encarguen de llevar todo ese sedimento a las bocas de desag\u00fce y a los entubamientos pertinentes.<\/strong><\/p>\n\n\n\n<p><strong>Hace a\u00f1os, cuando en realidad el Concejo Deliberante pon\u00eda bastante mas atenci\u00f3n en estos detalles, aprob\u00f3 una Ordenanza (ya que jam\u00e1s fue derogada la misma est\u00e1 vigente) que establec\u00eda un cronograma de estacionamiento noche por noche en el ejido urbano, rotando de uno a otro lateral noche por medio. Esta medida, tend\u00eda a que la recientemente incorporada m\u00e1quina barriera ambos flancos de cada calle sin contratiempos. No hace falta decir que hace a\u00f1os que esto no se cumple ni tampoco otra alternativa que haga eficiente la misi\u00f3n para la cual se compr\u00f3 el instrumento, se paga al personal que la maneja, se financia su mantenimiento y su funcionamiento.<\/strong><\/p>\n\n\n\n<p><strong>Podr\u00edamos seguir con una larga lista cada d\u00eda m\u00e1s creciente de transgresiones e inobservancia de normas. Del estacionamiento a no menos de 20 cms del cord\u00f3n de la vereda para que puedan utilizarse los cepillos de mano que usa el personal de barrido de mano ni hablar. Del sentido y orden para caminar, circular en bici o en auto en la circunvalaci\u00f3n de la laguna tampoco. Basta que se se\u00f1alice que hay que circular en el sentido de las agujas del reloj para que m\u00e1s de la mitad de los asistentes lo hagan en sentido contrario. Si se les pregunta la raz\u00f3n a lo sumo responden algo as\u00ed como \u00abper jodere\u00bb .<\/strong><\/p>\n\n\n\n<p><strong>Todo lo descripto bien puede sintetizarse e incluirse en un&nbsp; t\u00e9rmino sintetizador: desorden. Y si la real academia, el idioma inclusivo y otras modernidades no nos han dejado muy fuera de foco, el desorden se corrige con orden.<\/strong><\/p>\n\n\n\n<p><strong>El peor t\u00e9rmino al que pueda recurrirse en la argentina. Es tal la degradaci\u00f3n general que ha sufrido el mismo que seguramente &#8211; junto con otros factores que no vienen aqu\u00ed al caso &#8211; en las recientes elecciones una de las candidatas, en lo previo signada como muy posible aspirante al mejor resultado, hizo de su propuesta de ordenar el pa\u00eds su bandera mas flameante. A eso responder\u00eda un tribunero del f\u00fatbol \u00aby no la vot\u00f3 ni el loro\u00bb.<\/strong><\/p>\n\n\n\n<p><strong>\u00bfEn la argentina actual quien quiere y a\u00fan menos procura el orden?. Pocos. Casi nadie.<\/strong><\/p>\n\n\n\n<p><strong>Respetar el orden es cumplir con normas preestablecidas. Reglas que hacen a la conducta de toda la sociedad. Atender a lo escrito y hasta a normas de convivencia que los usos y costumbres han impuesto en una sociedad respetuosa.<\/strong><\/p>\n\n\n\n<p><strong>\u00abLas damas primeros\u00bb; \u00abel asiento para la se\u00f1ora\u00bb; \u00abel transe\u00fante en la l\u00ednea marcada en las esquinas cruza primero\u00bb; y hasta el respetuoso \u00abBuen d\u00eda\u2026\u00bb o \u00abbuenas noches\u00bb. Y hasta el consabido \u00ab a las personas mayores se las respeta\u00bb.<\/strong><\/p>\n\n\n\n<p><strong>El discurso pseudo progresista que baja desde los altos niveles desde hace a\u00f1os ha llevado a la deformaci\u00f3n&nbsp; tal del idioma que han convertido a la disciplina en \u00abcomportamientos esclavizantes\u00bb, al orden en una regla propia de dictaduras y a la democracia en una expresi\u00f3n que \u00abhabilita al cualquier cosa\u00bb.<\/strong><\/p>\n\n\n\n<p><strong>Y as\u00ed nos comportamos. Y as\u00ed nos va.<\/strong><\/p>\n\n\n\n<p><strong>&nbsp;Recuperar estos valores no es responsabilidad de un gobierno y mucho menos en una gesti\u00f3n. Si el cambio cultural que implica esta de-gradaci\u00f3n ha llevado relativamente mucho tiempo, desandar ese camino requerir\u00e1 no menos del doble del mismo. Y eso si se invierte correctamente el tiempo, los recursos y la convicci\u00f3n para lograrlo.<\/strong><\/p>\n\n\n\n<p><strong>Por el momento y por lo que muestran gobernantes y aspirantes a serlo, ninguna de las se\u00f1ales que emiten marchan en esa direcci\u00f3n. Por lo tanto lo que nos espera no debiera sorprender a nadie. Y sus consecuencias tampoco.<\/strong><\/p>\n\n\n\n<p><strong>(Editorial publicada en la edici\u00f3n del viernes 03 de noviembre de 2023 de TIEMPO de Ranchos)<\/strong><\/p>\n","protected":false},"excerpt":{"rendered":"<p>En nuestras vidas cotidianas somos testigos ya casi desatentos de una enorme&nbsp; cantidad de anormalidades que como hemos ido naturalizando<\/p>\n","protected":false},"author":3,"featured_media":0,"comment_status":"open","ping_status":"open","sticky":false,"template":"","format":"standard","meta":{"colormag_page_container_layout":"default_layout","colormag_page_sidebar_layout":"default_layout","footnotes":""},"categories":[1],"tags":[],"class_list":["post-44328","post","type-post","status-publish","format-standard","hentry","category-actualidad"],"_links":{"self":[{"href":"https:\/\/grupotiempodigital.com.ar\/index.php?rest_route=\/wp\/v2\/posts\/44328","targetHints":{"allow":["GET"]}}],"collection":[{"href":"https:\/\/grupotiempodigital.com.ar\/index.php?rest_route=\/wp\/v2\/posts"}],"about":[{"href":"https:\/\/grupotiempodigital.com.ar\/index.php?rest_route=\/wp\/v2\/types\/post"}],"author":[{"embeddable":true,"href":"https:\/\/grupotiempodigital.com.ar\/index.php?rest_route=\/wp\/v2\/users\/3"}],"replies":[{"embeddable":true,"href":"https:\/\/grupotiempodigital.com.ar\/index.php?rest_route=%2Fwp%2Fv2%2Fcomments&post=44328"}],"version-history":[{"count":1,"href":"https:\/\/grupotiempodigital.com.ar\/index.php?rest_route=\/wp\/v2\/posts\/44328\/revisions"}],"predecessor-version":[{"id":44329,"href":"https:\/\/grupotiempodigital.com.ar\/index.php?rest_route=\/wp\/v2\/posts\/44328\/revisions\/44329"}],"wp:attachment":[{"href":"https:\/\/grupotiempodigital.com.ar\/index.php?rest_route=%2Fwp%2Fv2%2Fmedia&parent=44328"}],"wp:term":[{"taxonomy":"category","embeddable":true,"href":"https:\/\/grupotiempodigital.com.ar\/index.php?rest_route=%2Fwp%2Fv2%2Fcategories&post=44328"},{"taxonomy":"post_tag","embeddable":true,"href":"https:\/\/grupotiempodigital.com.ar\/index.php?rest_route=%2Fwp%2Fv2%2Ftags&post=44328"}],"curies":[{"name":"wp","href":"https:\/\/api.w.org\/{rel}","templated":true}]}}