{"id":44323,"date":"2023-11-03T12:43:47","date_gmt":"2023-11-03T15:43:47","guid":{"rendered":"https:\/\/grupotiempodigital.com.ar\/?p=44323"},"modified":"2023-11-03T12:43:47","modified_gmt":"2023-11-03T15:43:47","slug":"se-realiza-este-fin-de-semana-la-2o-fiesta-provincial-del-soguero","status":"publish","type":"post","link":"https:\/\/grupotiempodigital.com.ar\/?p=44323","title":{"rendered":"Se realiza este fin de semana la 2\u00ba Fiesta Provincial del Soguero"},"content":{"rendered":"\n<figure class=\"wp-block-image size-full is-resized\"><img loading=\"lazy\" decoding=\"async\" src=\"https:\/\/grupotiempodigital.com.ar\/wp-content\/uploads\/2023\/11\/SOGUERO-2.jpg\" alt=\"\" class=\"wp-image-44324\" width=\"839\" height=\"1178\" srcset=\"https:\/\/grupotiempodigital.com.ar\/wp-content\/uploads\/2023\/11\/SOGUERO-2.jpg 720w, https:\/\/grupotiempodigital.com.ar\/wp-content\/uploads\/2023\/11\/SOGUERO-2-214x300.jpg 214w\" sizes=\"auto, (max-width: 839px) 100vw, 839px\" \/><\/figure>\n\n\n\n<p>El evento se llevar\u00e1 a cabo en el Campo de Jineteada de la Laguna de Ranchos los d\u00edas s\u00e1bado 4 y domingo 5.<\/p>\n\n\n\n<figure class=\"wp-block-image aligncenter size-full\"><img loading=\"lazy\" decoding=\"async\" width=\"720\" height=\"841\" src=\"https:\/\/grupotiempodigital.com.ar\/wp-content\/uploads\/2023\/11\/SOGUERO.jpg\" alt=\"\" class=\"wp-image-44325\" srcset=\"https:\/\/grupotiempodigital.com.ar\/wp-content\/uploads\/2023\/11\/SOGUERO.jpg 720w, https:\/\/grupotiempodigital.com.ar\/wp-content\/uploads\/2023\/11\/SOGUERO-257x300.jpg 257w\" sizes=\"auto, (max-width: 720px) 100vw, 720px\" \/><\/figure>\n\n\n\n<figure class=\"wp-block-image aligncenter size-full\"><img loading=\"lazy\" decoding=\"async\" width=\"720\" height=\"837\" src=\"https:\/\/grupotiempodigital.com.ar\/wp-content\/uploads\/2023\/11\/SOGUERO-1.jpg\" alt=\"\" class=\"wp-image-44326\" srcset=\"https:\/\/grupotiempodigital.com.ar\/wp-content\/uploads\/2023\/11\/SOGUERO-1.jpg 720w, https:\/\/grupotiempodigital.com.ar\/wp-content\/uploads\/2023\/11\/SOGUERO-1-258x300.jpg 258w\" sizes=\"auto, (max-width: 720px) 100vw, 720px\" \/><\/figure>\n","protected":false},"excerpt":{"rendered":"<p>El evento se llevar\u00e1 a cabo en el Campo de Jineteada de la Laguna de Ranchos los d\u00edas s\u00e1bado 4<\/p>\n","protected":false},"author":3,"featured_media":0,"comment_status":"open","ping_status":"open","sticky":false,"template":"","format":"standard","meta":{"colormag_page_container_layout":"default_layout","colormag_page_sidebar_layout":"default_layout","footnotes":""},"categories":[1],"tags":[],"class_list":["post-44323","post","type-post","status-publish","format-standard","hentry","category-actualidad"],"_links":{"self":[{"href":"https:\/\/grupotiempodigital.com.ar\/index.php?rest_route=\/wp\/v2\/posts\/44323","targetHints":{"allow":["GET"]}}],"collection":[{"href":"https:\/\/grupotiempodigital.com.ar\/index.php?rest_route=\/wp\/v2\/posts"}],"about":[{"href":"https:\/\/grupotiempodigital.com.ar\/index.php?rest_route=\/wp\/v2\/types\/post"}],"author":[{"embeddable":true,"href":"https:\/\/grupotiempodigital.com.ar\/index.php?rest_route=\/wp\/v2\/users\/3"}],"replies":[{"embeddable":true,"href":"https:\/\/grupotiempodigital.com.ar\/index.php?rest_route=%2Fwp%2Fv2%2Fcomments&post=44323"}],"version-history":[{"count":1,"href":"https:\/\/grupotiempodigital.com.ar\/index.php?rest_route=\/wp\/v2\/posts\/44323\/revisions"}],"predecessor-version":[{"id":44327,"href":"https:\/\/grupotiempodigital.com.ar\/index.php?rest_route=\/wp\/v2\/posts\/44323\/revisions\/44327"}],"wp:attachment":[{"href":"https:\/\/grupotiempodigital.com.ar\/index.php?rest_route=%2Fwp%2Fv2%2Fmedia&parent=44323"}],"wp:term":[{"taxonomy":"category","embeddable":true,"href":"https:\/\/grupotiempodigital.com.ar\/index.php?rest_route=%2Fwp%2Fv2%2Fcategories&post=44323"},{"taxonomy":"post_tag","embeddable":true,"href":"https:\/\/grupotiempodigital.com.ar\/index.php?rest_route=%2Fwp%2Fv2%2Ftags&post=44323"}],"curies":[{"name":"wp","href":"https:\/\/api.w.org\/{rel}","templated":true}]}}