{"id":44319,"date":"2023-11-03T12:34:35","date_gmt":"2023-11-03T15:34:35","guid":{"rendered":"https:\/\/grupotiempodigital.com.ar\/?p=44319"},"modified":"2023-11-03T12:34:35","modified_gmt":"2023-11-03T15:34:35","slug":"encuentro-coral-en-general-belgrano-40-anos-de-democracia-siempre","status":"publish","type":"post","link":"https:\/\/grupotiempodigital.com.ar\/?p=44319","title":{"rendered":"Encuentro Coral en General Belgrano \u201c40 a\u00f1os de Democracia siempre\u201d"},"content":{"rendered":"\n<figure class=\"wp-block-image size-full is-resized\"><img loading=\"lazy\" decoding=\"async\" src=\"https:\/\/grupotiempodigital.com.ar\/wp-content\/uploads\/2023\/11\/COROS.jpg\" alt=\"\" class=\"wp-image-44320\" width=\"842\" height=\"842\" srcset=\"https:\/\/grupotiempodigital.com.ar\/wp-content\/uploads\/2023\/11\/COROS.jpg 720w, https:\/\/grupotiempodigital.com.ar\/wp-content\/uploads\/2023\/11\/COROS-300x300.jpg 300w, https:\/\/grupotiempodigital.com.ar\/wp-content\/uploads\/2023\/11\/COROS-150x150.jpg 150w\" sizes=\"auto, (max-width: 842px) 100vw, 842px\" \/><\/figure>\n\n\n\n<p>Con suma alegr\u00eda anunciamos la presencia de nuestros coros representando a la Secretar\u00eda de Cultura de la Municipalidad de General Paz en la vecina ciudad de General Belgrano este s\u00e1bado 4 celebrando los 40 a\u00f1os de la democracia en destacado encuentro coral.<br \/>Un hecho in\u00e9dito para la Cultura del distrito.<\/p>\n","protected":false},"excerpt":{"rendered":"<p>Con suma alegr\u00eda anunciamos la presencia de nuestros coros representando a la Secretar\u00eda de Cultura de la Municipalidad de General<\/p>\n","protected":false},"author":3,"featured_media":0,"comment_status":"open","ping_status":"open","sticky":false,"template":"","format":"standard","meta":{"colormag_page_container_layout":"default_layout","colormag_page_sidebar_layout":"default_layout","footnotes":""},"categories":[1],"tags":[],"class_list":["post-44319","post","type-post","status-publish","format-standard","hentry","category-actualidad"],"_links":{"self":[{"href":"https:\/\/grupotiempodigital.com.ar\/index.php?rest_route=\/wp\/v2\/posts\/44319","targetHints":{"allow":["GET"]}}],"collection":[{"href":"https:\/\/grupotiempodigital.com.ar\/index.php?rest_route=\/wp\/v2\/posts"}],"about":[{"href":"https:\/\/grupotiempodigital.com.ar\/index.php?rest_route=\/wp\/v2\/types\/post"}],"author":[{"embeddable":true,"href":"https:\/\/grupotiempodigital.com.ar\/index.php?rest_route=\/wp\/v2\/users\/3"}],"replies":[{"embeddable":true,"href":"https:\/\/grupotiempodigital.com.ar\/index.php?rest_route=%2Fwp%2Fv2%2Fcomments&post=44319"}],"version-history":[{"count":1,"href":"https:\/\/grupotiempodigital.com.ar\/index.php?rest_route=\/wp\/v2\/posts\/44319\/revisions"}],"predecessor-version":[{"id":44321,"href":"https:\/\/grupotiempodigital.com.ar\/index.php?rest_route=\/wp\/v2\/posts\/44319\/revisions\/44321"}],"wp:attachment":[{"href":"https:\/\/grupotiempodigital.com.ar\/index.php?rest_route=%2Fwp%2Fv2%2Fmedia&parent=44319"}],"wp:term":[{"taxonomy":"category","embeddable":true,"href":"https:\/\/grupotiempodigital.com.ar\/index.php?rest_route=%2Fwp%2Fv2%2Fcategories&post=44319"},{"taxonomy":"post_tag","embeddable":true,"href":"https:\/\/grupotiempodigital.com.ar\/index.php?rest_route=%2Fwp%2Fv2%2Ftags&post=44319"}],"curies":[{"name":"wp","href":"https:\/\/api.w.org\/{rel}","templated":true}]}}