{"id":44308,"date":"2023-11-01T12:20:39","date_gmt":"2023-11-01T15:20:39","guid":{"rendered":"https:\/\/grupotiempodigital.com.ar\/?p=44308"},"modified":"2023-11-01T12:20:39","modified_gmt":"2023-11-01T15:20:39","slug":"ranchos-herencias-taller-de-historia-y-patrimonio-de-nuestro-distrito","status":"publish","type":"post","link":"https:\/\/grupotiempodigital.com.ar\/?p=44308","title":{"rendered":"Ranchos-HERENCIAS: TALLER DE HISTORIA Y PATRIMONIO DE NUESTRO DISTRITO"},"content":{"rendered":"\n<figure class=\"wp-block-image size-full\"><img loading=\"lazy\" decoding=\"async\" width=\"768\" height=\"768\" src=\"https:\/\/grupotiempodigital.com.ar\/wp-content\/uploads\/2023\/11\/4.jpg\" alt=\"\" class=\"wp-image-44309\" srcset=\"https:\/\/grupotiempodigital.com.ar\/wp-content\/uploads\/2023\/11\/4.jpg 768w, https:\/\/grupotiempodigital.com.ar\/wp-content\/uploads\/2023\/11\/4-300x300.jpg 300w, https:\/\/grupotiempodigital.com.ar\/wp-content\/uploads\/2023\/11\/4-150x150.jpg 150w\" sizes=\"auto, (max-width: 768px) 100vw, 768px\" \/><\/figure>\n\n\n\n<p>Ayer martes, en el Centro Universitario, se llev\u00f3 a cabo el Taller de Historia y Patrimonio. Se trata de la primera parte del Proyecto de Extensi\u00f3n Educativa denominado \u201cHerencias: Di\u00e1logos sobre el patrimonio local\u201d, puesto en marcha por el Centro de Estudios de la Argentina Rural de la Universidad de Quilmes conjuntamente con el Museo Hist\u00f3rico \u201cMarta In\u00e9s Mart\u00ednez\u201d, dependiente de la Secretar\u00eda de Cultura de la Municipalidad de General Paz.<\/p>\n\n\n\n<p>Gran cantidad de asistentes, entre los que podemos citar estudiantes de nivel primario, secundario y terciario, docentes, vecinos y vecinas, acompa\u00f1aron esta propuesta que pretende reconocer el Patrimonio local (material e inmaterial) y su vinculaci\u00f3n con el territorio. Se trabaj\u00f3 de manera individual y\/o colectiva en Talleres donde se abordaban diferentes ejes: Acontecimientos hist\u00f3ricos, Ambiente y Naturaleza, Personalidades\/Personajes\/, Lugares Tur\u00edsticos, Edificios y An\u00e9cdotas.<\/p>\n\n\n\n<figure class=\"wp-block-image size-large\"><img loading=\"lazy\" decoding=\"async\" width=\"1024\" height=\"1024\" src=\"https:\/\/grupotiempodigital.com.ar\/wp-content\/uploads\/2023\/11\/1-1024x1024.jpg\" alt=\"\" class=\"wp-image-44310\" srcset=\"https:\/\/grupotiempodigital.com.ar\/wp-content\/uploads\/2023\/11\/1-1024x1024.jpg 1024w, https:\/\/grupotiempodigital.com.ar\/wp-content\/uploads\/2023\/11\/1-300x300.jpg 300w, https:\/\/grupotiempodigital.com.ar\/wp-content\/uploads\/2023\/11\/1-150x150.jpg 150w, https:\/\/grupotiempodigital.com.ar\/wp-content\/uploads\/2023\/11\/1-768x768.jpg 768w, https:\/\/grupotiempodigital.com.ar\/wp-content\/uploads\/2023\/11\/1.jpg 1080w\" sizes=\"auto, (max-width: 1024px) 100vw, 1024px\" \/><\/figure>\n\n\n\n<figure class=\"wp-block-image size-large\"><img loading=\"lazy\" decoding=\"async\" width=\"1024\" height=\"1024\" src=\"https:\/\/grupotiempodigital.com.ar\/wp-content\/uploads\/2023\/11\/2-1024x1024.jpg\" alt=\"\" class=\"wp-image-44311\" srcset=\"https:\/\/grupotiempodigital.com.ar\/wp-content\/uploads\/2023\/11\/2-1024x1024.jpg 1024w, https:\/\/grupotiempodigital.com.ar\/wp-content\/uploads\/2023\/11\/2-300x300.jpg 300w, https:\/\/grupotiempodigital.com.ar\/wp-content\/uploads\/2023\/11\/2-150x150.jpg 150w, https:\/\/grupotiempodigital.com.ar\/wp-content\/uploads\/2023\/11\/2-768x768.jpg 768w, https:\/\/grupotiempodigital.com.ar\/wp-content\/uploads\/2023\/11\/2.jpg 1080w\" sizes=\"auto, (max-width: 1024px) 100vw, 1024px\" \/><\/figure>\n\n\n\n<figure class=\"wp-block-image size-large\"><img loading=\"lazy\" decoding=\"async\" width=\"1024\" height=\"1024\" src=\"https:\/\/grupotiempodigital.com.ar\/wp-content\/uploads\/2023\/11\/3-1024x1024.jpg\" alt=\"\" class=\"wp-image-44312\" srcset=\"https:\/\/grupotiempodigital.com.ar\/wp-content\/uploads\/2023\/11\/3-1024x1024.jpg 1024w, https:\/\/grupotiempodigital.com.ar\/wp-content\/uploads\/2023\/11\/3-300x300.jpg 300w, https:\/\/grupotiempodigital.com.ar\/wp-content\/uploads\/2023\/11\/3-150x150.jpg 150w, https:\/\/grupotiempodigital.com.ar\/wp-content\/uploads\/2023\/11\/3-768x768.jpg 768w, https:\/\/grupotiempodigital.com.ar\/wp-content\/uploads\/2023\/11\/3.jpg 1080w\" sizes=\"auto, (max-width: 1024px) 100vw, 1024px\" \/><\/figure>\n","protected":false},"excerpt":{"rendered":"<p>Ayer martes, en el Centro Universitario, se llev\u00f3 a cabo el Taller de Historia y Patrimonio. Se trata de la<\/p>\n","protected":false},"author":3,"featured_media":0,"comment_status":"open","ping_status":"open","sticky":false,"template":"","format":"standard","meta":{"colormag_page_container_layout":"default_layout","colormag_page_sidebar_layout":"default_layout","footnotes":""},"categories":[1],"tags":[],"class_list":["post-44308","post","type-post","status-publish","format-standard","hentry","category-actualidad"],"_links":{"self":[{"href":"https:\/\/grupotiempodigital.com.ar\/index.php?rest_route=\/wp\/v2\/posts\/44308","targetHints":{"allow":["GET"]}}],"collection":[{"href":"https:\/\/grupotiempodigital.com.ar\/index.php?rest_route=\/wp\/v2\/posts"}],"about":[{"href":"https:\/\/grupotiempodigital.com.ar\/index.php?rest_route=\/wp\/v2\/types\/post"}],"author":[{"embeddable":true,"href":"https:\/\/grupotiempodigital.com.ar\/index.php?rest_route=\/wp\/v2\/users\/3"}],"replies":[{"embeddable":true,"href":"https:\/\/grupotiempodigital.com.ar\/index.php?rest_route=%2Fwp%2Fv2%2Fcomments&post=44308"}],"version-history":[{"count":1,"href":"https:\/\/grupotiempodigital.com.ar\/index.php?rest_route=\/wp\/v2\/posts\/44308\/revisions"}],"predecessor-version":[{"id":44313,"href":"https:\/\/grupotiempodigital.com.ar\/index.php?rest_route=\/wp\/v2\/posts\/44308\/revisions\/44313"}],"wp:attachment":[{"href":"https:\/\/grupotiempodigital.com.ar\/index.php?rest_route=%2Fwp%2Fv2%2Fmedia&parent=44308"}],"wp:term":[{"taxonomy":"category","embeddable":true,"href":"https:\/\/grupotiempodigital.com.ar\/index.php?rest_route=%2Fwp%2Fv2%2Fcategories&post=44308"},{"taxonomy":"post_tag","embeddable":true,"href":"https:\/\/grupotiempodigital.com.ar\/index.php?rest_route=%2Fwp%2Fv2%2Ftags&post=44308"}],"curies":[{"name":"wp","href":"https:\/\/api.w.org\/{rel}","templated":true}]}}