{"id":44306,"date":"2023-10-31T08:58:56","date_gmt":"2023-10-31T11:58:56","guid":{"rendered":"https:\/\/grupotiempodigital.com.ar\/?p=44306"},"modified":"2023-10-31T08:58:56","modified_gmt":"2023-10-31T11:58:56","slug":"editorial-el-juicio-por-urnas-y-un-fallo-que-no-nos-conforma","status":"publish","type":"post","link":"https:\/\/grupotiempodigital.com.ar\/?p=44306","title":{"rendered":"Editorial: El juicio por urnas y un fallo que no nos conforma"},"content":{"rendered":"\n<figure class=\"wp-block-image size-large is-resized\"><img loading=\"lazy\" decoding=\"async\" src=\"https:\/\/grupotiempodigital.com.ar\/wp-content\/uploads\/2019\/07\/EDITORIAL.png\" alt=\"\" width=\"840\" height=\"485\"\/><\/figure>\n\n\n\n<p>Hace dos semanas nada mas en esta misma columna refer\u00edamos que el domingo 22 se llevar\u00eda a cabo en el pa\u00eds un extraordinario juicio con un jurado popular para el que estaban inscriptos casi 35 millones de argentinos. Ellos (en realidad nosotros) deb\u00edan dictar sentencia sobre las gestiones de los gobiernos municipales, varios provinciales y sobre todo el nacional, y adem\u00e1s de ello establecer en la sentencia que lugar le corresponde a cada uno de los involucrados.<\/p>\n\n\n\n<p>Y el juicio ocurri\u00f3 y el veredicto lleg\u00f3. Ciertamente con algunas sorpresas en torno a lo que los \u201cabogados especialistas\u201d, periodistas especializados y entendidos en general preve\u00edan. Suele ocurrir esto tambi\u00e9n en cualquier juicio ordinario y en cualquier materia. O acaso, no es tema permanente en la sociedad argentina opinar intensamente sobre cada sentencia que determina la justicia, ordinaria, civil, penal o de cualquier otro fuero?. Todos nos sentimos en condiciones de afirmar que lo que result\u00f3 \u201cAbsuelto\u201d debi\u00f3 tener grave condena. El que recibi\u00f3 10 a\u00f1os de cumplimiento firme era acreedor de \u201cperpetua\u201d y el que recibi\u00f3 \u201cperpetua\u201d es un \u201cperejil\u201d que no ten\u00eda nada que ver.<\/p>\n\n\n\n<p>As\u00ed somos permanentemente. Y en nuestras posturas casi no aceptamos observaciones siquiera.<\/p>\n\n\n\n<p>El domingo pasado nos toc\u00f3 cumplir con nuestro rol, pero activamente. Mucho m\u00e1s all\u00e1 de someras opiniones para una red social. Fue el momento de fijar nuestra posici\u00f3n, expresarla y ponerle sello y firma.<\/p>\n\n\n\n<p>En primer lugar el veredicto marc\u00f3 claramente que -salvo en algunos niveles como en el municipio local- hay una enorme variedad de criterios y que, a\u00fan los que m\u00e1s suman, apenas si son un tercio de este jurado. Poco, verdad, tanto para condenar como para absolver en una cuesti\u00f3n tan pero tan importante?.<\/p>\n\n\n\n<p>Si fuera en t\u00e9rminos de derecho real, cualquiera de las posturas al ser tan minoritaria casi dar\u00eda lugar al beneficio de la duda del reo y dictar\u00eda algo as\u00ed como la nulidad del proceso o la realizaci\u00f3n de un nuevo debate.<\/p>\n\n\n\n<p>No tiene nada que ver la democracia y sus reglas.<\/p>\n\n\n\n<p>La pregunta pasa por ubicarse en la platea que utilizamos todos los d\u00edas como meros observadores de la vida del pa\u00eds y en ese lugar decirnos: \u00bfEstamos de acuerdo con el fallo de este juicio?. O a\u00fan mas: \u00bf Sin coincidir con el dictamen, aceptamos convencidos que han sido respetadas todas las normas del debido proceso?. \u00bfCu\u00e1ntas cosas ser\u00edamos capaces de opinar del resultado final si lo hubiera resuelto un cuerpo de juristas sin pasar por tantos millones de \u201cmagistrados\u201d?.<\/p>\n\n\n\n<p>\u00bfEstamos seguros, por ejemplo, que la gesti\u00f3n del gobierno nacional a punto de cumplir sus cuatro a\u00f1os, es acreedora del premio de una ratificaci\u00f3n y una renovaci\u00f3n del cr\u00e9dito?. Porque es claro que \u201cha lugar\u201d sin dudar que la fuerza mas votada el domingo es la que gobierna desde el 10 de diciembre de 2019. Cualquier intento de su defensa de negar esta absoluta realidad debiera ser inmediatamente rechazada \u201cin limine\u201d. Un juicio establece el punto al que llegan los hechos. No los oculta y deforma para ajustar el fallo. Simplemente los juzga.<\/p>\n\n\n\n<p>\u00bfEs qu\u00e9 ante la obligatoriedad de premiar a alguien, el resto de los imputados aparec\u00edan como mas \u201cculpables\u201d de los hechos que quienes los decidieron y ejecutaron?. Aqu\u00ed se abre lo que pareciera un terreno f\u00e9rtil para desandar. \u00bfCorresponde que sean pues-tos en un mismo nivel de an\u00e1lisis \u201cel malo conocido\u201d y el \u201cbueno por conocer\u201d?. \u00bfNo debiera ser el primer paso a dar, siguiendo una regla elemental de sentido com\u00fan, analizar a quien ha llevado adelante la cuesti\u00f3n en pugna?.<\/p>\n\n\n\n<p>Lo primero es lo primero, dice una notable sentencia emp\u00edrica. Y esa regla no debiera ignorarse bajo ning\u00fan argumento. Quien gobierna es quien pone en juego su gesti\u00f3n.<\/p>\n\n\n\n<p>Aprueba o desaprueba.<\/p>\n\n\n\n<p>De hecho podemos decir que hay jurisprudencia en la materia. \u00bfC\u00f3mo fall\u00f3 un jurado similar a \u00e9ste en 2015? Antes que nada someti\u00f3 a sentencia al espacio gobernante en ese momento. Y dictamin\u00f3 que no merec\u00eda seguir gobernando.<\/p>\n\n\n\n<p>Y luego decidi\u00f3 a quien pon\u00eda en su reemplazo.<\/p>\n\n\n\n<p>\u00bfC\u00f3mo actu\u00f3 ese jurado en 2019?. De igual modo. Es altamente probable que si entonces hubiera procedido como ahora, el veredicto hubiera sido diametralmente diferente. Nunca hubo razones ni argumentos para condecorar a una presidencia de Alberto Fern\u00e1ndez. No nos hagamos los sorprendidos ahora.<\/p>\n\n\n\n<p>Solo el seguimiento de ese debido proceso hizo que al resolver primero si el gobierno de entonces merec\u00eda continuar, se decidi\u00f3 de pleno el castigo decidido.<\/p>\n\n\n\n<p>Es aqu\u00ed donde salta contundentemente a la vista que en este proceso no se sigui\u00f3 con las formas y reglas al menos de usos y costumbres. Los defensores esgrimieron que los que son no son. Que los que eran no eran. Al celebrarse los 40 a\u00f1os de la recuperada democracia, se lleg\u00f3 al milagro de una elecci\u00f3n donde nadie era oficialismo. Aunque est\u00e1 demasiado claro quienes lo son y quienes lo representan. Y ese y ning\u00fan otro era el primer cap\u00edtulo del entredicho. Y elementos para dudar que ese aspecto no haya sido estrictamente juzgado no parte de ninguna postura personal, ideol\u00f3gica o de cualquier otro car\u00e1cter.<\/p>\n\n\n\n<p>La contundencia de todos los par\u00e1metros que marcan la situaci\u00f3n de la sociedad hablan por si solos. Indigencia, pobreza, inseguridad, narcotr\u00e1fico, atenci\u00f3n de la salud, jubilados, ni\u00f1os y lo que se mire muestra el claro resultado del accionar de los primeros que debieron escuchar el veredicto.<\/p>\n\n\n\n<p>Todo indica que este orden no fue respetado.<\/p>\n\n\n\n<p>Y que los m\u00e1s severamente investigados fueron, antes que nada, los posibles relevos. Los que estaban siendo postulantes al reemplazo. Y que tras ser pasados una y otra vez por la zaranda terminaron siendo condenados a no merecer reemplazar, llegando as\u00ed a la absoluci\u00f3n de responsabilidades de los que \u201cson responsables\u201d por lo que se supuso del otro.<\/p>\n\n\n\n<p>Para poner blanco sobre negro: se conden\u00f3 lo f\u00e1ctico. Lo indemostrable que ocurrir\u00eda (aunque nadie puede desconocer esa posibilidad), pero se absolvi\u00f3 lo tangible. Lo palpable. Lo que estaba ante si como cuerpo del delito.<\/p>\n\n\n\n<p>No es caprichoso, a nuestro entender claro, analizar el camino recorrido para llegar a este fallo popular. No es, oponerse al dictamen arribado, sino al procedimiento que a todas luces imper\u00f3 para llegar al mismo.<\/p>\n\n\n\n<p>As\u00ed como nunca las virtudes o defectos de la v\u00edctima (sino inciden en el hecho enjuiciado) debieran lavar las culpas del culpable, tampoco debieran premiar a quien no lo mereci\u00f3 por ineptitudes propias como aqu\u00ed se verifica.<\/p>\n\n\n\n<p>Traduciendo ahora todo lo expresado, lo sintetizamos en dos preguntas que tienden a aclarar el pensamiento desarrollado: Seg\u00fan el criterio de la inmensa mayor\u00eda del pueblo, \u00bfHa sido este gobierno nacional mejor que el que imper\u00f3 entre 2011 y 2015?. Del mismo modo: \u00bfHa sido mejor que el que gobern\u00f3 entre 2015 y 2019? Para cualquier respuesta vale recordar: aquellos dos fueron condenados a dejar el cargo y dar lugar a otro. Este, hasta ahora, quedando aun \u201cla apelaci\u00f3n\u201d del balotaje est\u00e1 siendo fallado en direcci\u00f3n absolutamente contraria a aquellos dos citados.<\/p>\n\n\n\n<p>Y por cierto, desde esta postura, el presente fallo no nos deja satisfechos.<\/p>\n\n\n\n<p>(Editorial publicada en la edici\u00f3n de TIEMPO de Ranchos del 27-10-2023)<\/p>\n","protected":false},"excerpt":{"rendered":"<p>Hace dos semanas nada mas en esta misma columna refer\u00edamos que el domingo 22 se llevar\u00eda a cabo en el<\/p>\n","protected":false},"author":3,"featured_media":0,"comment_status":"open","ping_status":"open","sticky":false,"template":"","format":"standard","meta":{"colormag_page_container_layout":"default_layout","colormag_page_sidebar_layout":"default_layout","footnotes":""},"categories":[1],"tags":[],"class_list":["post-44306","post","type-post","status-publish","format-standard","hentry","category-actualidad"],"_links":{"self":[{"href":"https:\/\/grupotiempodigital.com.ar\/index.php?rest_route=\/wp\/v2\/posts\/44306","targetHints":{"allow":["GET"]}}],"collection":[{"href":"https:\/\/grupotiempodigital.com.ar\/index.php?rest_route=\/wp\/v2\/posts"}],"about":[{"href":"https:\/\/grupotiempodigital.com.ar\/index.php?rest_route=\/wp\/v2\/types\/post"}],"author":[{"embeddable":true,"href":"https:\/\/grupotiempodigital.com.ar\/index.php?rest_route=\/wp\/v2\/users\/3"}],"replies":[{"embeddable":true,"href":"https:\/\/grupotiempodigital.com.ar\/index.php?rest_route=%2Fwp%2Fv2%2Fcomments&post=44306"}],"version-history":[{"count":1,"href":"https:\/\/grupotiempodigital.com.ar\/index.php?rest_route=\/wp\/v2\/posts\/44306\/revisions"}],"predecessor-version":[{"id":44307,"href":"https:\/\/grupotiempodigital.com.ar\/index.php?rest_route=\/wp\/v2\/posts\/44306\/revisions\/44307"}],"wp:attachment":[{"href":"https:\/\/grupotiempodigital.com.ar\/index.php?rest_route=%2Fwp%2Fv2%2Fmedia&parent=44306"}],"wp:term":[{"taxonomy":"category","embeddable":true,"href":"https:\/\/grupotiempodigital.com.ar\/index.php?rest_route=%2Fwp%2Fv2%2Fcategories&post=44306"},{"taxonomy":"post_tag","embeddable":true,"href":"https:\/\/grupotiempodigital.com.ar\/index.php?rest_route=%2Fwp%2Fv2%2Ftags&post=44306"}],"curies":[{"name":"wp","href":"https:\/\/api.w.org\/{rel}","templated":true}]}}