{"id":44303,"date":"2023-10-30T08:41:41","date_gmt":"2023-10-30T11:41:41","guid":{"rendered":"https:\/\/grupotiempodigital.com.ar\/?p=44303"},"modified":"2023-10-30T08:41:41","modified_gmt":"2023-10-30T11:41:41","slug":"refuerzo-para-trabajadores-informales-manana-vence-el-plazo-de-inscripcion","status":"publish","type":"post","link":"https:\/\/grupotiempodigital.com.ar\/?p=44303","title":{"rendered":"REFUERZO PARA TRABAJADORES INFORMALES: MA\u00d1ANA VENCE EL PLAZO DE INSCRIPCI\u00d3N"},"content":{"rendered":"\n<figure class=\"wp-block-image size-large\"><img loading=\"lazy\" decoding=\"async\" width=\"1024\" height=\"576\" src=\"https:\/\/grupotiempodigital.com.ar\/wp-content\/uploads\/2023\/10\/LOGO-REFUERZO-ANSES-5-1024x576.jpg\" alt=\"\" class=\"wp-image-44304\" srcset=\"https:\/\/grupotiempodigital.com.ar\/wp-content\/uploads\/2023\/10\/LOGO-REFUERZO-ANSES-5-1024x576.jpg 1024w, https:\/\/grupotiempodigital.com.ar\/wp-content\/uploads\/2023\/10\/LOGO-REFUERZO-ANSES-5-300x169.jpg 300w, https:\/\/grupotiempodigital.com.ar\/wp-content\/uploads\/2023\/10\/LOGO-REFUERZO-ANSES-5-768x432.jpg 768w, https:\/\/grupotiempodigital.com.ar\/wp-content\/uploads\/2023\/10\/LOGO-REFUERZO-ANSES-5.jpg 1080w\" sizes=\"auto, (max-width: 1024px) 100vw, 1024px\" \/><\/figure>\n\n\n\n<p>ANSES recuerda que&nbsp;<strong>ma\u00f1ana<\/strong>&nbsp;<strong>es el \u00faltimo d\u00eda de inscripci\u00f3n<\/strong>&nbsp;al Refuerzo para trabajadores informales, de&nbsp;<strong>14 a 24 horas<\/strong>, desde&nbsp;<a href=\"http:\/\/www.anses.gob.ar\/\" target=\"_blank\" rel=\"noreferrer noopener\">www.anses.gob.ar<\/a>&nbsp;o en la aplicaci\u00f3n&nbsp;<em>mi ANSES<\/em>.<\/p>\n\n\n\n<p>La primera cuota de 47 mil pesos ya fue cobrada por&nbsp;<strong>2,5 millones de personas<\/strong>; la segunda se pagar\u00e1 en noviembre. En tanto,&nbsp;<strong>quienes se anotaron a partir del 10 de octubre&nbsp;<\/strong>y su solicitud fue aprobada recibir\u00e1n las dos cuotas juntas en<strong>un pago de 94 mil en el pr\u00f3ximo mes<\/strong>.<\/p>\n\n\n\n<p class=\"has-text-align-right\"><strong>Se agradece difusi\u00f3n<\/strong><\/p>\n\n\n\n<p class=\"has-text-align-right\"><strong>ANSES<\/strong><\/p>\n","protected":false},"excerpt":{"rendered":"<p>ANSES recuerda que&nbsp;ma\u00f1ana&nbsp;es el \u00faltimo d\u00eda de inscripci\u00f3n&nbsp;al Refuerzo para trabajadores informales, de&nbsp;14 a 24 horas, desde&nbsp;www.anses.gob.ar&nbsp;o en la aplicaci\u00f3n&nbsp;mi<\/p>\n","protected":false},"author":3,"featured_media":0,"comment_status":"open","ping_status":"open","sticky":false,"template":"","format":"standard","meta":{"colormag_page_container_layout":"default_layout","colormag_page_sidebar_layout":"default_layout","footnotes":""},"categories":[1],"tags":[],"class_list":["post-44303","post","type-post","status-publish","format-standard","hentry","category-actualidad"],"_links":{"self":[{"href":"https:\/\/grupotiempodigital.com.ar\/index.php?rest_route=\/wp\/v2\/posts\/44303","targetHints":{"allow":["GET"]}}],"collection":[{"href":"https:\/\/grupotiempodigital.com.ar\/index.php?rest_route=\/wp\/v2\/posts"}],"about":[{"href":"https:\/\/grupotiempodigital.com.ar\/index.php?rest_route=\/wp\/v2\/types\/post"}],"author":[{"embeddable":true,"href":"https:\/\/grupotiempodigital.com.ar\/index.php?rest_route=\/wp\/v2\/users\/3"}],"replies":[{"embeddable":true,"href":"https:\/\/grupotiempodigital.com.ar\/index.php?rest_route=%2Fwp%2Fv2%2Fcomments&post=44303"}],"version-history":[{"count":1,"href":"https:\/\/grupotiempodigital.com.ar\/index.php?rest_route=\/wp\/v2\/posts\/44303\/revisions"}],"predecessor-version":[{"id":44305,"href":"https:\/\/grupotiempodigital.com.ar\/index.php?rest_route=\/wp\/v2\/posts\/44303\/revisions\/44305"}],"wp:attachment":[{"href":"https:\/\/grupotiempodigital.com.ar\/index.php?rest_route=%2Fwp%2Fv2%2Fmedia&parent=44303"}],"wp:term":[{"taxonomy":"category","embeddable":true,"href":"https:\/\/grupotiempodigital.com.ar\/index.php?rest_route=%2Fwp%2Fv2%2Fcategories&post=44303"},{"taxonomy":"post_tag","embeddable":true,"href":"https:\/\/grupotiempodigital.com.ar\/index.php?rest_route=%2Fwp%2Fv2%2Ftags&post=44303"}],"curies":[{"name":"wp","href":"https:\/\/api.w.org\/{rel}","templated":true}]}}