{"id":44299,"date":"2023-10-30T08:17:49","date_gmt":"2023-10-30T11:17:49","guid":{"rendered":"https:\/\/grupotiempodigital.com.ar\/?p=44299"},"modified":"2023-10-30T08:17:49","modified_gmt":"2023-10-30T11:17:49","slug":"anses-calendarios-de-pagos-de-noviembre-2","status":"publish","type":"post","link":"https:\/\/grupotiempodigital.com.ar\/?p=44299","title":{"rendered":"ANSES: CALENDARIOS DE PAGOS DE NOVIEMBRE"},"content":{"rendered":"\n<p><strong>Jubilaciones m\u00ednimas: tercera cuota del refuerzo de 37 mil pesos<\/strong><\/p>\n\n\n\n<figure class=\"wp-block-image size-full is-resized\"><img loading=\"lazy\" decoding=\"async\" src=\"https:\/\/grupotiempodigital.com.ar\/wp-content\/uploads\/2023\/10\/LOGO-ANSES-5.jpg\" alt=\"\" class=\"wp-image-44300\" width=\"843\" height=\"407\" srcset=\"https:\/\/grupotiempodigital.com.ar\/wp-content\/uploads\/2023\/10\/LOGO-ANSES-5.jpg 427w, https:\/\/grupotiempodigital.com.ar\/wp-content\/uploads\/2023\/10\/LOGO-ANSES-5-300x145.jpg 300w\" sizes=\"auto, (max-width: 843px) 100vw, 843px\" \/><\/figure>\n\n\n\n<p><strong>ANSES comunica los calendarios de pagos de<\/strong>&nbsp;<strong>noviembre<\/strong>&nbsp;<strong>para jubiladas, jubilados, pensionadas, pensionados, Pensiones No Contributivas y titulares de la Asignaci\u00f3n Universal por Hijo, Asignaci\u00f3n por Embarazo, Asignaciones Familiares, de Pago \u00danico (Matrimonio, Nacimiento y Adopci\u00f3n) y Prestaci\u00f3n por Desempleo.<\/strong><\/p>\n\n\n\n<p><strong>En tanto, todos los jubilados y pensionados que perciben<\/strong>&nbsp;<strong>el haber m\u00ednimo recibir\u00e1n la tercera cuota del refuerzo de 37 mil pesos<\/strong>,&nbsp;por lo que ninguno de ellos cobrar\u00e1 menos de&nbsp;<strong>124.460 pesos<\/strong>.<\/p>\n\n\n\n<p><strong>Jubilaciones y pensiones que no superen un haber m\u00ednimo<\/strong><\/p>\n\n\n\n<p><strong>\u00b7<\/strong><strong>&nbsp;&nbsp;&nbsp;&nbsp;&nbsp;&nbsp;&nbsp;<\/strong>&nbsp;<strong>DNI terminados en 0: 9<\/strong>&nbsp;de noviembre<\/p>\n\n\n\n<p>\u00b7&nbsp;&nbsp;&nbsp;&nbsp;&nbsp;&nbsp;&nbsp;&nbsp;&nbsp;<strong>DNI terminados en 1: 10<\/strong>&nbsp;de noviembre<\/p>\n\n\n\n<p>\u00b7&nbsp;&nbsp;&nbsp;&nbsp;&nbsp;&nbsp;&nbsp;&nbsp;<strong>DNI terminados en 2: 13<\/strong>&nbsp;de noviembre<\/p>\n\n\n\n<p><strong>\u00b7<\/strong><strong>&nbsp;&nbsp;&nbsp;&nbsp;&nbsp;&nbsp;&nbsp;&nbsp;<\/strong>&nbsp;<strong>DNI terminados en 3: 14<\/strong>&nbsp;de noviembre<\/p>\n\n\n\n<p><strong>\u00b7<\/strong><strong>&nbsp;&nbsp;&nbsp;&nbsp;&nbsp;&nbsp;&nbsp;<\/strong>&nbsp;<strong>DNI terminados en 4: 15<\/strong>&nbsp;de noviembre<\/p>\n\n\n\n<p><strong>\u00b7<\/strong><strong>&nbsp;&nbsp;&nbsp;&nbsp;&nbsp;&nbsp;&nbsp;<\/strong>&nbsp;<strong>DNI terminados en 5: 16<\/strong>&nbsp;de noviembre<\/p>\n\n\n\n<p>\u00b7&nbsp;&nbsp;&nbsp;&nbsp;&nbsp;&nbsp;&nbsp;&nbsp;&nbsp;<strong>DNI terminados en 6: 17<\/strong>&nbsp;de noviembre<\/p>\n\n\n\n<p><strong>\u00b7<\/strong><strong>&nbsp;&nbsp;&nbsp;&nbsp;&nbsp;&nbsp;&nbsp;&nbsp;<\/strong>&nbsp;<strong>DNI terminados en 7: 21<\/strong>&nbsp;de noviembre<\/p>\n\n\n\n<p><strong>\u00b7<\/strong><strong>&nbsp;&nbsp;&nbsp;&nbsp;&nbsp;&nbsp;&nbsp;<\/strong>&nbsp;<strong>DNI terminados en 8: 22<\/strong>&nbsp;de noviembre<\/p>\n\n\n\n<p>\u00b7&nbsp;&nbsp;&nbsp;&nbsp;&nbsp;&nbsp;&nbsp;&nbsp;&nbsp;<strong>DNI terminados en 9: 23<\/strong>&nbsp;de noviembre<\/p>\n\n\n\n<p><strong>Jubilaciones y pensiones que superen un haber m\u00ednimo<\/strong><\/p>\n\n\n\n<p>\u00b7&nbsp;&nbsp;&nbsp;&nbsp;&nbsp;&nbsp;&nbsp;&nbsp;&nbsp;<strong>DNI terminados en 0 y 1: 24<\/strong>&nbsp;de noviembre<\/p>\n\n\n\n<p>\u00b7&nbsp;&nbsp;&nbsp;&nbsp;&nbsp;&nbsp;&nbsp;&nbsp;<strong>DNI terminados en 2 y 3: 27<\/strong>&nbsp;de noviembre<\/p>\n\n\n\n<p><strong>\u00b7<\/strong><strong>&nbsp;&nbsp;&nbsp;&nbsp;&nbsp;&nbsp;&nbsp;&nbsp;<\/strong>&nbsp;<strong>DNI terminados en 4 y 5: 28<\/strong>&nbsp;de noviembre<\/p>\n\n\n\n<p><strong>\u00b7<\/strong><strong>&nbsp;&nbsp;&nbsp;&nbsp;&nbsp;&nbsp;&nbsp;<\/strong>&nbsp;<strong>DNI terminados en 6 y 7: 29<\/strong>&nbsp;de noviembre<\/p>\n\n\n\n<p>\u00b7&nbsp;&nbsp;&nbsp;&nbsp;&nbsp;&nbsp;&nbsp;&nbsp;&nbsp;<strong>DNI terminados en 8 y 9: 30<\/strong>&nbsp;de noviembre<\/p>\n\n\n\n<p><strong>Asignaci\u00f3n Universal por Hijo y Asignaci\u00f3n Familiar por Hijo<\/strong><\/p>\n\n\n\n<p><strong>\u00b7<\/strong><strong>&nbsp;&nbsp;&nbsp;&nbsp;&nbsp;&nbsp;&nbsp;<\/strong>&nbsp;<strong>DNI terminados en 0: 9<\/strong>&nbsp;de noviembre<\/p>\n\n\n\n<p>\u00b7&nbsp;&nbsp;&nbsp;&nbsp;&nbsp;&nbsp;&nbsp;&nbsp;&nbsp;<strong>DNI terminados en 1: 10<\/strong>&nbsp;de noviembre<\/p>\n\n\n\n<p>\u00b7&nbsp;&nbsp;&nbsp;&nbsp;&nbsp;&nbsp;&nbsp;&nbsp;<strong>DNI terminados en 2: 13<\/strong>&nbsp;de noviembre<\/p>\n\n\n\n<p><strong>\u00b7<\/strong><strong>&nbsp;&nbsp;&nbsp;&nbsp;&nbsp;&nbsp;&nbsp;&nbsp;<\/strong>&nbsp;<strong>DNI terminados en 3: 14<\/strong>&nbsp;de noviembre<\/p>\n\n\n\n<p><strong>\u00b7<\/strong><strong>&nbsp;&nbsp;&nbsp;&nbsp;&nbsp;&nbsp;&nbsp;<\/strong>&nbsp;<strong>DNI terminados en 4: 15<\/strong>&nbsp;de noviembre<\/p>\n\n\n\n<p><strong>\u00b7<\/strong><strong>&nbsp;&nbsp;&nbsp;&nbsp;&nbsp;&nbsp;&nbsp;<\/strong>&nbsp;<strong>DNI terminados en 5: 16<\/strong>&nbsp;de noviembre<\/p>\n\n\n\n<p>\u00b7&nbsp;&nbsp;&nbsp;&nbsp;&nbsp;&nbsp;&nbsp;&nbsp;&nbsp;<strong>DNI terminados en 6: 17<\/strong>&nbsp;de noviembre<\/p>\n\n\n\n<p><strong>\u00b7<\/strong><strong>&nbsp;&nbsp;&nbsp;&nbsp;&nbsp;&nbsp;&nbsp;&nbsp;<\/strong>&nbsp;<strong>DNI terminados en 7: 21<\/strong>&nbsp;de noviembre<\/p>\n\n\n\n<p><strong>\u00b7<\/strong><strong>&nbsp;&nbsp;&nbsp;&nbsp;&nbsp;&nbsp;&nbsp;<\/strong>&nbsp;<strong>DNI terminados en 8: 22<\/strong>&nbsp;de noviembre<\/p>\n\n\n\n<p>\u00b7&nbsp;&nbsp;&nbsp;&nbsp;&nbsp;&nbsp;&nbsp;&nbsp;&nbsp;<strong>DNI terminados en 9: 23<\/strong>&nbsp;de noviembre<\/p>\n\n\n\n<p><strong>Asignaci\u00f3n por Embarazo<\/strong><\/p>\n\n\n\n<p><strong>\u00b7<\/strong><strong>&nbsp;&nbsp;&nbsp;&nbsp;&nbsp;&nbsp;&nbsp;<\/strong>&nbsp;<strong>DNI terminados en 0: 10<\/strong>&nbsp;de noviembre<\/p>\n\n\n\n<p>\u00b7&nbsp;&nbsp;&nbsp;&nbsp;&nbsp;&nbsp;&nbsp;&nbsp;&nbsp;<strong>DNI terminados en 1: 13<\/strong>&nbsp;de noviembre<\/p>\n\n\n\n<p>\u00b7&nbsp;&nbsp;&nbsp;&nbsp;&nbsp;&nbsp;&nbsp;&nbsp;<strong>DNI terminados en 2: 14<\/strong>&nbsp;de noviembre<\/p>\n\n\n\n<p><strong>\u00b7<\/strong><strong>&nbsp;&nbsp;&nbsp;&nbsp;&nbsp;&nbsp;&nbsp;&nbsp;<\/strong>&nbsp;<strong>DNI terminados en 3: 15<\/strong>&nbsp;de noviembre<\/p>\n\n\n\n<p><strong>\u00b7<\/strong><strong>&nbsp;&nbsp;&nbsp;&nbsp;&nbsp;&nbsp;&nbsp;<\/strong>&nbsp;<strong>DNI terminados en 4: 16<\/strong>&nbsp;de noviembre<\/p>\n\n\n\n<p><strong>\u00b7<\/strong><strong>&nbsp;&nbsp;&nbsp;&nbsp;&nbsp;&nbsp;&nbsp;<\/strong>&nbsp;<strong>DNI terminados en 5: 17<\/strong>&nbsp;de noviembre<\/p>\n\n\n\n<p>\u00b7&nbsp;&nbsp;&nbsp;&nbsp;&nbsp;&nbsp;&nbsp;&nbsp;&nbsp;<strong>DNI terminados en 6: 21<\/strong>&nbsp;de noviembre<\/p>\n\n\n\n<p><strong>\u00b7<\/strong><strong>&nbsp;&nbsp;&nbsp;&nbsp;&nbsp;&nbsp;&nbsp;&nbsp;<\/strong>&nbsp;<strong>DNI terminados en 7: 22<\/strong>&nbsp;de noviembre<\/p>\n\n\n\n<p><strong>\u00b7<\/strong><strong>&nbsp;&nbsp;&nbsp;&nbsp;&nbsp;&nbsp;&nbsp;<\/strong>&nbsp;<strong>DNI terminados en 8: 23<\/strong>&nbsp;de noviembre<\/p>\n\n\n\n<p>\u00b7&nbsp;&nbsp;&nbsp;&nbsp;&nbsp;&nbsp;&nbsp;&nbsp;&nbsp;<strong>DNI terminados en 9: 24<\/strong>&nbsp;de noviembre<\/p>\n\n\n\n<p><strong>Asignaci\u00f3n por Prenatal y Maternidad<\/strong><\/p>\n\n\n\n<p>\u00b7&nbsp;&nbsp;&nbsp;&nbsp;&nbsp;&nbsp;&nbsp;&nbsp;&nbsp;<strong>DNI terminados en 0 y 1: 9<\/strong>&nbsp;de noviembre<\/p>\n\n\n\n<p>\u00b7&nbsp;&nbsp;&nbsp;&nbsp;&nbsp;&nbsp;&nbsp;&nbsp;<strong>DNI terminados en 2 y 3: 10<\/strong>&nbsp;de noviembre<\/p>\n\n\n\n<p><strong>\u00b7<\/strong><strong>&nbsp;&nbsp;&nbsp;&nbsp;&nbsp;&nbsp;&nbsp;&nbsp;<\/strong>&nbsp;<strong>DNI terminados en 4 y 5: 13<\/strong>&nbsp;de noviembre<\/p>\n\n\n\n<p><strong>\u00b7<\/strong><strong>&nbsp;&nbsp;&nbsp;&nbsp;&nbsp;&nbsp;&nbsp;<\/strong>&nbsp;<strong>DNI terminados en 6 y 7: 14<\/strong>&nbsp;de noviembre<\/p>\n\n\n\n<p>\u00b7&nbsp;&nbsp;&nbsp;&nbsp;&nbsp;&nbsp;&nbsp;&nbsp;&nbsp;<strong>DNI terminados en 8 y 9: 15<\/strong>&nbsp;de noviembre<\/p>\n\n\n\n<p><strong>Asignaciones Pago \u00danico<\/strong><\/p>\n\n\n\n<p><strong>\u00b7<\/strong><strong>&nbsp;&nbsp;&nbsp;&nbsp;&nbsp;&nbsp;&nbsp;<\/strong>&nbsp;<strong>Todas las terminaciones de documentos: 6<\/strong>&nbsp;de noviembre&nbsp;<strong>al 12 de diciembre<\/strong><\/p>\n\n\n\n<p><strong>Pensiones No Contributivas<\/strong><\/p>\n\n\n\n<p>\u00b7&nbsp;&nbsp;&nbsp;&nbsp;&nbsp;&nbsp;&nbsp;&nbsp;&nbsp;<strong>DNI terminados en 0 y 1: 1<\/strong>&nbsp;de noviembre<\/p>\n\n\n\n<p>\u00b7&nbsp;&nbsp;&nbsp;&nbsp;&nbsp;&nbsp;&nbsp;&nbsp;<strong>DNI terminados en 2 y 3: 2<\/strong>&nbsp;de noviembre<\/p>\n\n\n\n<p><strong>\u00b7<\/strong><strong>&nbsp;&nbsp;&nbsp;&nbsp;&nbsp;&nbsp;&nbsp;&nbsp;<\/strong>&nbsp;<strong>DNI terminados en 4 y 5: 3<\/strong>&nbsp;de noviembre<\/p>\n\n\n\n<p><strong>\u00b7<\/strong><strong>&nbsp;&nbsp;&nbsp;&nbsp;&nbsp;&nbsp;&nbsp;<\/strong>&nbsp;<strong>DNI terminados en 6 y 7: 7<\/strong>&nbsp;de noviembre<\/p>\n\n\n\n<p>\u00b7&nbsp;&nbsp;&nbsp;&nbsp;&nbsp;&nbsp;&nbsp;&nbsp;&nbsp;<strong>DNI terminados en 8 y 9: 8<\/strong>&nbsp;de noviembre<\/p>\n\n\n\n<p><strong>Asignaciones Familiares de Pensiones No Contributivas<\/strong><\/p>\n\n\n\n<p><strong>\u00b7<\/strong><strong>&nbsp;&nbsp;&nbsp;&nbsp;&nbsp;&nbsp;&nbsp;<\/strong>&nbsp;<strong>Todas las terminaciones de documentos: 9<\/strong>&nbsp;de noviembre&nbsp;<strong>al 12 de diciembre<\/strong><\/p>\n\n\n\n<p><strong>Desempleo<\/strong><\/p>\n\n\n\n<p>\u00b7&nbsp;&nbsp;&nbsp;&nbsp;&nbsp;&nbsp;&nbsp;&nbsp;&nbsp;<strong>DNI terminados en 0 y 1: 23<\/strong>&nbsp;de noviembre<\/p>\n\n\n\n<p>\u00b7&nbsp;&nbsp;&nbsp;&nbsp;&nbsp;&nbsp;&nbsp;&nbsp;<strong>DNI terminados en 2 y 3: 24<\/strong>&nbsp;de noviembre<\/p>\n\n\n\n<p><strong>\u00b7<\/strong><strong>&nbsp;&nbsp;&nbsp;&nbsp;&nbsp;&nbsp;&nbsp;&nbsp;<\/strong>&nbsp;<strong>DNI terminados en 4 y 5: 28<\/strong>&nbsp;de noviembre<\/p>\n\n\n\n<p><strong>\u00b7<\/strong><strong>&nbsp;&nbsp;&nbsp;&nbsp;&nbsp;&nbsp;&nbsp;<\/strong>&nbsp;<strong>DNI terminados en 6 y 7: 29<\/strong>&nbsp;de noviembre<\/p>\n\n\n\n<p>\u00b7&nbsp;&nbsp;&nbsp;&nbsp;&nbsp;&nbsp;&nbsp;&nbsp;&nbsp;<strong>DNI terminados en 8 y 9: 30<\/strong>&nbsp;de noviembre<\/p>\n","protected":false},"excerpt":{"rendered":"<p>Jubilaciones m\u00ednimas: tercera cuota del refuerzo de 37 mil pesos ANSES comunica los calendarios de pagos de&nbsp;noviembre&nbsp;para jubiladas, jubilados, pensionadas,<\/p>\n","protected":false},"author":3,"featured_media":0,"comment_status":"open","ping_status":"open","sticky":false,"template":"","format":"standard","meta":{"colormag_page_container_layout":"default_layout","colormag_page_sidebar_layout":"default_layout","footnotes":""},"categories":[1],"tags":[],"class_list":["post-44299","post","type-post","status-publish","format-standard","hentry","category-actualidad"],"_links":{"self":[{"href":"https:\/\/grupotiempodigital.com.ar\/index.php?rest_route=\/wp\/v2\/posts\/44299","targetHints":{"allow":["GET"]}}],"collection":[{"href":"https:\/\/grupotiempodigital.com.ar\/index.php?rest_route=\/wp\/v2\/posts"}],"about":[{"href":"https:\/\/grupotiempodigital.com.ar\/index.php?rest_route=\/wp\/v2\/types\/post"}],"author":[{"embeddable":true,"href":"https:\/\/grupotiempodigital.com.ar\/index.php?rest_route=\/wp\/v2\/users\/3"}],"replies":[{"embeddable":true,"href":"https:\/\/grupotiempodigital.com.ar\/index.php?rest_route=%2Fwp%2Fv2%2Fcomments&post=44299"}],"version-history":[{"count":1,"href":"https:\/\/grupotiempodigital.com.ar\/index.php?rest_route=\/wp\/v2\/posts\/44299\/revisions"}],"predecessor-version":[{"id":44301,"href":"https:\/\/grupotiempodigital.com.ar\/index.php?rest_route=\/wp\/v2\/posts\/44299\/revisions\/44301"}],"wp:attachment":[{"href":"https:\/\/grupotiempodigital.com.ar\/index.php?rest_route=%2Fwp%2Fv2%2Fmedia&parent=44299"}],"wp:term":[{"taxonomy":"category","embeddable":true,"href":"https:\/\/grupotiempodigital.com.ar\/index.php?rest_route=%2Fwp%2Fv2%2Fcategories&post=44299"},{"taxonomy":"post_tag","embeddable":true,"href":"https:\/\/grupotiempodigital.com.ar\/index.php?rest_route=%2Fwp%2Fv2%2Ftags&post=44299"}],"curies":[{"name":"wp","href":"https:\/\/api.w.org\/{rel}","templated":true}]}}