{"id":44291,"date":"2023-10-27T11:07:36","date_gmt":"2023-10-27T14:07:36","guid":{"rendered":"https:\/\/grupotiempodigital.com.ar\/?p=44291"},"modified":"2023-10-27T11:08:48","modified_gmt":"2023-10-27T14:08:48","slug":"ranchos-alta-costura","status":"publish","type":"post","link":"https:\/\/grupotiempodigital.com.ar\/?p=44291","title":{"rendered":"Ranchos: ALTA COSTURA"},"content":{"rendered":"\n<p><strong>Domingo 3 de diciembre 19 Hs.<\/strong><\/p>\n\n\n\n<p><strong>And\u00e9n de la Estaci\u00f3n &#8211; Entrada libre y gratuita<\/strong><\/p>\n\n\n\n<figure class=\"wp-block-image size-full\"><img loading=\"lazy\" decoding=\"async\" width=\"992\" height=\"634\" src=\"https:\/\/grupotiempodigital.com.ar\/wp-content\/uploads\/2023\/10\/ALTA-COSTURA.jpg\" alt=\"\" class=\"wp-image-44292\" srcset=\"https:\/\/grupotiempodigital.com.ar\/wp-content\/uploads\/2023\/10\/ALTA-COSTURA.jpg 992w, https:\/\/grupotiempodigital.com.ar\/wp-content\/uploads\/2023\/10\/ALTA-COSTURA-300x192.jpg 300w, https:\/\/grupotiempodigital.com.ar\/wp-content\/uploads\/2023\/10\/ALTA-COSTURA-768x491.jpg 768w\" sizes=\"auto, (max-width: 992px) 100vw, 992px\" \/><\/figure>\n\n\n\n<p>La Secretar\u00edas de Cultura y Turismo de la Municipalidad de Gral. Paz convocan a dise\u00f1adores, modistas, costureras y artesanos para se parte del mega evento.<\/p>\n\n\n\n<p><strong>Plazo de inscripci\u00f3n 17 de noviembre.<\/strong><\/p>\n\n\n\n<p>Los interesados deber\u00e1n dirigirse a las \u00e1reas organizadoras <strong>2241-475728 (Turismo)<\/strong> o en la Estaci\u00f3n de 08 a 15 horas\/ <strong>2241-475411 int. 137 (Cultura).<\/strong><\/p>\n","protected":false},"excerpt":{"rendered":"<p>Domingo 3 de diciembre 19 Hs. And\u00e9n de la Estaci\u00f3n &#8211; Entrada libre y gratuita La Secretar\u00edas de Cultura y<\/p>\n","protected":false},"author":3,"featured_media":0,"comment_status":"open","ping_status":"open","sticky":false,"template":"","format":"standard","meta":{"colormag_page_container_layout":"default_layout","colormag_page_sidebar_layout":"default_layout","footnotes":""},"categories":[1],"tags":[],"class_list":["post-44291","post","type-post","status-publish","format-standard","hentry","category-actualidad"],"_links":{"self":[{"href":"https:\/\/grupotiempodigital.com.ar\/index.php?rest_route=\/wp\/v2\/posts\/44291","targetHints":{"allow":["GET"]}}],"collection":[{"href":"https:\/\/grupotiempodigital.com.ar\/index.php?rest_route=\/wp\/v2\/posts"}],"about":[{"href":"https:\/\/grupotiempodigital.com.ar\/index.php?rest_route=\/wp\/v2\/types\/post"}],"author":[{"embeddable":true,"href":"https:\/\/grupotiempodigital.com.ar\/index.php?rest_route=\/wp\/v2\/users\/3"}],"replies":[{"embeddable":true,"href":"https:\/\/grupotiempodigital.com.ar\/index.php?rest_route=%2Fwp%2Fv2%2Fcomments&post=44291"}],"version-history":[{"count":2,"href":"https:\/\/grupotiempodigital.com.ar\/index.php?rest_route=\/wp\/v2\/posts\/44291\/revisions"}],"predecessor-version":[{"id":44294,"href":"https:\/\/grupotiempodigital.com.ar\/index.php?rest_route=\/wp\/v2\/posts\/44291\/revisions\/44294"}],"wp:attachment":[{"href":"https:\/\/grupotiempodigital.com.ar\/index.php?rest_route=%2Fwp%2Fv2%2Fmedia&parent=44291"}],"wp:term":[{"taxonomy":"category","embeddable":true,"href":"https:\/\/grupotiempodigital.com.ar\/index.php?rest_route=%2Fwp%2Fv2%2Fcategories&post=44291"},{"taxonomy":"post_tag","embeddable":true,"href":"https:\/\/grupotiempodigital.com.ar\/index.php?rest_route=%2Fwp%2Fv2%2Ftags&post=44291"}],"curies":[{"name":"wp","href":"https:\/\/api.w.org\/{rel}","templated":true}]}}