{"id":44281,"date":"2023-10-25T09:24:04","date_gmt":"2023-10-25T12:24:04","guid":{"rendered":"https:\/\/grupotiempodigital.com.ar\/?p=44281"},"modified":"2023-10-25T09:24:04","modified_gmt":"2023-10-25T12:24:04","slug":"25-millones-de-personas-ya-cobraron-la-primera-cuota-del-refuerzo-de-ingresos","status":"publish","type":"post","link":"https:\/\/grupotiempodigital.com.ar\/?p=44281","title":{"rendered":"2,5 MILLONES DE PERSONAS YA COBRARON LA PRIMERA CUOTA DEL REFUERZO DE INGRESOS"},"content":{"rendered":"\n<p><strong>Inscripci\u00f3n hasta el 31 de octubre<\/strong><\/p>\n\n\n\n<figure class=\"wp-block-image size-large\"><img loading=\"lazy\" decoding=\"async\" width=\"1024\" height=\"576\" src=\"https:\/\/grupotiempodigital.com.ar\/wp-content\/uploads\/2023\/10\/LOGO-REFUERZO-ANSES-4-1024x576.jpg\" alt=\"\" class=\"wp-image-44282\" srcset=\"https:\/\/grupotiempodigital.com.ar\/wp-content\/uploads\/2023\/10\/LOGO-REFUERZO-ANSES-4-1024x576.jpg 1024w, https:\/\/grupotiempodigital.com.ar\/wp-content\/uploads\/2023\/10\/LOGO-REFUERZO-ANSES-4-300x169.jpg 300w, https:\/\/grupotiempodigital.com.ar\/wp-content\/uploads\/2023\/10\/LOGO-REFUERZO-ANSES-4-768x432.jpg 768w, https:\/\/grupotiempodigital.com.ar\/wp-content\/uploads\/2023\/10\/LOGO-REFUERZO-ANSES-4.jpg 1080w\" sizes=\"auto, (max-width: 1024px) 100vw, 1024px\" \/><\/figure>\n\n\n\n<p>En ese sentido, la directora ejecutiva de ANSES,&nbsp;<strong>Fernanda Raverta<\/strong>, expres\u00f3:&nbsp;<em>\u201cCreemos en el rol del Estado para construir un futuro mejor, pero tambi\u00e9n para acompa\u00f1ar con medidas concretas que alivien y acompa\u00f1en el esfuerzo que realizan todos los d\u00edas las argentinas y los argentinos. Con este refuerzo el Estado alcanza a los sectores que m\u00e1s necesitan de su apoyo, manteniendo el equilibrio de las cuentas p\u00fablicas\u201d.<\/em><\/p>\n\n\n\n<p>Cabe recordar que la segunda cuota de 47 mil pesos del refuerzo se pagar\u00e1 durante noviembre; en tanto,&nbsp;<strong>quienes se anotaron a partir del 10 de octubre&nbsp;<\/strong>y su solicitud fue aprobada recibir\u00e1n las dos cuotas juntas&nbsp;<strong>en un pago de 94 mil en el pr\u00f3ximo mes.<\/strong><\/p>\n\n\n\n<p>La inscripci\u00f3n contin\u00faa abierta&nbsp;<strong>hasta el pr\u00f3ximo martes 31 de octubre&nbsp;<\/strong>y puede realizarse&nbsp;<strong>todos los d\u00edas de 14 a 24 horas<\/strong>, en&nbsp;<a href=\"http:\/\/www.anses.gob.ar\/\" target=\"_blank\" rel=\"noreferrer noopener\">www.anses.gob.ar<\/a>&nbsp;o en la aplicaci\u00f3n&nbsp;<em>mi ANSES<\/em>.<\/p>\n\n\n\n<p class=\"has-text-align-right\"><strong>Se agradece difusi\u00f3n<\/strong><\/p>\n\n\n\n<p class=\"has-text-align-right\"><strong>ANSES<\/strong><\/p>\n","protected":false},"excerpt":{"rendered":"<p>Inscripci\u00f3n hasta el 31 de octubre En ese sentido, la directora ejecutiva de ANSES,&nbsp;Fernanda Raverta, expres\u00f3:&nbsp;\u201cCreemos en el rol del<\/p>\n","protected":false},"author":3,"featured_media":0,"comment_status":"open","ping_status":"open","sticky":false,"template":"","format":"standard","meta":{"colormag_page_container_layout":"default_layout","colormag_page_sidebar_layout":"default_layout","footnotes":""},"categories":[1],"tags":[],"class_list":["post-44281","post","type-post","status-publish","format-standard","hentry","category-actualidad"],"_links":{"self":[{"href":"https:\/\/grupotiempodigital.com.ar\/index.php?rest_route=\/wp\/v2\/posts\/44281","targetHints":{"allow":["GET"]}}],"collection":[{"href":"https:\/\/grupotiempodigital.com.ar\/index.php?rest_route=\/wp\/v2\/posts"}],"about":[{"href":"https:\/\/grupotiempodigital.com.ar\/index.php?rest_route=\/wp\/v2\/types\/post"}],"author":[{"embeddable":true,"href":"https:\/\/grupotiempodigital.com.ar\/index.php?rest_route=\/wp\/v2\/users\/3"}],"replies":[{"embeddable":true,"href":"https:\/\/grupotiempodigital.com.ar\/index.php?rest_route=%2Fwp%2Fv2%2Fcomments&post=44281"}],"version-history":[{"count":1,"href":"https:\/\/grupotiempodigital.com.ar\/index.php?rest_route=\/wp\/v2\/posts\/44281\/revisions"}],"predecessor-version":[{"id":44283,"href":"https:\/\/grupotiempodigital.com.ar\/index.php?rest_route=\/wp\/v2\/posts\/44281\/revisions\/44283"}],"wp:attachment":[{"href":"https:\/\/grupotiempodigital.com.ar\/index.php?rest_route=%2Fwp%2Fv2%2Fmedia&parent=44281"}],"wp:term":[{"taxonomy":"category","embeddable":true,"href":"https:\/\/grupotiempodigital.com.ar\/index.php?rest_route=%2Fwp%2Fv2%2Fcategories&post=44281"},{"taxonomy":"post_tag","embeddable":true,"href":"https:\/\/grupotiempodigital.com.ar\/index.php?rest_route=%2Fwp%2Fv2%2Ftags&post=44281"}],"curies":[{"name":"wp","href":"https:\/\/api.w.org\/{rel}","templated":true}]}}