{"id":44276,"date":"2023-10-25T09:20:57","date_gmt":"2023-10-25T12:20:57","guid":{"rendered":"https:\/\/grupotiempodigital.com.ar\/?p=44276"},"modified":"2023-10-25T09:20:57","modified_gmt":"2023-10-25T12:20:57","slug":"plan-estrategico-de-caminos-rurales-avanzan-los-trabajos-en-general-paz","status":"publish","type":"post","link":"https:\/\/grupotiempodigital.com.ar\/?p=44276","title":{"rendered":"Plan Estrat\u00e9gico de Caminos Rurales: avanzan los trabajos en General Paz"},"content":{"rendered":"\n<figure class=\"wp-block-image size-full is-resized\"><img loading=\"lazy\" decoding=\"async\" src=\"https:\/\/grupotiempodigital.com.ar\/wp-content\/uploads\/2023\/10\/CAMINO.jpg\" alt=\"\" class=\"wp-image-44277\" width=\"840\" height=\"560\" srcset=\"https:\/\/grupotiempodigital.com.ar\/wp-content\/uploads\/2023\/10\/CAMINO.jpg 576w, https:\/\/grupotiempodigital.com.ar\/wp-content\/uploads\/2023\/10\/CAMINO-300x200.jpg 300w\" sizes=\"auto, (max-width: 840px) 100vw, 840px\" \/><\/figure>\n\n\n\n<p><strong><em>La obra mejorar\u00e1 la circulaci\u00f3n y la conectividad desde la Ruta N\u00ba29 hasta la N\u00ba20.<\/em><\/strong><\/p>\n\n\n\n<p><strong><br \/><\/strong>La Direcci\u00f3n de Vialidad de la Provincia de Buenos Aires contin\u00faa con el estabilizado del Camino de Vinculaci\u00f3n Villanueva \u2013 Ranchos, entre el R\u00edo Salado y calle Garay, en el partido de General Paz, que ya alcanza un avance del 60%.<br \/><br \/>Vale recordar que, en el marco del Plan Estrat\u00e9gico de Caminos Rurales, en General Paz se est\u00e1n mejorando tambi\u00e9n la Ruta Provincial N\u00b0 20, entre el acceso al cementerio local y la Ruta Provincial N\u00b0 29; el Camino N\u00b0 043-02, entre Calle Garay y la Ruta Provincial N\u00b029; y un Camino Vecinal comprendido entre la calle Garay y la circunvalaci\u00f3n de la laguna con el Acceso a la Escuela N\u00b0 17. En total, se trata de una intervenci\u00f3n sobre 28,3 kil\u00f3metros de longitud.<br \/><br \/>Esta obra no s\u00f3lo mejorar\u00e1 la circulaci\u00f3n de veh\u00edculos pesados, livianos y agr\u00edcolas, sino que favorecer\u00e1 la conectividad desde la Ruta Provincial N\u00ba29 con la Ruta Provincial N\u00ba20.<br \/><br \/>\u201cEsta es una intervenci\u00f3n muy importante para acompa\u00f1ar el desarrollo de la zona, que se caracteriza por la explotaci\u00f3n agroganadera\u201d, afirm\u00f3 el administrador de Vialidad, Hern\u00e1n Y Zurieta.<br \/><br \/>En el mismo sentido, agreg\u00f3: \u201cGracias al trabajo y la decisi\u00f3n de la gesti\u00f3n del gobernador Kicillof, podemos decir con orgullo que desarrollamos obras en el interior provincial, potenciando la autonom\u00eda y el desarrollo de cada localidad\u201d.<\/p>\n\n\n\n<p class=\"has-text-align-right\">(Prensa Infraestructura)<\/p>\n\n\n\n<figure class=\"wp-block-image aligncenter size-full\"><img loading=\"lazy\" decoding=\"async\" width=\"650\" height=\"433\" src=\"https:\/\/grupotiempodigital.com.ar\/wp-content\/uploads\/2023\/10\/CAMINO-1.jpg\" alt=\"\" class=\"wp-image-44278\" srcset=\"https:\/\/grupotiempodigital.com.ar\/wp-content\/uploads\/2023\/10\/CAMINO-1.jpg 650w, https:\/\/grupotiempodigital.com.ar\/wp-content\/uploads\/2023\/10\/CAMINO-1-300x200.jpg 300w\" sizes=\"auto, (max-width: 650px) 100vw, 650px\" \/><\/figure>\n","protected":false},"excerpt":{"rendered":"<p>La obra mejorar\u00e1 la circulaci\u00f3n y la conectividad desde la Ruta N\u00ba29 hasta la N\u00ba20. La Direcci\u00f3n de Vialidad de<\/p>\n","protected":false},"author":3,"featured_media":0,"comment_status":"open","ping_status":"open","sticky":false,"template":"","format":"standard","meta":{"colormag_page_container_layout":"default_layout","colormag_page_sidebar_layout":"default_layout","footnotes":""},"categories":[1],"tags":[],"class_list":["post-44276","post","type-post","status-publish","format-standard","hentry","category-actualidad"],"_links":{"self":[{"href":"https:\/\/grupotiempodigital.com.ar\/index.php?rest_route=\/wp\/v2\/posts\/44276","targetHints":{"allow":["GET"]}}],"collection":[{"href":"https:\/\/grupotiempodigital.com.ar\/index.php?rest_route=\/wp\/v2\/posts"}],"about":[{"href":"https:\/\/grupotiempodigital.com.ar\/index.php?rest_route=\/wp\/v2\/types\/post"}],"author":[{"embeddable":true,"href":"https:\/\/grupotiempodigital.com.ar\/index.php?rest_route=\/wp\/v2\/users\/3"}],"replies":[{"embeddable":true,"href":"https:\/\/grupotiempodigital.com.ar\/index.php?rest_route=%2Fwp%2Fv2%2Fcomments&post=44276"}],"version-history":[{"count":1,"href":"https:\/\/grupotiempodigital.com.ar\/index.php?rest_route=\/wp\/v2\/posts\/44276\/revisions"}],"predecessor-version":[{"id":44279,"href":"https:\/\/grupotiempodigital.com.ar\/index.php?rest_route=\/wp\/v2\/posts\/44276\/revisions\/44279"}],"wp:attachment":[{"href":"https:\/\/grupotiempodigital.com.ar\/index.php?rest_route=%2Fwp%2Fv2%2Fmedia&parent=44276"}],"wp:term":[{"taxonomy":"category","embeddable":true,"href":"https:\/\/grupotiempodigital.com.ar\/index.php?rest_route=%2Fwp%2Fv2%2Fcategories&post=44276"},{"taxonomy":"post_tag","embeddable":true,"href":"https:\/\/grupotiempodigital.com.ar\/index.php?rest_route=%2Fwp%2Fv2%2Ftags&post=44276"}],"curies":[{"name":"wp","href":"https:\/\/api.w.org\/{rel}","templated":true}]}}