{"id":44266,"date":"2023-10-20T11:48:18","date_gmt":"2023-10-20T14:48:18","guid":{"rendered":"https:\/\/grupotiempodigital.com.ar\/?p=44266"},"modified":"2023-10-20T11:48:18","modified_gmt":"2023-10-20T14:48:18","slug":"escuela-municipal-de-futbol-infantil-e-m-f-i","status":"publish","type":"post","link":"https:\/\/grupotiempodigital.com.ar\/?p=44266","title":{"rendered":"Escuela Municipal de F\u00fatbol Infantil (E.M.F.I.)"},"content":{"rendered":"\n<figure class=\"wp-block-image size-large\"><img loading=\"lazy\" decoding=\"async\" width=\"1024\" height=\"768\" src=\"https:\/\/grupotiempodigital.com.ar\/wp-content\/uploads\/2023\/10\/EMFI-1024x768.jpg\" alt=\"\" class=\"wp-image-44267\" srcset=\"https:\/\/grupotiempodigital.com.ar\/wp-content\/uploads\/2023\/10\/EMFI-1024x768.jpg 1024w, https:\/\/grupotiempodigital.com.ar\/wp-content\/uploads\/2023\/10\/EMFI-300x225.jpg 300w, https:\/\/grupotiempodigital.com.ar\/wp-content\/uploads\/2023\/10\/EMFI-768x576.jpg 768w, https:\/\/grupotiempodigital.com.ar\/wp-content\/uploads\/2023\/10\/EMFI.jpg 1440w\" sizes=\"auto, (max-width: 1024px) 100vw, 1024px\" \/><\/figure>\n\n\n\n<p>COMIENZAN LOS ENTRENAMIENTOS DE LA&nbsp;<strong>CATEGOR\u00cdA 2018<\/strong>, A PARTIR DEL&nbsp;3 DE NOVIEMBRE&nbsp; DEL 2023, LOS MISMOS SER\u00c1N&nbsp;LOS D\u00cdAS MI\u00c9RCOLES Y VIERNES DE 19.30 A 20.30 HORAS.<\/p>\n\n\n\n<p>LUGAR: EMFI<\/p>\n","protected":false},"excerpt":{"rendered":"<p>COMIENZAN LOS ENTRENAMIENTOS DE LA&nbsp;CATEGOR\u00cdA 2018, A PARTIR DEL&nbsp;3 DE NOVIEMBRE&nbsp; DEL 2023, LOS MISMOS SER\u00c1N&nbsp;LOS D\u00cdAS MI\u00c9RCOLES Y VIERNES<\/p>\n","protected":false},"author":3,"featured_media":0,"comment_status":"open","ping_status":"open","sticky":false,"template":"","format":"standard","meta":{"colormag_page_container_layout":"default_layout","colormag_page_sidebar_layout":"default_layout","footnotes":""},"categories":[1],"tags":[],"class_list":["post-44266","post","type-post","status-publish","format-standard","hentry","category-actualidad"],"_links":{"self":[{"href":"https:\/\/grupotiempodigital.com.ar\/index.php?rest_route=\/wp\/v2\/posts\/44266","targetHints":{"allow":["GET"]}}],"collection":[{"href":"https:\/\/grupotiempodigital.com.ar\/index.php?rest_route=\/wp\/v2\/posts"}],"about":[{"href":"https:\/\/grupotiempodigital.com.ar\/index.php?rest_route=\/wp\/v2\/types\/post"}],"author":[{"embeddable":true,"href":"https:\/\/grupotiempodigital.com.ar\/index.php?rest_route=\/wp\/v2\/users\/3"}],"replies":[{"embeddable":true,"href":"https:\/\/grupotiempodigital.com.ar\/index.php?rest_route=%2Fwp%2Fv2%2Fcomments&post=44266"}],"version-history":[{"count":1,"href":"https:\/\/grupotiempodigital.com.ar\/index.php?rest_route=\/wp\/v2\/posts\/44266\/revisions"}],"predecessor-version":[{"id":44268,"href":"https:\/\/grupotiempodigital.com.ar\/index.php?rest_route=\/wp\/v2\/posts\/44266\/revisions\/44268"}],"wp:attachment":[{"href":"https:\/\/grupotiempodigital.com.ar\/index.php?rest_route=%2Fwp%2Fv2%2Fmedia&parent=44266"}],"wp:term":[{"taxonomy":"category","embeddable":true,"href":"https:\/\/grupotiempodigital.com.ar\/index.php?rest_route=%2Fwp%2Fv2%2Fcategories&post=44266"},{"taxonomy":"post_tag","embeddable":true,"href":"https:\/\/grupotiempodigital.com.ar\/index.php?rest_route=%2Fwp%2Fv2%2Ftags&post=44266"}],"curies":[{"name":"wp","href":"https:\/\/api.w.org\/{rel}","templated":true}]}}