{"id":44260,"date":"2023-10-20T09:33:20","date_gmt":"2023-10-20T12:33:20","guid":{"rendered":"https:\/\/grupotiempodigital.com.ar\/?p=44260"},"modified":"2023-10-20T09:33:20","modified_gmt":"2023-10-20T12:33:20","slug":"excelente-propuesta-se-realizo-la-correcaminata-movimiento-en-familia","status":"publish","type":"post","link":"https:\/\/grupotiempodigital.com.ar\/?p=44260","title":{"rendered":"Excelente propuesta: Se realiz\u00f3 la Correcaminata \u00abMovimiento en Familia\u00bb"},"content":{"rendered":"\n<figure class=\"wp-block-image size-large\"><img loading=\"lazy\" decoding=\"async\" width=\"1024\" height=\"768\" src=\"https:\/\/grupotiempodigital.com.ar\/wp-content\/uploads\/2023\/10\/caminata-2-1024x768.jpg\" alt=\"\" class=\"wp-image-44262\" srcset=\"https:\/\/grupotiempodigital.com.ar\/wp-content\/uploads\/2023\/10\/caminata-2-1024x768.jpg 1024w, https:\/\/grupotiempodigital.com.ar\/wp-content\/uploads\/2023\/10\/caminata-2-300x225.jpg 300w, https:\/\/grupotiempodigital.com.ar\/wp-content\/uploads\/2023\/10\/caminata-2-768x576.jpg 768w, https:\/\/grupotiempodigital.com.ar\/wp-content\/uploads\/2023\/10\/caminata-2-1536x1152.jpg 1536w, https:\/\/grupotiempodigital.com.ar\/wp-content\/uploads\/2023\/10\/caminata-2.jpg 2048w\" sizes=\"auto, (max-width: 1024px) 100vw, 1024px\" \/><\/figure>\n\n\n\n<p><strong>Fu\u00e9 el s\u00e1bado por la Lucha contra el c\u00e1ncer de mama<\/strong><\/p>\n\n\n\n<p>El s\u00e1bado con la organizaci\u00f3n del hospital Campomar se llev\u00f3 a cabo una corre\/caminata que parti\u00f3 del CEF y por el reconstru\u00eddo camino lleg\u00f3 hasta la EP 8, donde la directora del Hospital, Dra. Paola Maggi junto a la obstetra Silvana Molteni se refirieron al tema convocante en el mes de la concientizaci\u00f3n de esta seria enfermedad y las formas de prevenirla.<\/p>\n\n\n\n<p>Luego hubo m\u00fasica y baile con la presencia de Luciana Villarreal y cada uno de los participantes se llev\u00f3 una remera rosa, propia de los colores que identifican esta causa.<\/p>\n\n\n\n<figure class=\"wp-block-image size-large\"><img loading=\"lazy\" decoding=\"async\" width=\"1024\" height=\"768\" src=\"https:\/\/grupotiempodigital.com.ar\/wp-content\/uploads\/2023\/10\/caminata-1-1-1024x768.jpg\" alt=\"\" class=\"wp-image-44263\" srcset=\"https:\/\/grupotiempodigital.com.ar\/wp-content\/uploads\/2023\/10\/caminata-1-1-1024x768.jpg 1024w, https:\/\/grupotiempodigital.com.ar\/wp-content\/uploads\/2023\/10\/caminata-1-1-300x225.jpg 300w, https:\/\/grupotiempodigital.com.ar\/wp-content\/uploads\/2023\/10\/caminata-1-1-768x576.jpg 768w, https:\/\/grupotiempodigital.com.ar\/wp-content\/uploads\/2023\/10\/caminata-1-1-1536x1152.jpg 1536w, https:\/\/grupotiempodigital.com.ar\/wp-content\/uploads\/2023\/10\/caminata-1-1.jpg 2048w\" sizes=\"auto, (max-width: 1024px) 100vw, 1024px\" \/><\/figure>\n\n\n\n<figure class=\"wp-block-image size-large\"><img loading=\"lazy\" decoding=\"async\" width=\"1024\" height=\"768\" src=\"https:\/\/grupotiempodigital.com.ar\/wp-content\/uploads\/2023\/10\/caminata-3-1024x768.jpg\" alt=\"\" class=\"wp-image-44264\" srcset=\"https:\/\/grupotiempodigital.com.ar\/wp-content\/uploads\/2023\/10\/caminata-3-1024x768.jpg 1024w, https:\/\/grupotiempodigital.com.ar\/wp-content\/uploads\/2023\/10\/caminata-3-300x225.jpg 300w, https:\/\/grupotiempodigital.com.ar\/wp-content\/uploads\/2023\/10\/caminata-3-768x576.jpg 768w, https:\/\/grupotiempodigital.com.ar\/wp-content\/uploads\/2023\/10\/caminata-3-1536x1152.jpg 1536w, https:\/\/grupotiempodigital.com.ar\/wp-content\/uploads\/2023\/10\/caminata-3.jpg 2048w\" sizes=\"auto, (max-width: 1024px) 100vw, 1024px\" \/><\/figure>\n","protected":false},"excerpt":{"rendered":"<p>Fu\u00e9 el s\u00e1bado por la Lucha contra el c\u00e1ncer de mama El s\u00e1bado con la organizaci\u00f3n del hospital Campomar se<\/p>\n","protected":false},"author":3,"featured_media":0,"comment_status":"open","ping_status":"open","sticky":false,"template":"","format":"standard","meta":{"colormag_page_container_layout":"default_layout","colormag_page_sidebar_layout":"default_layout","footnotes":""},"categories":[1],"tags":[],"class_list":["post-44260","post","type-post","status-publish","format-standard","hentry","category-actualidad"],"_links":{"self":[{"href":"https:\/\/grupotiempodigital.com.ar\/index.php?rest_route=\/wp\/v2\/posts\/44260","targetHints":{"allow":["GET"]}}],"collection":[{"href":"https:\/\/grupotiempodigital.com.ar\/index.php?rest_route=\/wp\/v2\/posts"}],"about":[{"href":"https:\/\/grupotiempodigital.com.ar\/index.php?rest_route=\/wp\/v2\/types\/post"}],"author":[{"embeddable":true,"href":"https:\/\/grupotiempodigital.com.ar\/index.php?rest_route=\/wp\/v2\/users\/3"}],"replies":[{"embeddable":true,"href":"https:\/\/grupotiempodigital.com.ar\/index.php?rest_route=%2Fwp%2Fv2%2Fcomments&post=44260"}],"version-history":[{"count":1,"href":"https:\/\/grupotiempodigital.com.ar\/index.php?rest_route=\/wp\/v2\/posts\/44260\/revisions"}],"predecessor-version":[{"id":44265,"href":"https:\/\/grupotiempodigital.com.ar\/index.php?rest_route=\/wp\/v2\/posts\/44260\/revisions\/44265"}],"wp:attachment":[{"href":"https:\/\/grupotiempodigital.com.ar\/index.php?rest_route=%2Fwp%2Fv2%2Fmedia&parent=44260"}],"wp:term":[{"taxonomy":"category","embeddable":true,"href":"https:\/\/grupotiempodigital.com.ar\/index.php?rest_route=%2Fwp%2Fv2%2Fcategories&post=44260"},{"taxonomy":"post_tag","embeddable":true,"href":"https:\/\/grupotiempodigital.com.ar\/index.php?rest_route=%2Fwp%2Fv2%2Ftags&post=44260"}],"curies":[{"name":"wp","href":"https:\/\/api.w.org\/{rel}","templated":true}]}}