{"id":44257,"date":"2023-10-19T08:19:44","date_gmt":"2023-10-19T11:19:44","guid":{"rendered":"https:\/\/grupotiempodigital.com.ar\/?p=44257"},"modified":"2023-10-19T08:19:44","modified_gmt":"2023-10-19T11:19:44","slug":"anses-tarifa-social-de-transporte-como-obtener-un-55-por-ciento-de-descuento","status":"publish","type":"post","link":"https:\/\/grupotiempodigital.com.ar\/?p=44257","title":{"rendered":"Anses &#8211; TARIFA SOCIAL DE TRANSPORTE: C\u00d3MO OBTENER UN 55 POR CIENTO DE DESCUENTO"},"content":{"rendered":"\n<figure class=\"wp-block-image size-full is-resized\"><img loading=\"lazy\" decoding=\"async\" src=\"https:\/\/grupotiempodigital.com.ar\/wp-content\/uploads\/2023\/10\/LOGO-ANSES-3.jpg\" alt=\"\" class=\"wp-image-44258\" width=\"841\" height=\"406\" srcset=\"https:\/\/grupotiempodigital.com.ar\/wp-content\/uploads\/2023\/10\/LOGO-ANSES-3.jpg 427w, https:\/\/grupotiempodigital.com.ar\/wp-content\/uploads\/2023\/10\/LOGO-ANSES-3-300x145.jpg 300w\" sizes=\"auto, (max-width: 841px) 100vw, 841px\" \/><\/figure>\n\n\n\n<p>ANSES recuerda que&nbsp;<strong>los titulares de sus prestaciones pueden acceder a un 55 por ciento de descuento a trav\u00e9s de la tarjeta SUBE<\/strong>&nbsp;tramitando la Tarifa Social de Transporte.<\/p>\n\n\n\n<p>Para comenzar a viajar con descuento, las personas interesadas deben tener registrada la tarjeta SUBE a su nombre. Esto podr\u00e1 hacerlo desde una computadora o celular en&nbsp;<strong>tarjetasube.sube.gob.ar<\/strong>.<\/p>\n\n\n\n<p>El descuento se activa ingresando en&nbsp;<a href=\"http:\/\/www.anses.gob.ar\/\" target=\"_blank\" rel=\"noreferrer noopener\">www.anses.gob.ar<\/a>, secci\u00f3n&nbsp;<strong><em>mi ANSES<\/em><\/strong>, con&nbsp;<strong>el CUIL y la Clave de la Seguridad Social<\/strong>. Luego, en el men\u00fa, ir a&nbsp;<strong><em>Programas y beneficios<\/em>&nbsp;&gt;&nbsp;<em>Generar PIN SUBE<\/em><\/strong>. El sistema generar\u00e1 un c\u00f3digo de 6 d\u00edgitos que debe asociarse a la tarjeta SUBE registrada en&nbsp;<strong>tarjetasube.sube.gob.ar<\/strong>. Para activar este beneficio, se deber\u00e1 acercar a una terminal autom\u00e1tica SUBE o con la app Carga SUBE, si el celular est\u00e1 habilitado para hacerlo.<\/p>\n\n\n\n<p>Esta gesti\u00f3n tambi\u00e9n puede realizarse de forma presencial en una oficina de ANSES, sin turno previo.<\/p>\n\n\n\n<p><strong>A qui\u00e9nes les corresponde<\/strong><\/p>\n\n\n\n<p>Personas que sean titulares de:<\/p>\n\n\n\n<p>\u00b7&nbsp;&nbsp;&nbsp;&nbsp;&nbsp;&nbsp;&nbsp;&nbsp;Jubilaciones y pensiones<\/p>\n\n\n\n<p>\u00b7&nbsp;&nbsp;&nbsp;&nbsp;&nbsp;&nbsp;&nbsp;&nbsp;Asignaci\u00f3n Universal por Hija e Hijo y Asignaci\u00f3n por Embarazo<\/p>\n\n\n\n<p>\u00b7&nbsp;&nbsp;&nbsp;&nbsp;&nbsp;&nbsp;&nbsp;&nbsp;Becas Progresar<\/p>\n\n\n\n<p>\u00b7&nbsp;&nbsp;&nbsp;&nbsp;&nbsp;&nbsp;&nbsp;&nbsp;Pensi\u00f3n Honor\u00edfica de Veteranos de Guerra del Atl\u00e1ntico Sur<\/p>\n\n\n\n<p>\u00b7&nbsp;&nbsp;&nbsp;&nbsp;&nbsp;&nbsp;&nbsp;&nbsp;Personal de casas particulares<\/p>\n\n\n\n<p>\u00b7&nbsp;&nbsp;&nbsp;&nbsp;&nbsp;&nbsp;&nbsp;&nbsp;Monotributo Social<\/p>\n\n\n\n<p>\u00b7&nbsp;&nbsp;&nbsp;&nbsp;&nbsp;&nbsp;&nbsp;&nbsp;Prestaci\u00f3n por Desempleo<\/p>\n\n\n\n<p>\u00b7&nbsp;&nbsp;&nbsp;&nbsp;&nbsp;&nbsp;&nbsp;&nbsp;Pensi\u00f3n Universal para el Adulto Mayor<\/p>\n\n\n\n<p>\u00b7&nbsp;&nbsp;&nbsp;&nbsp;&nbsp;&nbsp;&nbsp;&nbsp;Pensiones No Contributivas por Invalidez<\/p>\n\n\n\n<p>\u00b7&nbsp;&nbsp;&nbsp;&nbsp;&nbsp;&nbsp;&nbsp;&nbsp;Madres de 7 hijos<\/p>\n\n\n\n<p>\u00b7&nbsp;&nbsp;&nbsp;&nbsp;&nbsp;&nbsp;&nbsp;&nbsp;Programas del Ministerio de Trabajo, Empleo y Seguridad Social.<\/p>\n\n\n\n<p><strong>Se agradece difusi\u00f3n<\/strong><\/p>\n\n\n\n<p><strong>ANSES<\/strong><\/p>\n","protected":false},"excerpt":{"rendered":"<p>ANSES recuerda que&nbsp;los titulares de sus prestaciones pueden acceder a un 55 por ciento de descuento a trav\u00e9s de la<\/p>\n","protected":false},"author":3,"featured_media":0,"comment_status":"open","ping_status":"open","sticky":false,"template":"","format":"standard","meta":{"colormag_page_container_layout":"default_layout","colormag_page_sidebar_layout":"default_layout","footnotes":""},"categories":[1],"tags":[],"class_list":["post-44257","post","type-post","status-publish","format-standard","hentry","category-actualidad"],"_links":{"self":[{"href":"https:\/\/grupotiempodigital.com.ar\/index.php?rest_route=\/wp\/v2\/posts\/44257","targetHints":{"allow":["GET"]}}],"collection":[{"href":"https:\/\/grupotiempodigital.com.ar\/index.php?rest_route=\/wp\/v2\/posts"}],"about":[{"href":"https:\/\/grupotiempodigital.com.ar\/index.php?rest_route=\/wp\/v2\/types\/post"}],"author":[{"embeddable":true,"href":"https:\/\/grupotiempodigital.com.ar\/index.php?rest_route=\/wp\/v2\/users\/3"}],"replies":[{"embeddable":true,"href":"https:\/\/grupotiempodigital.com.ar\/index.php?rest_route=%2Fwp%2Fv2%2Fcomments&post=44257"}],"version-history":[{"count":1,"href":"https:\/\/grupotiempodigital.com.ar\/index.php?rest_route=\/wp\/v2\/posts\/44257\/revisions"}],"predecessor-version":[{"id":44259,"href":"https:\/\/grupotiempodigital.com.ar\/index.php?rest_route=\/wp\/v2\/posts\/44257\/revisions\/44259"}],"wp:attachment":[{"href":"https:\/\/grupotiempodigital.com.ar\/index.php?rest_route=%2Fwp%2Fv2%2Fmedia&parent=44257"}],"wp:term":[{"taxonomy":"category","embeddable":true,"href":"https:\/\/grupotiempodigital.com.ar\/index.php?rest_route=%2Fwp%2Fv2%2Fcategories&post=44257"},{"taxonomy":"post_tag","embeddable":true,"href":"https:\/\/grupotiempodigital.com.ar\/index.php?rest_route=%2Fwp%2Fv2%2Ftags&post=44257"}],"curies":[{"name":"wp","href":"https:\/\/api.w.org\/{rel}","templated":true}]}}