{"id":42042,"date":"2022-11-30T20:03:36","date_gmt":"2022-11-30T23:03:36","guid":{"rendered":"https:\/\/grupotiempodigital.com.ar\/?p=42042"},"modified":"2022-11-30T20:03:36","modified_gmt":"2022-11-30T23:03:36","slug":"ayacucho-cierra-el-ano-del-mar-y-sierras","status":"publish","type":"post","link":"https:\/\/grupotiempodigital.com.ar\/?p=42042","title":{"rendered":"AYACUCHO CIERRA EL A\u00d1O DEL MAR Y SIERRAS"},"content":{"rendered":"<p>Desde el viernes y hasta el domingo pr\u00f3ximo, los caminos del partido de Ayacucho ser\u00e1n sede del Gran Premio Coronaci\u00f3n del Rally Mar y Sierras.<br \/>\nComo cada cierre de temporada, la carrera entregar\u00e1 muchas definiciones en diferentes clases que a\u00fan no tienen a sus nuevos campeones. Para ello deber\u00e1n afrontar una dura prueba que como todo gran premio otorga puntaje y medio poniendo de ese modo mucho en juego para las tripulaciones que deber\u00e1n desandar 15 pruebas especiales con un total de 180 km de velocidad y 325,77 de enlaces que completan 505,77 km de carrera.<br \/>\nEn ese marco una vez m\u00e1s la representaci\u00f3n ranchera llega con chances de seguir cosechando campeones. En esta oportunidad las chances llegan por el lado de los navegantes.<br \/>\nEn la clase A el t\u00edtulo quedar\u00e1 para Alan Porcel, ya que Lucas Diaz el otro aspirante, por temas laborales no puede dar el presente; lo que autom\u00e1ticamente coronar\u00e1 a Alan qui\u00e9n este a\u00f1o corri\u00f3 5 carreras como navegante del tambi\u00e9n campe\u00f3n Juan Soria.<br \/>\nEn  la N 7,  Tadeo Della Vedova quiere ser campe\u00f3n y arribar\u00e1 a la \u00faltima con una ventaja de nada m\u00e1s que 4,5 puntos sobre Oscar Solimano (hijo) y 17,5 de Oscar Solimano (padre) que se ubica tercero; lo que marca una definici\u00f3n muy apretada.<br \/>\nDentro de la clase A Hist\u00f3rica, Lisandro Santi llega con un muy buen \u201ccolch\u00f3n\u201d de puntos para terminar en lo m\u00e1s alto, pero claro est\u00e1 que hasta no cosechar esos puntos que le faltan nada se puede asegurar. De conseguirlo, ser\u00eda un campeonato completo para el binomio debido a que Francisco Vernaci ya lo obtuvo un par de carreras atr\u00e1s.<br \/>\nBraian Ferreyra,  volver\u00e1 a sentarse en la butaca derecha del Ford Ka que maneja Federico Vizcay para volver a ser protagonistas de la competitiva clase N1.<br \/>\nClaro est\u00e1 que el LTCompetici\u00f3n de Jos\u00e9 Lamarque, tendr\u00e1 bajo su estructura los autos de Jos\u00e9 Lacopolla y Francisco Vernaci, lo que le permitir\u00e1 cancelar un gran a\u00f1o para \u201cel Tosca\u201d, que lo vi\u00f3 logrando grandes resultados con todos los autos que estuvieron bajo su preparaci\u00f3n,  con el punto m\u00e1s alto en el campeonato obtenido con el R 18 de Francisco Vernaci en la clase A Hist\u00f3rica.<br \/>\nAs\u00ed se cerrar\u00e1 un a\u00f1o m\u00e1s dentro de una categor\u00eda del automovilismo zonal que tuvo a nuestro distrito como una fecha sede del calendario y a varios deportistas en la n\u00f3mina de participantes.<br \/>\nInforme de Marcelo Robertson auspiciado por CEFA SRL<\/p>\n<p><a href=\"https:\/\/grupotiempodigital.com.ar\/wp-content\/uploads\/2022\/11\/ULTIMA.jpg\"><img loading=\"lazy\" decoding=\"async\" src=\"https:\/\/grupotiempodigital.com.ar\/wp-content\/uploads\/2022\/11\/ULTIMA.jpg\" alt=\"\" width=\"1280\" height=\"924\" class=\"aligncenter size-full wp-image-42044\" srcset=\"https:\/\/grupotiempodigital.com.ar\/wp-content\/uploads\/2022\/11\/ULTIMA.jpg 1280w, https:\/\/grupotiempodigital.com.ar\/wp-content\/uploads\/2022\/11\/ULTIMA-300x217.jpg 300w, https:\/\/grupotiempodigital.com.ar\/wp-content\/uploads\/2022\/11\/ULTIMA-1024x739.jpg 1024w, https:\/\/grupotiempodigital.com.ar\/wp-content\/uploads\/2022\/11\/ULTIMA-768x554.jpg 768w\" sizes=\"auto, (max-width: 1280px) 100vw, 1280px\" \/><\/a><\/p>\n","protected":false},"excerpt":{"rendered":"<p>Desde el viernes y hasta el domingo pr\u00f3ximo, los caminos del partido de Ayacucho ser\u00e1n sede del Gran Premio Coronaci\u00f3n<\/p>\n","protected":false},"author":3,"featured_media":42044,"comment_status":"open","ping_status":"open","sticky":false,"template":"","format":"standard","meta":{"colormag_page_container_layout":"default_layout","colormag_page_sidebar_layout":"default_layout","footnotes":""},"categories":[1,5,38,44],"tags":[],"class_list":["post-42042","post","type-post","status-publish","format-standard","has-post-thumbnail","hentry","category-actualidad","category-deportivas","category-destacadas","category-general-paz"],"_links":{"self":[{"href":"https:\/\/grupotiempodigital.com.ar\/index.php?rest_route=\/wp\/v2\/posts\/42042","targetHints":{"allow":["GET"]}}],"collection":[{"href":"https:\/\/grupotiempodigital.com.ar\/index.php?rest_route=\/wp\/v2\/posts"}],"about":[{"href":"https:\/\/grupotiempodigital.com.ar\/index.php?rest_route=\/wp\/v2\/types\/post"}],"author":[{"embeddable":true,"href":"https:\/\/grupotiempodigital.com.ar\/index.php?rest_route=\/wp\/v2\/users\/3"}],"replies":[{"embeddable":true,"href":"https:\/\/grupotiempodigital.com.ar\/index.php?rest_route=%2Fwp%2Fv2%2Fcomments&post=42042"}],"version-history":[{"count":2,"href":"https:\/\/grupotiempodigital.com.ar\/index.php?rest_route=\/wp\/v2\/posts\/42042\/revisions"}],"predecessor-version":[{"id":42045,"href":"https:\/\/grupotiempodigital.com.ar\/index.php?rest_route=\/wp\/v2\/posts\/42042\/revisions\/42045"}],"wp:featuredmedia":[{"embeddable":true,"href":"https:\/\/grupotiempodigital.com.ar\/index.php?rest_route=\/wp\/v2\/media\/42044"}],"wp:attachment":[{"href":"https:\/\/grupotiempodigital.com.ar\/index.php?rest_route=%2Fwp%2Fv2%2Fmedia&parent=42042"}],"wp:term":[{"taxonomy":"category","embeddable":true,"href":"https:\/\/grupotiempodigital.com.ar\/index.php?rest_route=%2Fwp%2Fv2%2Fcategories&post=42042"},{"taxonomy":"post_tag","embeddable":true,"href":"https:\/\/grupotiempodigital.com.ar\/index.php?rest_route=%2Fwp%2Fv2%2Ftags&post=42042"}],"curies":[{"name":"wp","href":"https:\/\/api.w.org\/{rel}","templated":true}]}}