{"id":41234,"date":"2022-09-30T07:58:49","date_gmt":"2022-09-30T10:58:49","guid":{"rendered":"https:\/\/grupotiempodigital.com.ar\/?p=41234"},"modified":"2022-09-30T07:58:49","modified_gmt":"2022-09-30T10:58:49","slug":"anses-calendarios-de-pagos-de-octubre","status":"publish","type":"post","link":"https:\/\/grupotiempodigital.com.ar\/?p=41234","title":{"rendered":"ANSES: CALENDARIOS DE PAGOS DE OCTUBRE"},"content":{"rendered":"<p>ANSES comunica los calendarios de pagos de octubre para jubiladas, jubilados, pensionadas y pensionados, Pensiones No Contributivas, titulares de la Asignaci\u00f3n Universal por Hijo y la Asignaci\u00f3n por Embarazo, Asignaciones Familiares y de Pago \u00danico (Matrimonio, Nacimiento y Adopci\u00f3n) y Prestaci\u00f3n por Desempleo.<\/p>\n<h3><strong>Jubilaciones y pensiones m\u00ednimas<\/strong><\/h3>\n<p><strong>\u00b7\u00a0\u00a0\u00a0\u00a0\u00a0\u00a0\u00a0 <\/strong><strong>DNI terminados en 0: 12 de octubre<\/strong><\/p>\n<p><strong>\u00b7\u00a0\u00a0\u00a0\u00a0\u00a0\u00a0\u00a0 <\/strong><strong>DNI terminados en 1: 13 de octubre<\/strong><\/p>\n<p><strong>\u00b7\u00a0\u00a0\u00a0\u00a0\u00a0\u00a0\u00a0 <\/strong><strong>DNI terminados en 2: 14 de octubre<\/strong><\/p>\n<p><strong>\u00b7\u00a0\u00a0\u00a0\u00a0\u00a0\u00a0\u00a0 <\/strong><strong>DNI terminados en 3: 14 de octubre<\/strong><\/p>\n<p><strong>\u00b7\u00a0\u00a0\u00a0\u00a0\u00a0\u00a0\u00a0 <\/strong><strong>DNI terminados en 4: 17 de octubre<\/strong><\/p>\n<p><strong>\u00b7\u00a0\u00a0\u00a0\u00a0\u00a0\u00a0\u00a0 <\/strong><strong>DNI terminados en 5: 18 de octubre<\/strong><\/p>\n<p><strong>\u00b7\u00a0\u00a0\u00a0\u00a0\u00a0\u00a0\u00a0 <\/strong><strong>DNI terminados en 6: 19 de octubre<\/strong><\/p>\n<p><strong>\u00b7\u00a0\u00a0\u00a0\u00a0\u00a0\u00a0\u00a0 <\/strong><strong>DNI terminados en 7: 20 de octubre<\/strong><\/p>\n<p><strong>\u00b7\u00a0\u00a0\u00a0\u00a0\u00a0\u00a0\u00a0 <\/strong><strong>DNI terminados en 8: 21 de octubre<\/strong><\/p>\n<p><strong>\u00b7\u00a0\u00a0\u00a0\u00a0\u00a0\u00a0\u00a0 <\/strong><strong>DNI terminados en 9: 24 de octubre<\/strong><\/p>\n<h3><strong>Jubilaciones y Pensiones que superan los haberes m\u00ednimos<\/strong><\/h3>\n<p><strong>\u00b7\u00a0\u00a0\u00a0\u00a0\u00a0\u00a0\u00a0 <\/strong><strong>DNI terminados en 0 y 1: 25 de octubre<\/strong><\/p>\n<p><strong>\u00b7\u00a0\u00a0\u00a0\u00a0\u00a0\u00a0\u00a0 <\/strong><strong>DNI terminados en 2 y 3: 26 de octubre<\/strong><\/p>\n<p><strong>\u00b7\u00a0\u00a0\u00a0\u00a0\u00a0\u00a0\u00a0 <\/strong><strong>DNI terminados en 4 y 5: 27 de octubre<\/strong><\/p>\n<p><strong>\u00b7\u00a0\u00a0\u00a0\u00a0\u00a0\u00a0\u00a0 <\/strong><strong>DNI terminados en 6 y 7: 28 de octubre<\/strong><\/p>\n<p><strong>\u00b7\u00a0\u00a0\u00a0\u00a0\u00a0\u00a0\u00a0 <\/strong><strong>DNI terminados en 8 y 9: 31 de octubre<\/strong><\/p>\n<h3><strong>Asignaci\u00f3n Universal por Hijo y Asignaci\u00f3n Familiar por Hijo<\/strong><\/h3>\n<p><strong>\u00b7\u00a0\u00a0\u00a0\u00a0\u00a0\u00a0\u00a0 <\/strong><strong>DNI terminados en 0: 12 de octubre<\/strong><\/p>\n<p><strong>\u00b7\u00a0\u00a0\u00a0\u00a0\u00a0\u00a0\u00a0 <\/strong><strong>DNI terminados en 1: 13 de octubre<\/strong><\/p>\n<p><strong>\u00b7\u00a0\u00a0\u00a0\u00a0\u00a0\u00a0\u00a0 <\/strong><strong>DNI terminados en 2: 14 de octubre<\/strong><\/p>\n<p><strong>\u00b7\u00a0\u00a0\u00a0\u00a0\u00a0\u00a0\u00a0 <\/strong><strong>DNI terminados en 3: 17 de octubre<\/strong><\/p>\n<p><strong>\u00b7\u00a0\u00a0\u00a0\u00a0\u00a0\u00a0\u00a0 <\/strong><strong>DNI terminados en 4: 18 de octubre<\/strong><\/p>\n<p><strong>\u00b7\u00a0\u00a0\u00a0\u00a0\u00a0\u00a0\u00a0 <\/strong><strong>DNI terminados en 5: 19 de octubre<\/strong><\/p>\n<p><strong>\u00b7\u00a0\u00a0\u00a0\u00a0\u00a0\u00a0\u00a0 <\/strong><strong>DNI terminados en 6: 20 de octubre<\/strong><\/p>\n<p><strong>\u00b7\u00a0\u00a0\u00a0\u00a0\u00a0\u00a0\u00a0 <\/strong><strong>DNI terminados en 7: 21 de octubre<\/strong><\/p>\n<p><strong>\u00b7\u00a0\u00a0\u00a0\u00a0\u00a0\u00a0\u00a0 <\/strong><strong>DNI terminados en 8: 24 de octubre<\/strong><\/p>\n<p><strong>\u00b7\u00a0\u00a0\u00a0\u00a0\u00a0\u00a0\u00a0 <\/strong><strong>DNI terminados en 9: 25 de octubre<\/strong><\/p>\n<h3><strong>Asignaci\u00f3n por Embarazo<\/strong><\/h3>\n<p><strong>\u00b7\u00a0\u00a0\u00a0\u00a0\u00a0\u00a0\u00a0 <\/strong><strong>DNI terminados en 0: 11 de octubre<\/strong><\/p>\n<p><strong>\u00b7\u00a0\u00a0\u00a0\u00a0\u00a0\u00a0\u00a0 <\/strong><strong>DNI terminados en 1: 12 de octubre<\/strong><\/p>\n<p><strong>\u00b7\u00a0\u00a0\u00a0\u00a0\u00a0\u00a0\u00a0 <\/strong><strong>DNI terminados en 2: 13 de octubre<\/strong><\/p>\n<p><strong>\u00b7\u00a0\u00a0\u00a0\u00a0\u00a0\u00a0\u00a0 <\/strong><strong>DNI terminados en 3: 14 de octubre<\/strong><\/p>\n<p><strong>\u00b7\u00a0\u00a0\u00a0\u00a0\u00a0\u00a0\u00a0 <\/strong><strong>DNI terminados en 4: 17 de octubre<\/strong><\/p>\n<p><strong>\u00b7\u00a0\u00a0\u00a0\u00a0\u00a0\u00a0\u00a0 <\/strong><strong>DNI terminados en 5: 18 de octubre<\/strong><\/p>\n<p><strong>\u00b7\u00a0\u00a0\u00a0\u00a0\u00a0\u00a0\u00a0 <\/strong><strong>DNI terminados en 6: 19 de octubre<\/strong><\/p>\n<p><strong>\u00b7\u00a0\u00a0\u00a0\u00a0\u00a0\u00a0\u00a0 <\/strong><strong>DNI terminados en 7: 20 de octubre<\/strong><\/p>\n<p><strong>\u00b7\u00a0\u00a0\u00a0\u00a0\u00a0\u00a0\u00a0 <\/strong><strong>DNI terminados en 8: 21 de octubre<\/strong><\/p>\n<p><strong>\u00b7\u00a0\u00a0\u00a0\u00a0\u00a0\u00a0\u00a0 <\/strong><strong>DNI terminados en 9: 24 de octubre<\/strong><\/p>\n<h3><strong>Asignaci\u00f3n por Prenatal y Maternidad<\/strong><\/h3>\n<p><strong>\u00b7\u00a0\u00a0\u00a0\u00a0\u00a0\u00a0\u00a0 <\/strong><strong>DNI terminados en 0 y 1: 12 de octubre<\/strong><\/p>\n<p><strong>\u00b7\u00a0\u00a0\u00a0\u00a0\u00a0\u00a0\u00a0 <\/strong><strong>DNI terminados en 2 y 3: 13 de octubre<\/strong><\/p>\n<p><strong>\u00b7\u00a0\u00a0\u00a0\u00a0\u00a0\u00a0\u00a0 <\/strong><strong>DNI terminados en 4 y 5: 14 de octubre<\/strong><\/p>\n<p><strong>\u00b7\u00a0\u00a0\u00a0\u00a0\u00a0\u00a0\u00a0 <\/strong><strong>DNI terminados en 6 y 7: 17 de octubre<\/strong><\/p>\n<p><strong>\u00b7\u00a0\u00a0\u00a0\u00a0\u00a0\u00a0\u00a0 <\/strong><strong>DNI terminados en 8 y 9: 18 de octubre<\/strong><\/p>\n<h3><strong>Asignaciones Pago \u00danico<\/strong><\/h3>\n<p><strong>\u00b7\u00a0\u00a0\u00a0\u00a0\u00a0\u00a0\u00a0\u00a0 <\/strong><strong>Todas las terminaciones de documento: 6 de octubre al 14 de noviembre.<\/strong><\/p>\n<h3><strong>Pensiones No Contributivas (PNC)<\/strong><\/h3>\n<p><strong>\u00b7\u00a0\u00a0\u00a0\u00a0\u00a0\u00a0\u00a0 <\/strong><strong>DNI terminados en 0 y 1: 3 de octubre<\/strong><\/p>\n<p><strong>\u00b7\u00a0\u00a0\u00a0\u00a0\u00a0\u00a0\u00a0 <\/strong><strong>DNI terminados en 2 y 3: 4 de octubre<\/strong><\/p>\n<p><strong>\u00b7\u00a0\u00a0\u00a0\u00a0\u00a0\u00a0\u00a0 <\/strong><strong>DNI terminados en 4 y 5: 5 de octubre<\/strong><\/p>\n<p><strong>\u00b7\u00a0\u00a0\u00a0\u00a0\u00a0\u00a0\u00a0 <\/strong><strong>DNI terminados en 6 y 7: 6 de octubre<\/strong><\/p>\n<p><strong>\u00b7\u00a0\u00a0\u00a0\u00a0\u00a0\u00a0\u00a0 <\/strong><strong>DNI terminados en 8 y 9: 11 de octubre<\/strong><\/p>\n<h3><strong>Asignaciones Familiares de Pensiones No Contributivas (PNC)<\/strong><\/h3>\n<p><strong>\u00b7\u00a0\u00a0\u00a0\u00a0\u00a0\u00a0\u00a0\u00a0 <\/strong><strong>Todas las terminaciones de documento: 12 de octubre al 14 de noviembre.<\/strong><\/p>\n<h3><strong>Desempleo<\/strong><\/h3>\n<p><strong>\u00b7\u00a0\u00a0\u00a0\u00a0\u00a0\u00a0\u00a0 <\/strong><strong>DNI terminados en 0 y 1: 24 de octubre<\/strong><\/p>\n<p><strong>\u00b7\u00a0\u00a0\u00a0\u00a0\u00a0\u00a0\u00a0 <\/strong><strong>DNI terminados en 2 y 3: 25 de octubre<\/strong><\/p>\n<p><strong>\u00b7\u00a0\u00a0\u00a0\u00a0\u00a0\u00a0\u00a0 <\/strong><strong>DNI terminados en 4 y 5: 26 de octubre<\/strong><\/p>\n<p><strong>\u00b7\u00a0\u00a0\u00a0\u00a0\u00a0\u00a0\u00a0 <\/strong><strong>DNI terminados en 6 y 7: 27 de octubre<\/strong><\/p>\n<p><strong>\u00b7\u00a0\u00a0\u00a0\u00a0\u00a0\u00a0\u00a0 <\/strong><strong>DNI terminados en 8 y 9: 28 de octubre<\/strong><\/p>\n","protected":false},"excerpt":{"rendered":"<p>ANSES comunica los calendarios de pagos de octubre para jubiladas, jubilados, pensionadas y pensionados, Pensiones No Contributivas, titulares de la<\/p>\n","protected":false},"author":3,"featured_media":20607,"comment_status":"open","ping_status":"open","sticky":false,"template":"","format":"standard","meta":{"colormag_page_container_layout":"default_layout","colormag_page_sidebar_layout":"default_layout","footnotes":""},"categories":[1],"tags":[],"class_list":["post-41234","post","type-post","status-publish","format-standard","has-post-thumbnail","hentry","category-actualidad"],"_links":{"self":[{"href":"https:\/\/grupotiempodigital.com.ar\/index.php?rest_route=\/wp\/v2\/posts\/41234","targetHints":{"allow":["GET"]}}],"collection":[{"href":"https:\/\/grupotiempodigital.com.ar\/index.php?rest_route=\/wp\/v2\/posts"}],"about":[{"href":"https:\/\/grupotiempodigital.com.ar\/index.php?rest_route=\/wp\/v2\/types\/post"}],"author":[{"embeddable":true,"href":"https:\/\/grupotiempodigital.com.ar\/index.php?rest_route=\/wp\/v2\/users\/3"}],"replies":[{"embeddable":true,"href":"https:\/\/grupotiempodigital.com.ar\/index.php?rest_route=%2Fwp%2Fv2%2Fcomments&post=41234"}],"version-history":[{"count":2,"href":"https:\/\/grupotiempodigital.com.ar\/index.php?rest_route=\/wp\/v2\/posts\/41234\/revisions"}],"predecessor-version":[{"id":41236,"href":"https:\/\/grupotiempodigital.com.ar\/index.php?rest_route=\/wp\/v2\/posts\/41234\/revisions\/41236"}],"wp:featuredmedia":[{"embeddable":true,"href":"https:\/\/grupotiempodigital.com.ar\/index.php?rest_route=\/wp\/v2\/media\/20607"}],"wp:attachment":[{"href":"https:\/\/grupotiempodigital.com.ar\/index.php?rest_route=%2Fwp%2Fv2%2Fmedia&parent=41234"}],"wp:term":[{"taxonomy":"category","embeddable":true,"href":"https:\/\/grupotiempodigital.com.ar\/index.php?rest_route=%2Fwp%2Fv2%2Fcategories&post=41234"},{"taxonomy":"post_tag","embeddable":true,"href":"https:\/\/grupotiempodigital.com.ar\/index.php?rest_route=%2Fwp%2Fv2%2Ftags&post=41234"}],"curies":[{"name":"wp","href":"https:\/\/api.w.org\/{rel}","templated":true}]}}