{"id":41219,"date":"2022-09-29T14:41:30","date_gmt":"2022-09-29T17:41:30","guid":{"rendered":"https:\/\/grupotiempodigital.com.ar\/?p=41219"},"modified":"2022-09-29T14:41:30","modified_gmt":"2022-09-29T17:41:30","slug":"auto-a-estrenar-y-muchos-rancheros-en-dolores","status":"publish","type":"post","link":"https:\/\/grupotiempodigital.com.ar\/?p=41219","title":{"rendered":"AUTO A ESTRENAR Y MUCHOS RANCHEROS EN DOLORES."},"content":{"rendered":"<p>Desde el viernes pr\u00f3ximo, la ciudad de Dolores recibir\u00e1 una nueva fecha puntuable del Rally Mar y Sierras, ser\u00e1 la s\u00e9ptima del calendario. Hasta all\u00ed llegar\u00e1n pilotos, navegantes y mec\u00e1nicos de nuestro distrito para tomar parte de la prueba.<br \/>\nEn ese marco se destaca el estreno del Gol de la clase N7 propiedad de Pedro Macchi, qui\u00e9n junto a su hijo Franco integran el binomio. Un auto nacido y desarrollado totalmente en el LTCompetici\u00f3n de Jos\u00e9 Lamarque, que contar\u00e1 adem\u00e1s con impulsor de \u201cBucky\u201d Greco.<br \/>\nDe esta manera llega la oportunidad de poner en carrera este auto que ha llevado un importante esfuerzo y dedicaci\u00f3n, no solo para su propietario, sino para todo el equipo.<br \/>\nAdem\u00e1s del \u201cLos Macchi\u201d, tambi\u00e9n dar\u00e1n el presente Nunzio Vernaci con Lucas Diaz en la clase A; Oscar Ferreyra y Oscar Villano en la N1. Mientras que Tadeo Della Vedova volver\u00e1 a ocupar la butaca derecha del Gol N7 de Jos\u00e9 Lacopolla. Los punteros del campeonato de la A Hist\u00f3rica Francisco Vernaci y Lisandro Santi, tambi\u00e9n tienen alistado el R18 para seguir dando pelea. Todos bajo la estructura del \u201cTosca\u201d.<br \/>\nOtro importante y esperado retorno es el de Pedro Perez que tendr\u00e1 a Alejandro Jodar como acompa\u00f1ante en el habit\u00e1culo derecho, para ser parte de la clase N1 con el Gol de su propiedad.<br \/>\nLos hermanos Braian y Yamina Ferreyra estar\u00e1n junto a Omar Rodriguez y Federico Vizcay. Brain lo har\u00e1 sobre el clio de la clase Junior; mientras que \u201cYami\u201d estar\u00e1 sobre el Ka de la clase N1.<br \/>\nLa actividad dar\u00e1 inicio el viernes con el Shakedown (pruebas libres) a partir de las 14,00 horas. Posteriormente en las calles Castelli y San Mart\u00edn se realizar\u00e1 el parque de presentaci\u00f3n de los m\u00e1s de 70 autos anotados para participar y a las 19,30 horas frente al Palacio Municipal se llevar\u00e1 a cabo la largada promocional que adem\u00e1s contar\u00e1 con distintas actividades organizadas por el municipio anfitri\u00f3n.<br \/>\nEl s\u00e1bado la primera prueba especial \u201cSol de Mayo-Al Ver Ver\u00e1s\u201d se largar\u00e1 a las 10,43, repitiendo a las 13,49. Por su parte el \u201cAut\u00f3dromo\u201d se correr\u00e1 a las 11,41 y 14,47 respectivamente.<br \/>\nLa segunda etapa se iniciar\u00e1 a las 9,08 del domingo sobre el recorrido m\u00e1s extenso, volviendo a correr a las 12,14; as\u00ed mismo en el circuito los horarios previstos para las pruebas especiales ser\u00e1n, a las 10,06 y 13,12 horas.<\/p>\n<p><strong>Informe de Marcelo Robertson\u00a0<\/strong><\/p>\n<p><strong>Auspiciado por CEFA SRL: Acopio de Cereales<\/strong><\/p>\n<div id='gallery-1' class='gallery galleryid-41219 gallery-columns-2 gallery-size-full'><figure class='gallery-item'>\n\t\t\t<div class='gallery-icon landscape'>\n\t\t\t\t<a href='https:\/\/grupotiempodigital.com.ar\/?attachment_id=41228'><img loading=\"lazy\" decoding=\"async\" width=\"1280\" height=\"720\" src=\"https:\/\/grupotiempodigital.com.ar\/wp-content\/uploads\/2022\/09\/Rally-Dolores-2909_06.jpeg\" class=\"attachment-full size-full\" alt=\"\" srcset=\"https:\/\/grupotiempodigital.com.ar\/wp-content\/uploads\/2022\/09\/Rally-Dolores-2909_06.jpeg 1280w, https:\/\/grupotiempodigital.com.ar\/wp-content\/uploads\/2022\/09\/Rally-Dolores-2909_06-300x169.jpeg 300w, https:\/\/grupotiempodigital.com.ar\/wp-content\/uploads\/2022\/09\/Rally-Dolores-2909_06-1024x576.jpeg 1024w, https:\/\/grupotiempodigital.com.ar\/wp-content\/uploads\/2022\/09\/Rally-Dolores-2909_06-768x432.jpeg 768w, https:\/\/grupotiempodigital.com.ar\/wp-content\/uploads\/2022\/09\/Rally-Dolores-2909_06-1140x641.jpeg 1140w, https:\/\/grupotiempodigital.com.ar\/wp-content\/uploads\/2022\/09\/Rally-Dolores-2909_06-720x405.jpeg 720w\" sizes=\"auto, (max-width: 1280px) 100vw, 1280px\" \/><\/a>\n\t\t\t<\/div><\/figure><figure class='gallery-item'>\n\t\t\t<div class='gallery-icon landscape'>\n\t\t\t\t<a href='https:\/\/grupotiempodigital.com.ar\/?attachment_id=41227'><img loading=\"lazy\" decoding=\"async\" width=\"1280\" height=\"720\" src=\"https:\/\/grupotiempodigital.com.ar\/wp-content\/uploads\/2022\/09\/Rally-Dolores-2909_05.jpeg\" class=\"attachment-full size-full\" alt=\"\" srcset=\"https:\/\/grupotiempodigital.com.ar\/wp-content\/uploads\/2022\/09\/Rally-Dolores-2909_05.jpeg 1280w, https:\/\/grupotiempodigital.com.ar\/wp-content\/uploads\/2022\/09\/Rally-Dolores-2909_05-300x169.jpeg 300w, https:\/\/grupotiempodigital.com.ar\/wp-content\/uploads\/2022\/09\/Rally-Dolores-2909_05-1024x576.jpeg 1024w, https:\/\/grupotiempodigital.com.ar\/wp-content\/uploads\/2022\/09\/Rally-Dolores-2909_05-768x432.jpeg 768w, https:\/\/grupotiempodigital.com.ar\/wp-content\/uploads\/2022\/09\/Rally-Dolores-2909_05-1140x641.jpeg 1140w, https:\/\/grupotiempodigital.com.ar\/wp-content\/uploads\/2022\/09\/Rally-Dolores-2909_05-720x405.jpeg 720w\" sizes=\"auto, (max-width: 1280px) 100vw, 1280px\" \/><\/a>\n\t\t\t<\/div><\/figure><figure class='gallery-item'>\n\t\t\t<div class='gallery-icon landscape'>\n\t\t\t\t<a href='https:\/\/grupotiempodigital.com.ar\/?attachment_id=41226'><img loading=\"lazy\" decoding=\"async\" width=\"1280\" height=\"720\" src=\"https:\/\/grupotiempodigital.com.ar\/wp-content\/uploads\/2022\/09\/Rally-Dolores-2909_04.jpeg\" class=\"attachment-full size-full\" alt=\"\" srcset=\"https:\/\/grupotiempodigital.com.ar\/wp-content\/uploads\/2022\/09\/Rally-Dolores-2909_04.jpeg 1280w, https:\/\/grupotiempodigital.com.ar\/wp-content\/uploads\/2022\/09\/Rally-Dolores-2909_04-300x169.jpeg 300w, https:\/\/grupotiempodigital.com.ar\/wp-content\/uploads\/2022\/09\/Rally-Dolores-2909_04-1024x576.jpeg 1024w, https:\/\/grupotiempodigital.com.ar\/wp-content\/uploads\/2022\/09\/Rally-Dolores-2909_04-768x432.jpeg 768w, https:\/\/grupotiempodigital.com.ar\/wp-content\/uploads\/2022\/09\/Rally-Dolores-2909_04-1140x641.jpeg 1140w, https:\/\/grupotiempodigital.com.ar\/wp-content\/uploads\/2022\/09\/Rally-Dolores-2909_04-720x405.jpeg 720w\" sizes=\"auto, (max-width: 1280px) 100vw, 1280px\" \/><\/a>\n\t\t\t<\/div><\/figure><figure class='gallery-item'>\n\t\t\t<div class='gallery-icon landscape'>\n\t\t\t\t<a href='https:\/\/grupotiempodigital.com.ar\/?attachment_id=41225'><img loading=\"lazy\" decoding=\"async\" width=\"1280\" height=\"720\" src=\"https:\/\/grupotiempodigital.com.ar\/wp-content\/uploads\/2022\/09\/Rally-Dolores-2909_03.jpeg\" class=\"attachment-full size-full\" alt=\"\" srcset=\"https:\/\/grupotiempodigital.com.ar\/wp-content\/uploads\/2022\/09\/Rally-Dolores-2909_03.jpeg 1280w, https:\/\/grupotiempodigital.com.ar\/wp-content\/uploads\/2022\/09\/Rally-Dolores-2909_03-300x169.jpeg 300w, https:\/\/grupotiempodigital.com.ar\/wp-content\/uploads\/2022\/09\/Rally-Dolores-2909_03-1024x576.jpeg 1024w, https:\/\/grupotiempodigital.com.ar\/wp-content\/uploads\/2022\/09\/Rally-Dolores-2909_03-768x432.jpeg 768w, https:\/\/grupotiempodigital.com.ar\/wp-content\/uploads\/2022\/09\/Rally-Dolores-2909_03-1140x641.jpeg 1140w, https:\/\/grupotiempodigital.com.ar\/wp-content\/uploads\/2022\/09\/Rally-Dolores-2909_03-720x405.jpeg 720w\" sizes=\"auto, (max-width: 1280px) 100vw, 1280px\" \/><\/a>\n\t\t\t<\/div><\/figure><figure class='gallery-item'>\n\t\t\t<div class='gallery-icon landscape'>\n\t\t\t\t<a href='https:\/\/grupotiempodigital.com.ar\/?attachment_id=41224'><img loading=\"lazy\" decoding=\"async\" width=\"1280\" height=\"720\" src=\"https:\/\/grupotiempodigital.com.ar\/wp-content\/uploads\/2022\/09\/Rally-Dolores-2909_02.jpeg\" class=\"attachment-full size-full\" alt=\"\" srcset=\"https:\/\/grupotiempodigital.com.ar\/wp-content\/uploads\/2022\/09\/Rally-Dolores-2909_02.jpeg 1280w, https:\/\/grupotiempodigital.com.ar\/wp-content\/uploads\/2022\/09\/Rally-Dolores-2909_02-300x169.jpeg 300w, https:\/\/grupotiempodigital.com.ar\/wp-content\/uploads\/2022\/09\/Rally-Dolores-2909_02-1024x576.jpeg 1024w, https:\/\/grupotiempodigital.com.ar\/wp-content\/uploads\/2022\/09\/Rally-Dolores-2909_02-768x432.jpeg 768w, https:\/\/grupotiempodigital.com.ar\/wp-content\/uploads\/2022\/09\/Rally-Dolores-2909_02-1140x641.jpeg 1140w, https:\/\/grupotiempodigital.com.ar\/wp-content\/uploads\/2022\/09\/Rally-Dolores-2909_02-720x405.jpeg 720w\" sizes=\"auto, (max-width: 1280px) 100vw, 1280px\" \/><\/a>\n\t\t\t<\/div><\/figure><figure class='gallery-item'>\n\t\t\t<div class='gallery-icon landscape'>\n\t\t\t\t<a href='https:\/\/grupotiempodigital.com.ar\/?attachment_id=41223'><img loading=\"lazy\" decoding=\"async\" width=\"1280\" height=\"720\" src=\"https:\/\/grupotiempodigital.com.ar\/wp-content\/uploads\/2022\/09\/Rally-Dolores-2909_01.jpeg\" class=\"attachment-full size-full\" alt=\"\" srcset=\"https:\/\/grupotiempodigital.com.ar\/wp-content\/uploads\/2022\/09\/Rally-Dolores-2909_01.jpeg 1280w, https:\/\/grupotiempodigital.com.ar\/wp-content\/uploads\/2022\/09\/Rally-Dolores-2909_01-300x169.jpeg 300w, https:\/\/grupotiempodigital.com.ar\/wp-content\/uploads\/2022\/09\/Rally-Dolores-2909_01-1024x576.jpeg 1024w, https:\/\/grupotiempodigital.com.ar\/wp-content\/uploads\/2022\/09\/Rally-Dolores-2909_01-768x432.jpeg 768w, https:\/\/grupotiempodigital.com.ar\/wp-content\/uploads\/2022\/09\/Rally-Dolores-2909_01-1140x641.jpeg 1140w, https:\/\/grupotiempodigital.com.ar\/wp-content\/uploads\/2022\/09\/Rally-Dolores-2909_01-720x405.jpeg 720w\" sizes=\"auto, (max-width: 1280px) 100vw, 1280px\" \/><\/a>\n\t\t\t<\/div><\/figure><figure class='gallery-item'>\n\t\t\t<div class='gallery-icon landscape'>\n\t\t\t\t<a href='https:\/\/grupotiempodigital.com.ar\/?attachment_id=41222'><img loading=\"lazy\" decoding=\"async\" width=\"1266\" height=\"917\" src=\"https:\/\/grupotiempodigital.com.ar\/wp-content\/uploads\/2022\/09\/Rally-Dolores-2909_08.jpeg\" class=\"attachment-full size-full\" alt=\"\" srcset=\"https:\/\/grupotiempodigital.com.ar\/wp-content\/uploads\/2022\/09\/Rally-Dolores-2909_08.jpeg 1266w, https:\/\/grupotiempodigital.com.ar\/wp-content\/uploads\/2022\/09\/Rally-Dolores-2909_08-300x217.jpeg 300w, https:\/\/grupotiempodigital.com.ar\/wp-content\/uploads\/2022\/09\/Rally-Dolores-2909_08-1024x742.jpeg 1024w, https:\/\/grupotiempodigital.com.ar\/wp-content\/uploads\/2022\/09\/Rally-Dolores-2909_08-768x556.jpeg 768w\" sizes=\"auto, (max-width: 1266px) 100vw, 1266px\" \/><\/a>\n\t\t\t<\/div><\/figure><figure class='gallery-item'>\n\t\t\t<div class='gallery-icon landscape'>\n\t\t\t\t<a href='https:\/\/grupotiempodigital.com.ar\/?attachment_id=41221'><img loading=\"lazy\" decoding=\"async\" width=\"1280\" height=\"720\" src=\"https:\/\/grupotiempodigital.com.ar\/wp-content\/uploads\/2022\/09\/Rally-Dolores-2909_07.jpeg\" class=\"attachment-full size-full\" alt=\"\" srcset=\"https:\/\/grupotiempodigital.com.ar\/wp-content\/uploads\/2022\/09\/Rally-Dolores-2909_07.jpeg 1280w, https:\/\/grupotiempodigital.com.ar\/wp-content\/uploads\/2022\/09\/Rally-Dolores-2909_07-300x169.jpeg 300w, https:\/\/grupotiempodigital.com.ar\/wp-content\/uploads\/2022\/09\/Rally-Dolores-2909_07-1024x576.jpeg 1024w, https:\/\/grupotiempodigital.com.ar\/wp-content\/uploads\/2022\/09\/Rally-Dolores-2909_07-768x432.jpeg 768w, https:\/\/grupotiempodigital.com.ar\/wp-content\/uploads\/2022\/09\/Rally-Dolores-2909_07-1140x641.jpeg 1140w, https:\/\/grupotiempodigital.com.ar\/wp-content\/uploads\/2022\/09\/Rally-Dolores-2909_07-720x405.jpeg 720w\" sizes=\"auto, (max-width: 1280px) 100vw, 1280px\" \/><\/a>\n\t\t\t<\/div><\/figure>\n\t\t<\/div>\n\n","protected":false},"excerpt":{"rendered":"<p>Desde el viernes pr\u00f3ximo, la ciudad de Dolores recibir\u00e1 una nueva fecha puntuable del Rally Mar y Sierras, ser\u00e1 la<\/p>\n","protected":false},"author":3,"featured_media":41223,"comment_status":"open","ping_status":"open","sticky":false,"template":"","format":"standard","meta":{"colormag_page_container_layout":"default_layout","colormag_page_sidebar_layout":"default_layout","footnotes":""},"categories":[1,5,38],"tags":[],"class_list":["post-41219","post","type-post","status-publish","format-standard","has-post-thumbnail","hentry","category-actualidad","category-deportivas","category-destacadas"],"_links":{"self":[{"href":"https:\/\/grupotiempodigital.com.ar\/index.php?rest_route=\/wp\/v2\/posts\/41219","targetHints":{"allow":["GET"]}}],"collection":[{"href":"https:\/\/grupotiempodigital.com.ar\/index.php?rest_route=\/wp\/v2\/posts"}],"about":[{"href":"https:\/\/grupotiempodigital.com.ar\/index.php?rest_route=\/wp\/v2\/types\/post"}],"author":[{"embeddable":true,"href":"https:\/\/grupotiempodigital.com.ar\/index.php?rest_route=\/wp\/v2\/users\/3"}],"replies":[{"embeddable":true,"href":"https:\/\/grupotiempodigital.com.ar\/index.php?rest_route=%2Fwp%2Fv2%2Fcomments&post=41219"}],"version-history":[{"count":2,"href":"https:\/\/grupotiempodigital.com.ar\/index.php?rest_route=\/wp\/v2\/posts\/41219\/revisions"}],"predecessor-version":[{"id":41229,"href":"https:\/\/grupotiempodigital.com.ar\/index.php?rest_route=\/wp\/v2\/posts\/41219\/revisions\/41229"}],"wp:featuredmedia":[{"embeddable":true,"href":"https:\/\/grupotiempodigital.com.ar\/index.php?rest_route=\/wp\/v2\/media\/41223"}],"wp:attachment":[{"href":"https:\/\/grupotiempodigital.com.ar\/index.php?rest_route=%2Fwp%2Fv2%2Fmedia&parent=41219"}],"wp:term":[{"taxonomy":"category","embeddable":true,"href":"https:\/\/grupotiempodigital.com.ar\/index.php?rest_route=%2Fwp%2Fv2%2Fcategories&post=41219"},{"taxonomy":"post_tag","embeddable":true,"href":"https:\/\/grupotiempodigital.com.ar\/index.php?rest_route=%2Fwp%2Fv2%2Ftags&post=41219"}],"curies":[{"name":"wp","href":"https:\/\/api.w.org\/{rel}","templated":true}]}}