{"id":41214,"date":"2022-09-29T13:28:10","date_gmt":"2022-09-29T16:28:10","guid":{"rendered":"https:\/\/grupotiempodigital.com.ar\/?p=41214"},"modified":"2022-09-29T18:08:18","modified_gmt":"2022-09-29T21:08:18","slug":"luego-de-su-victoria-del-sabado-celeste-chuky-alaniz-hablo-en-tiempo","status":"publish","type":"post","link":"https:\/\/grupotiempodigital.com.ar\/?p=41214","title":{"rendered":"Luego de su victoria del Sabado Celeste \u00abChuky\u00bb Alaniz hablo en TIEMPO"},"content":{"rendered":"<p>El p\u00e1sado sabado Celeste Alaniz vencio a la venezolana D\u00e9bora Rengifo en la primera defensa de su titulo como campeona mundial mosca de la Organizaci\u00f3n Mundial de Boxeo (OMB). En la ma\u00f1ana de este jueves Alaniz dialogo en TIEMPO DE RADIO, sobre su presente boxistico<\/p>\n<p>Escuchar entrevista completa<br \/>\n<iframe loading=\"lazy\" src=\"https:\/\/drive.google.com\/file\/d\/1DX15MyRJqP7X9ax_-RMPKMUxcgtYoh-N\/preview\" width=\"640\" height=\"80\"><\/iframe><\/p>\n","protected":false},"excerpt":{"rendered":"<p>El p\u00e1sado sabado Celeste Alaniz vencio a la venezolana D\u00e9bora Rengifo en la primera defensa de su titulo como campeona<\/p>\n","protected":false},"author":3,"featured_media":41232,"comment_status":"open","ping_status":"open","sticky":false,"template":"","format":"standard","meta":{"colormag_page_container_layout":"default_layout","colormag_page_sidebar_layout":"default_layout","footnotes":""},"categories":[1,38,43],"tags":[],"class_list":["post-41214","post","type-post","status-publish","format-standard","has-post-thumbnail","hentry","category-actualidad","category-destacadas","category-notas-con-audio"],"_links":{"self":[{"href":"https:\/\/grupotiempodigital.com.ar\/index.php?rest_route=\/wp\/v2\/posts\/41214","targetHints":{"allow":["GET"]}}],"collection":[{"href":"https:\/\/grupotiempodigital.com.ar\/index.php?rest_route=\/wp\/v2\/posts"}],"about":[{"href":"https:\/\/grupotiempodigital.com.ar\/index.php?rest_route=\/wp\/v2\/types\/post"}],"author":[{"embeddable":true,"href":"https:\/\/grupotiempodigital.com.ar\/index.php?rest_route=\/wp\/v2\/users\/3"}],"replies":[{"embeddable":true,"href":"https:\/\/grupotiempodigital.com.ar\/index.php?rest_route=%2Fwp%2Fv2%2Fcomments&post=41214"}],"version-history":[{"count":3,"href":"https:\/\/grupotiempodigital.com.ar\/index.php?rest_route=\/wp\/v2\/posts\/41214\/revisions"}],"predecessor-version":[{"id":41233,"href":"https:\/\/grupotiempodigital.com.ar\/index.php?rest_route=\/wp\/v2\/posts\/41214\/revisions\/41233"}],"wp:featuredmedia":[{"embeddable":true,"href":"https:\/\/grupotiempodigital.com.ar\/index.php?rest_route=\/wp\/v2\/media\/41232"}],"wp:attachment":[{"href":"https:\/\/grupotiempodigital.com.ar\/index.php?rest_route=%2Fwp%2Fv2%2Fmedia&parent=41214"}],"wp:term":[{"taxonomy":"category","embeddable":true,"href":"https:\/\/grupotiempodigital.com.ar\/index.php?rest_route=%2Fwp%2Fv2%2Fcategories&post=41214"},{"taxonomy":"post_tag","embeddable":true,"href":"https:\/\/grupotiempodigital.com.ar\/index.php?rest_route=%2Fwp%2Fv2%2Ftags&post=41214"}],"curies":[{"name":"wp","href":"https:\/\/api.w.org\/{rel}","templated":true}]}}