{"id":40904,"date":"2022-09-13T08:39:09","date_gmt":"2022-09-13T11:39:09","guid":{"rendered":"https:\/\/grupotiempodigital.com.ar\/?p=40904"},"modified":"2022-09-13T09:59:01","modified_gmt":"2022-09-13T12:59:01","slug":"la-jefatura-de-policia-de-seguridad-comunal-gral-paz-informa-9","status":"publish","type":"post","link":"https:\/\/grupotiempodigital.com.ar\/?p=40904","title":{"rendered":"LA JEFATURA DE POLIC\u00cdA DE SEGURIDAD COMUNAL GRAL. PAZ INFORMA:"},"content":{"rendered":"<p>Se informa a los medios de comunicaci\u00f3n que con fecha 10\/09\/2022 se recepciona denuncia penal a un ciudadano que en atenci\u00f3n al p\u00fablico en un conocido local comercial de este medio sito en Av. Campomar, result\u00f3 ser v\u00edctima del hurto de su tel\u00e9fono celular vali\u00e9ndose el delincuente de un descuido del trabajador. Se re\u00fanen pruebas f\u00edlmicas y se establece la autor\u00eda del hecho caratulado Hurto, en la cual toma intervenci\u00f3n UFID Brandsen, siendo que dicho sujeto ya cuenta con otros delitos contra la propiedad en su haber. debiendo comparecer el aprehendido a sede judicial a primera audiencia.<\/p>\n<p>Asimismo con fecha 12\/09\/2022 se procedi\u00f3 al secuestro de autom\u00f3vil marca Volkswagen Gol Trend, el cual pose\u00eda pedido de secuestro activo de fecha 09\/04\/2022 por la car\u00e1tula de Hurto Agravado de Veh\u00edculo Dejado en la V\u00eda P\u00fablica, el cual hab\u00eda sido sustraido en la localidad de Villa Ponzatti, Partido de La Plata, poniendo al sujeto tenedor del rodado como tambi\u00e9n <span lang=\"ES-AR\" style=\"font-size: 12.0pt; font-family: Arial;\">autom\u00f3vil a disposici\u00f3n de la Fiscal\u00eda requirente del Dpto. Judicial La Plata.<\/span><\/p>\n<p><a href=\"https:\/\/grupotiempodigital.com.ar\/wp-content\/uploads\/2022\/05\/Lucas-Andersen-Firma.jpg\"><img loading=\"lazy\" decoding=\"async\" class=\"aligncenter size-full wp-image-39238\" src=\"https:\/\/grupotiempodigital.com.ar\/wp-content\/uploads\/2022\/05\/Lucas-Andersen-Firma.jpg\" alt=\"\" width=\"270\" height=\"309\" srcset=\"https:\/\/grupotiempodigital.com.ar\/wp-content\/uploads\/2022\/05\/Lucas-Andersen-Firma.jpg 270w, https:\/\/grupotiempodigital.com.ar\/wp-content\/uploads\/2022\/05\/Lucas-Andersen-Firma-262x300.jpg 262w\" sizes=\"auto, (max-width: 270px) 100vw, 270px\" \/><\/a><\/p>\n","protected":false},"excerpt":{"rendered":"<p>Se informa a los medios de comunicaci\u00f3n que con fecha 10\/09\/2022 se recepciona denuncia penal a un ciudadano que en<\/p>\n","protected":false},"author":3,"featured_media":35577,"comment_status":"open","ping_status":"open","sticky":false,"template":"","format":"standard","meta":{"colormag_page_container_layout":"default_layout","colormag_page_sidebar_layout":"default_layout","footnotes":""},"categories":[1,38],"tags":[],"class_list":["post-40904","post","type-post","status-publish","format-standard","has-post-thumbnail","hentry","category-actualidad","category-destacadas"],"_links":{"self":[{"href":"https:\/\/grupotiempodigital.com.ar\/index.php?rest_route=\/wp\/v2\/posts\/40904","targetHints":{"allow":["GET"]}}],"collection":[{"href":"https:\/\/grupotiempodigital.com.ar\/index.php?rest_route=\/wp\/v2\/posts"}],"about":[{"href":"https:\/\/grupotiempodigital.com.ar\/index.php?rest_route=\/wp\/v2\/types\/post"}],"author":[{"embeddable":true,"href":"https:\/\/grupotiempodigital.com.ar\/index.php?rest_route=\/wp\/v2\/users\/3"}],"replies":[{"embeddable":true,"href":"https:\/\/grupotiempodigital.com.ar\/index.php?rest_route=%2Fwp%2Fv2%2Fcomments&post=40904"}],"version-history":[{"count":3,"href":"https:\/\/grupotiempodigital.com.ar\/index.php?rest_route=\/wp\/v2\/posts\/40904\/revisions"}],"predecessor-version":[{"id":40907,"href":"https:\/\/grupotiempodigital.com.ar\/index.php?rest_route=\/wp\/v2\/posts\/40904\/revisions\/40907"}],"wp:featuredmedia":[{"embeddable":true,"href":"https:\/\/grupotiempodigital.com.ar\/index.php?rest_route=\/wp\/v2\/media\/35577"}],"wp:attachment":[{"href":"https:\/\/grupotiempodigital.com.ar\/index.php?rest_route=%2Fwp%2Fv2%2Fmedia&parent=40904"}],"wp:term":[{"taxonomy":"category","embeddable":true,"href":"https:\/\/grupotiempodigital.com.ar\/index.php?rest_route=%2Fwp%2Fv2%2Fcategories&post=40904"},{"taxonomy":"post_tag","embeddable":true,"href":"https:\/\/grupotiempodigital.com.ar\/index.php?rest_route=%2Fwp%2Fv2%2Ftags&post=40904"}],"curies":[{"name":"wp","href":"https:\/\/api.w.org\/{rel}","templated":true}]}}